{"id":70183,"date":"2016-02-02T09:28:27","date_gmt":"2016-02-02T08:28:27","guid":{"rendered":"http:\/\/www.sme-d.se\/?p=70183"},"modified":"2016-02-02T09:28:27","modified_gmt":"2016-02-02T08:28:27","slug":"fordjupningsseminarium-logistik","status":"publish","type":"post","link":"https:\/\/sme-d.se\/en\/2016\/02\/fordjupningsseminarium-logistik\/","title":{"rendered":"In-depth seminar"},"content":{"rendered":"<p>The aim of the seminars is to provide a deeper understanding and knowledge of current issues and needs within seven different sub-areas. Detailed programs for the seminars are posted on <a href=\"http:\/\/www.soff.se\" target=\"_blank\" rel=\"noopener\">www.soff.se<\/a> under the heading calendar at the beginning of week 4.<\/p>\n<p><strong>Army (SPL) \u2013 Tuesday, February 9th at 9:00 a.m.-12:00 p.m.<\/strong><br \/>\nThe seminar contains a status update regarding the transformation of Defense Logistics, a description of the most important consequences for the Army&#039;s materiel and logistics supply due to defense policy direction decisions, and an overall picture of ongoing and upcoming procurements.<\/p>\n<p><strong>Logistics (SPL) \u2013 Tuesday, February 9, 1:00 PM\u20134:00 PM<\/strong><br \/>\nThe Logistics In-depth Seminar will use the changing global and threat landscape as a starting point to initially discuss security of supply issues, the transatlantic link and the responsibility of suppliers. This will then present supply chains in peace, crisis and war, future distribution and supply principles for the Armed Forces&#039; needs and the supply of transport solutions at higher readiness levels. Finally, ongoing and upcoming procurements within the logistics area will be reported.<\/p>\n<p><strong>Marine (SPL) \u2013 Wednesday 10 February 9:00\u201312:00<\/strong><br \/>\nFMV\/SPL Navy and the Swedish Armed Forces present the Navy today and the way forward. It is about the need for greater materiel development in the longer term and greater acquisitions in the shorter term. The seminar will conclude with a session covering FMV&#039;s view on the shift in the interface with industry, the importance of international materiel cooperation and a closing dialogue.<\/p>\n<p><strong>Flight (SPL) \u2013 Wednesday, February 10, 1:00 PM-4:00 PM<\/strong><br \/>\nAt the seminar, the new organization of the Swedish Air Force, both aircraft and base systems, with today&#039;s and tomorrow&#039;s requirements for acquisitions, availability, etc. will be presented. Furthermore, the distribution of technical responsibility and the distribution between the Armed Forces, the Swedish Defence Materiel Administration and industry regarding the implementation of maintenance will be presented, as well as how the changes to the RML may affect this. FMV&#039;s tasks in export issues will also be discussed.<\/p>\n<p><strong>Management (SPL) \u2013 Thursday, February 11, 9:00 a.m.-12:00 p.m.<\/strong><br \/>\nSPL Led will highlight the situation in the management system area and give examples of some long-term equipment projects. AL Led will talk about acquisitions in the shorter term. FOI will also provide information about its research and FMV M&amp;I will give its view on procurement activities in the area.<\/p>\n<p><strong>Personnel (Defense Forces) \u2013 Wednesday 17 February 9:00-12:00<\/strong><br \/>\nThe Swedish Armed Forces&#039; personnel supply - opportunity to create synergies by attracting and recruiting together. The seminar includes lectures, presentation of the IBM business case and a workshop.<\/p>\n<p><strong>Commercial (M&amp;I) \u2013 Thursday, February 18, 9:00 AM \u2013 4:00 PM<\/strong><br \/>\nDefence equipment procurement in a national and international perspective, Achieving a clearer and better picture of requirements and Strategy within technical consultants.<\/p>\n<p><strong>Registration<\/strong><br \/>\nRegister here by February 3rd. If you cancel after February 3rd, there will be no refund of the fee.<br \/>\nHowever, it is possible for a colleague to substitute if the person normally registered is unable to attend.<br \/>\nLocation: Teknikf\u00f6retagen, Storgatan 5, Stockholm<br \/>\nCost for SOFF\/SME-D member &amp; authority: SEK 250\/person and seminar, Commercial passport SEK 500\/person.<br \/>\nCost for other companies: 550 SEK\/person and seminar, Commercial passport 800 SEK\/person.<br \/>\nAfter the morning session, there is an opportunity for continued discussion over a simple lunch. Those planning to participate in the afternoon session are also welcome to the lunch. The cost of lunch and coffee breaks during the break is included in the price of the seminar. Please indicate in your registration if you would like lunch.<\/p>\n<p>Welcome!<br \/>\nJohan Svensson, FMV<br \/>\nThomas Engevall, Swedish Armed Forces<br \/>\nRobert Limmerg\u00e5rd, SOFF<br \/>\nFredrik Svedberg, SME-D<\/p>","protected":false},"excerpt":{"rendered":"<p>The aim of the seminars is to provide a deeper understanding and knowledge of current issues and needs within seven different sub-areas. Detailed programs for the seminars are posted on www.soff.se under the heading calendar at the beginning of week 4. Army (SPL) \u2013 Tuesday 9 February at 09.00-12.00 The seminar contains a status update regarding the transformation of Defence Logistics, a description of the [\u2026]<\/p>","protected":false},"author":2,"featured_media":0,"comment_status":"open","ping_status":"open","sticky":false,"template":"","format":"standard","meta":{"footnotes":""},"categories":[1],"tags":[],"class_list":["post-70183","post","type-post","status-publish","format-standard","hentry","category-okategoriserade"],"acf":[],"yoast_head":"<!-- This site is optimized with the Yoast SEO plugin v27.5 - https:\/\/yoast.com\/product\/yoast-seo-wordpress\/ -->\n<title>F\u00f6rdjupningsseminarium - SME-D<\/title>\n<meta name=\"robots\" content=\"index, follow, max-snippet:-1, max-image-preview:large, max-video-preview:-1\" \/>\n<link rel=\"canonical\" href=\"https:\/\/sme-d.se\/en\/2016\/02\/fordjupningsseminarium-logistik\/\" \/>\n<meta property=\"og:locale\" content=\"en_US\" \/>\n<meta property=\"og:type\" content=\"article\" \/>\n<meta property=\"og:title\" content=\"F\u00f6rdjupningsseminarium - SME-D\" \/>\n<meta property=\"og:description\" content=\"Syftet med seminarierna \u00e4r att ge en djupare f\u00f6rst\u00e5else och kunskap om aktuella fr\u00e5gor och behov inom sju olika delomr\u00e5den. Detaljerade program f\u00f6r seminarierna l\u00e4ggs upp p\u00e5 www.soff.se under rubriken kalendarium i b\u00f6rjan av vecka 4. Arm\u00e9 (SPL) \u2013 tisdag 9 februari kl. 09.00-12.00 Seminariet inneh\u00e5ller en l\u00e4gesuppdatering avseende omdaning F\u00f6rsvarslogistik, en beskrivning av de [&hellip;]\" \/>\n<meta property=\"og:url\" content=\"https:\/\/sme-d.se\/en\/2016\/02\/fordjupningsseminarium-logistik\/\" \/>\n<meta property=\"og:site_name\" content=\"SME-D\" \/>\n<meta property=\"article:published_time\" content=\"2016-02-02T08:28:27+00:00\" \/>\n<meta name=\"author\" content=\"hamid.ershad@tebab.com\" \/>\n<meta name=\"twitter:card\" content=\"summary_large_image\" \/>\n<meta name=\"twitter:label1\" content=\"Written by\" \/>\n\t<meta name=\"twitter:data1\" content=\"hamid.ershad@tebab.com\" \/>\n\t<meta name=\"twitter:label2\" content=\"Est. reading time\" \/>\n\t<meta name=\"twitter:data2\" content=\"3 minutes\" \/>\n<script type=\"application\/ld+json\" class=\"yoast-schema-graph\">{\"@context\":\"https:\\\/\\\/schema.org\",\"@graph\":[{\"@type\":\"Article\",\"@id\":\"https:\\\/\\\/sme-d.se\\\/2016\\\/02\\\/fordjupningsseminarium-logistik\\\/#article\",\"isPartOf\":{\"@id\":\"https:\\\/\\\/sme-d.se\\\/2016\\\/02\\\/fordjupningsseminarium-logistik\\\/\"},\"author\":{\"name\":\"hamid.ershad@tebab.com\",\"@id\":\"https:\\\/\\\/sme-d.se\\\/#\\\/schema\\\/person\\\/643a10f983b385787d2918adf4e60ff8\"},\"headline\":\"F\u00f6rdjupningsseminarium\",\"datePublished\":\"2016-02-02T08:28:27+00:00\",\"mainEntityOfPage\":{\"@id\":\"https:\\\/\\\/sme-d.se\\\/2016\\\/02\\\/fordjupningsseminarium-logistik\\\/\"},\"wordCount\":580,\"commentCount\":0,\"publisher\":{\"@id\":\"https:\\\/\\\/sme-d.se\\\/#organization\"},\"articleSection\":[\"Okategoriserade\"],\"inLanguage\":\"en-US\",\"potentialAction\":[{\"@type\":\"CommentAction\",\"name\":\"Comment\",\"target\":[\"https:\\\/\\\/sme-d.se\\\/2016\\\/02\\\/fordjupningsseminarium-logistik\\\/#respond\"]}]},{\"@type\":\"WebPage\",\"@id\":\"https:\\\/\\\/sme-d.se\\\/2016\\\/02\\\/fordjupningsseminarium-logistik\\\/\",\"url\":\"https:\\\/\\\/sme-d.se\\\/2016\\\/02\\\/fordjupningsseminarium-logistik\\\/\",\"name\":\"F\u00f6rdjupningsseminarium - SME-D\",\"isPartOf\":{\"@id\":\"https:\\\/\\\/sme-d.se\\\/#website\"},\"datePublished\":\"2016-02-02T08:28:27+00:00\",\"breadcrumb\":{\"@id\":\"https:\\\/\\\/sme-d.se\\\/2016\\\/02\\\/fordjupningsseminarium-logistik\\\/#breadcrumb\"},\"inLanguage\":\"en-US\",\"potentialAction\":[{\"@type\":\"ReadAction\",\"target\":[\"https:\\\/\\\/sme-d.se\\\/2016\\\/02\\\/fordjupningsseminarium-logistik\\\/\"]}]},{\"@type\":\"BreadcrumbList\",\"@id\":\"https:\\\/\\\/sme-d.se\\\/2016\\\/02\\\/fordjupningsseminarium-logistik\\\/#breadcrumb\",\"itemListElement\":[{\"@type\":\"ListItem\",\"position\":1,\"name\":\"Home\",\"item\":\"https:\\\/\\\/sme-d.se\\\/\"},{\"@type\":\"ListItem\",\"position\":2,\"name\":\"F\u00f6rdjupningsseminarium\"}]},{\"@type\":\"WebSite\",\"@id\":\"https:\\\/\\\/sme-d.se\\\/#website\",\"url\":\"https:\\\/\\\/sme-d.se\\\/\",\"name\":\"SME-D\",\"description\":\"Branschorganisationen f\u00f6r sm\u00e5 och medelstora f\u00f6retag (SME) inom svensk f\u00f6rsvarssektor\",\"publisher\":{\"@id\":\"https:\\\/\\\/sme-d.se\\\/#organization\"},\"potentialAction\":[{\"@type\":\"SearchAction\",\"target\":{\"@type\":\"EntryPoint\",\"urlTemplate\":\"https:\\\/\\\/sme-d.se\\\/?s={search_term_string}\"},\"query-input\":{\"@type\":\"PropertyValueSpecification\",\"valueRequired\":true,\"valueName\":\"search_term_string\"}}],\"inLanguage\":\"en-US\"},{\"@type\":\"Organization\",\"@id\":\"https:\\\/\\\/sme-d.se\\\/#organization\",\"name\":\"SME-D\",\"url\":\"https:\\\/\\\/sme-d.se\\\/\",\"logo\":{\"@type\":\"ImageObject\",\"inLanguage\":\"en-US\",\"@id\":\"https:\\\/\\\/sme-d.se\\\/#\\\/schema\\\/logo\\\/image\\\/\",\"url\":\"https:\\\/\\\/sme-d.se\\\/wp-content\\\/uploads\\\/2023\\\/12\\\/SME-logga-ny2-1.png\",\"contentUrl\":\"https:\\\/\\\/sme-d.se\\\/wp-content\\\/uploads\\\/2023\\\/12\\\/SME-logga-ny2-1.png\",\"width\":200,\"height\":58,\"caption\":\"SME-D\"},\"image\":{\"@id\":\"https:\\\/\\\/sme-d.se\\\/#\\\/schema\\\/logo\\\/image\\\/\"}},{\"@type\":\"Person\",\"@id\":\"https:\\\/\\\/sme-d.se\\\/#\\\/schema\\\/person\\\/643a10f983b385787d2918adf4e60ff8\",\"name\":\"hamid.ershad@tebab.com\",\"image\":{\"@type\":\"ImageObject\",\"inLanguage\":\"en-US\",\"@id\":\"https:\\\/\\\/secure.gravatar.com\\\/avatar\\\/a6b278cd0d3c3106f8f9591855817f81ee2cdcabe13d18be42aa40d1e8c57082?s=96&d=mm&r=g\",\"url\":\"https:\\\/\\\/secure.gravatar.com\\\/avatar\\\/a6b278cd0d3c3106f8f9591855817f81ee2cdcabe13d18be42aa40d1e8c57082?s=96&d=mm&r=g\",\"contentUrl\":\"https:\\\/\\\/secure.gravatar.com\\\/avatar\\\/a6b278cd0d3c3106f8f9591855817f81ee2cdcabe13d18be42aa40d1e8c57082?s=96&d=mm&r=g\",\"caption\":\"hamid.ershad@tebab.com\"},\"url\":\"https:\\\/\\\/sme-d.se\\\/en\\\/author\\\/hamid-ershadtebab-com\\\/\"}]}<\/script>\n<!-- \/ Yoast SEO plugin. -->","yoast_head_json":{"title":"In-depth seminar - SME-D","robots":{"index":"index","follow":"follow","max-snippet":"max-snippet:-1","max-image-preview":"max-image-preview:large","max-video-preview":"max-video-preview:-1"},"canonical":"https:\/\/sme-d.se\/en\/2016\/02\/fordjupningsseminarium-logistik\/","og_locale":"en_US","og_type":"article","og_title":"F\u00f6rdjupningsseminarium - SME-D","og_description":"Syftet med seminarierna \u00e4r att ge en djupare f\u00f6rst\u00e5else och kunskap om aktuella fr\u00e5gor och behov inom sju olika delomr\u00e5den. Detaljerade program f\u00f6r seminarierna l\u00e4ggs upp p\u00e5 www.soff.se under rubriken kalendarium i b\u00f6rjan av vecka 4. Arm\u00e9 (SPL) \u2013 tisdag 9 februari kl. 09.00-12.00 Seminariet inneh\u00e5ller en l\u00e4gesuppdatering avseende omdaning F\u00f6rsvarslogistik, en beskrivning av de [&hellip;]","og_url":"https:\/\/sme-d.se\/en\/2016\/02\/fordjupningsseminarium-logistik\/","og_site_name":"SME-D","article_published_time":"2016-02-02T08:28:27+00:00","author":"hamid.ershad@tebab.com","twitter_card":"summary_large_image","twitter_misc":{"Written by":"hamid.ershad@tebab.com","Est. reading time":"3 minutes"},"schema":{"@context":"https:\/\/schema.org","@graph":[{"@type":"Article","@id":"https:\/\/sme-d.se\/2016\/02\/fordjupningsseminarium-logistik\/#article","isPartOf":{"@id":"https:\/\/sme-d.se\/2016\/02\/fordjupningsseminarium-logistik\/"},"author":{"name":"hamid.ershad@tebab.com","@id":"https:\/\/sme-d.se\/#\/schema\/person\/643a10f983b385787d2918adf4e60ff8"},"headline":"F\u00f6rdjupningsseminarium","datePublished":"2016-02-02T08:28:27+00:00","mainEntityOfPage":{"@id":"https:\/\/sme-d.se\/2016\/02\/fordjupningsseminarium-logistik\/"},"wordCount":580,"commentCount":0,"publisher":{"@id":"https:\/\/sme-d.se\/#organization"},"articleSection":["Okategoriserade"],"inLanguage":"en-US","potentialAction":[{"@type":"CommentAction","name":"Comment","target":["https:\/\/sme-d.se\/2016\/02\/fordjupningsseminarium-logistik\/#respond"]}]},{"@type":"WebPage","@id":"https:\/\/sme-d.se\/2016\/02\/fordjupningsseminarium-logistik\/","url":"https:\/\/sme-d.se\/2016\/02\/fordjupningsseminarium-logistik\/","name":"In-depth seminar - SME-D","isPartOf":{"@id":"https:\/\/sme-d.se\/#website"},"datePublished":"2016-02-02T08:28:27+00:00","breadcrumb":{"@id":"https:\/\/sme-d.se\/2016\/02\/fordjupningsseminarium-logistik\/#breadcrumb"},"inLanguage":"en-US","potentialAction":[{"@type":"ReadAction","target":["https:\/\/sme-d.se\/2016\/02\/fordjupningsseminarium-logistik\/"]}]},{"@type":"BreadcrumbList","@id":"https:\/\/sme-d.se\/2016\/02\/fordjupningsseminarium-logistik\/#breadcrumb","itemListElement":[{"@type":"ListItem","position":1,"name":"Home","item":"https:\/\/sme-d.se\/"},{"@type":"ListItem","position":2,"name":"F\u00f6rdjupningsseminarium"}]},{"@type":"WebSite","@id":"https:\/\/sme-d.se\/#website","url":"https:\/\/sme-d.se\/","name":"SMITH","description":"The industry association for small and medium-sized enterprises (SMEs) in the Swedish defense sector","publisher":{"@id":"https:\/\/sme-d.se\/#organization"},"potentialAction":[{"@type":"SearchAction","target":{"@type":"EntryPoint","urlTemplate":"https:\/\/sme-d.se\/?s={search_term_string}"},"query-input":{"@type":"PropertyValueSpecification","valueRequired":true,"valueName":"search_term_string"}}],"inLanguage":"en-US"},{"@type":"Organization","@id":"https:\/\/sme-d.se\/#organization","name":"SMITH","url":"https:\/\/sme-d.se\/","logo":{"@type":"ImageObject","inLanguage":"en-US","@id":"https:\/\/sme-d.se\/#\/schema\/logo\/image\/","url":"https:\/\/sme-d.se\/wp-content\/uploads\/2023\/12\/SME-logga-ny2-1.png","contentUrl":"https:\/\/sme-d.se\/wp-content\/uploads\/2023\/12\/SME-logga-ny2-1.png","width":200,"height":58,"caption":"SME-D"},"image":{"@id":"https:\/\/sme-d.se\/#\/schema\/logo\/image\/"}},{"@type":"Person","@id":"https:\/\/sme-d.se\/#\/schema\/person\/643a10f983b385787d2918adf4e60ff8","name":"hamid.ershad@tebab.com","image":{"@type":"ImageObject","inLanguage":"en-US","@id":"https:\/\/secure.gravatar.com\/avatar\/a6b278cd0d3c3106f8f9591855817f81ee2cdcabe13d18be42aa40d1e8c57082?s=96&d=mm&r=g","url":"https:\/\/secure.gravatar.com\/avatar\/a6b278cd0d3c3106f8f9591855817f81ee2cdcabe13d18be42aa40d1e8c57082?s=96&d=mm&r=g","contentUrl":"https:\/\/secure.gravatar.com\/avatar\/a6b278cd0d3c3106f8f9591855817f81ee2cdcabe13d18be42aa40d1e8c57082?s=96&d=mm&r=g","caption":"hamid.ershad@tebab.com"},"url":"https:\/\/sme-d.se\/en\/author\/hamid-ershadtebab-com\/"}]}},"_links":{"self":[{"href":"https:\/\/sme-d.se\/en\/wp-json\/wp\/v2\/posts\/70183","targetHints":{"allow":["GET"]}}],"collection":[{"href":"https:\/\/sme-d.se\/en\/wp-json\/wp\/v2\/posts"}],"about":[{"href":"https:\/\/sme-d.se\/en\/wp-json\/wp\/v2\/types\/post"}],"author":[{"embeddable":true,"href":"https:\/\/sme-d.se\/en\/wp-json\/wp\/v2\/users\/2"}],"replies":[{"embeddable":true,"href":"https:\/\/sme-d.se\/en\/wp-json\/wp\/v2\/comments?post=70183"}],"version-history":[{"count":0,"href":"https:\/\/sme-d.se\/en\/wp-json\/wp\/v2\/posts\/70183\/revisions"}],"wp:attachment":[{"href":"https:\/\/sme-d.se\/en\/wp-json\/wp\/v2\/media?parent=70183"}],"wp:term":[{"taxonomy":"category","embeddable":true,"href":"https:\/\/sme-d.se\/en\/wp-json\/wp\/v2\/categories?post=70183"},{"taxonomy":"post_tag","embeddable":true,"href":"https:\/\/sme-d.se\/en\/wp-json\/wp\/v2\/tags?post=70183"}],"curies":[{"name":"wp","href":"https:\/\/api.w.org\/{rel}","templated":true}]}}