{"id":665406,"date":"2026-04-28T08:45:23","date_gmt":"2026-04-28T06:45:23","guid":{"rendered":"https:\/\/sme-d.se\/?p=665406"},"modified":"2026-04-28T15:31:26","modified_gmt":"2026-04-28T13:31:26","slug":"har-ar-finalisterna-i-arets-sakerhetspris-2026","status":"publish","type":"post","link":"https:\/\/sme-d.se\/en\/2026\/04\/har-ar-finalisterna-i-arets-sakerhetspris-2026\/","title":{"rendered":"Here are the finalists in the Security Award of the Year 2026\u00a0"},"content":{"rendered":"<p>TechSverige och SME-D presenterar idag finalisterna till \u00c5rets s\u00e4kerhetspris 2026 \u2013 ett pris som uppm\u00e4rksammar akt\u00f6rer som genom teknik, samverkan och ansvarstagande st\u00e4rker Sveriges s\u00e4kerhet, motst\u00e5ndskraft och tillit i samh\u00e4llet.\u00a0<\/p>\n\n\n\n<p>The award highlights efforts that contribute to a stronger digital ecosystem and total defense, from cybersecurity and crisis preparedness to innovative solutions in defense tech and critical infrastructure.&nbsp;<\/p>\n\n\n\n<p>This year&#039;s finalists are:<\/p>\n\n\n\n<ul class=\"wp-block-list\">\n<li>Cybersecurity Academy&nbsp;<\/li>\n\n\n\n<li>Karl Emil Nikka, IT security expert&nbsp;<\/li>\n\n\n\n<li>National Telecommunications Collaboration Group (NTSG)<\/li>\n\n\n\n<li>Petra Klein, Group Security Manager, Swedbank<\/li>\n\n\n\n<li>Scaleout Systems&nbsp;<\/li>\n<\/ul>\n\n\n\n<p><\/p>\n\n\n\n<p><em>\u2013 In a time when the threat landscape is becoming increasingly complex and interconnected, we see how tech plays a crucial role in Sweden&#039;s security. This year&#039;s finalists demonstrate the breadth of Sweden&#039;s innovative power, from general education and skills to advanced technology, entrepreneurship and operational collaboration. These are efforts that strengthen both our digital resilience and the security of society at large, says <strong>\u00c5sa Zetterberg, CEO of TechSverige and jury chair<\/strong>.&nbsp;<\/em><\/p>\n\n\n\n<p>This year&#039;s security award is awarded by the industry and employer organization TechSverige together with partner SME-D, the industry organization for small and medium-sized companies in the Swedish defense sector.&nbsp;<\/p>\n\n\n\n<p><em>\u2013 It is clear that security today is built in close collaboration between business, the public sector and civil society. The finalists show how technology and knowledge can be translated into concrete benefits, here and now, but also in the long term for Sweden&#039;s total defense, preparedness and competitiveness, says <strong>Jonas Sandwall, Secretary General of SME-D and jury member<\/strong>.&nbsp;<\/em><\/p>\n\n\n\n<p>The jury consisted of:&nbsp;<\/p>\n\n\n\n<ul class=\"wp-block-list\">\n<li>John Billow, Director, National Cybersecurity Center<\/li>\n\n\n\n<li>Karin Hagman, CEO, Truesec Group<\/li>\n\n\n\n<li>Sara Kebert, network expert, Telenor Sweden<\/li>\n\n\n\n<li>Jens Matsson, Director General, Swedish Defence Research Institute (FOI)&nbsp;<\/li>\n\n\n\n<li>Richard Oehme, Senior Advisor in Community and Cybersecurity, Knowit<\/li>\n\n\n\n<li>Jonas Sandwall, Secretary General, SME-D<\/li>\n\n\n\n<li>Kristina Sundin Jonsson, Municipal Director, Skellefte\u00e5 Municipality<\/li>\n\n\n\n<li>\u00c5sa Zetterberg, CEO, TechSverige, jury chair&nbsp;&nbsp;&nbsp;<\/li>\n<\/ul>\n\n\n\n<p><br>The winner will be presented on May 26 during the Stockholm Tech Show at Kistam\u00e4ssan in Stockholm.&nbsp;<br><\/p>\n\n\n\n<p>The jury&#039;s motivations:&nbsp;<br>&nbsp;<br><strong>Karl Emil Nikka, IT security expert&nbsp;<\/strong><br>Karl Emil Nikka is nominated for his engaging work as a public educator in IT security, where he tirelessly raises the level of knowledge about changing cyber threats and fraud among a broad target group. Through simple and practical advice that in principle everyone can apply in everyday life, Karl Emil Nikka&#039;s efforts raise security awareness within organizations, companies and private individuals. Efforts that collectively raise digital security competence in our society and make cybersecurity relevant, simple and accessible to everyone.&nbsp;&nbsp;<br>&nbsp;&nbsp;<br>&nbsp;<br>&nbsp;<br><strong>National Telecommunications Collaboration Group (NTSG)&nbsp;<\/strong><br>The National Telecommunications Collaboration Group (NTSG) is nominated because the group has shown that real resilience is built together. NTSG is a collaboration forum where telecom operators, authorities and other socially important actors jointly strengthen the robustness of the digital infrastructure and enable rapid coordination in the event of disruptions. By uniting competing actors and the public sector in operational collaboration, NTSG secures Sweden&#039;s digital lifeline when it is tested the most. The work includes both preventive efforts and the management of incidents that affect communication and connectivity throughout the country. The working method is a clear example of what can be achieved when actors come together around a common mission.&nbsp;<br>&nbsp;<br>&nbsp;<br><strong>Scaleout Systems&nbsp;<\/strong><br>Scaleout Systems is nominated for its groundbreaking technology in secure and decentralized AI, where organizations can collaborate on advanced analytics without sharing sensitive data. By training AI models locally where data is available, the company enables AI development in environments where traditional methods do not work, especially in defense, industry and critical infrastructure. The technology has clear dual-use properties, where the same solutions create value in both civilian operations and security-critical contexts. With a strong focus on security, integrity and collaboration, as well as participation in NATO&#039;s innovation program, Scaleout Systems shows how Swedish tech can be at the forefront and contribute to strengthening digital resilience and building a more robust and trusting society.&nbsp;<br>&nbsp;<br>&nbsp;<br>&nbsp;<br><strong>Cybersecurity Academy&nbsp;<\/strong><br>&nbsp;Cybersecurity Academy is nominated for its important national education initiative that strengthens young people&#039;s knowledge of cybersecurity through practical exercises and free materials. Through collaborations between Young Researchers, IBM and the Swedish Civil Defence Agency, the initiative addresses the growing skills shortage in society. The program offers lessons, teacher training and workshops that make digital security understandable early in life. Ahead of 2025\/2026, the activities have been developed with a focus on AI security and source criticism in an era of deepfakes, something that is important for securing our democracy. The initiative has reached hundreds of thousands of students and strengthens both digital security and long-term skills supply, making them a strong finalist for the Security of the Year Award.&nbsp;<br>&nbsp;<br>&nbsp;<br>&nbsp;<br><strong>Petra Klein, Group Security Manager, Swedbank&nbsp;<\/strong><br>Petra Klein is nominated for her strategic and exemplary leadership in cybersecurity, where she strengthens security work both within and outside the banking sector with deep technical expertise and a broad understanding of the threat and risk landscape. By clearly demonstrating that security is an enabler for business and growth, she works for a culture where security is a natural part of the work and something everyone contributes to. As a leading voice in the work on increased resilience, not least in the introduction of the EU Regulation on Digital Operational Resilience for the Financial Sector (DORA), and with a focus on the role of humans in cyber defense, Petra Klein contributes to a more robust and sustainable cybersecurity work in Sweden. &nbsp;<br>&nbsp;<br><strong>About the Security Award of the Year&nbsp;<\/strong><br>This year&#039;s Security Award is an award presented by the industry and employer organization TechSverige together with partner SME-D, the industry organization for small and medium-sized companies in the Swedish defense sector, and celebrates actors who, through innovative technology, collaboration and responsibility, contribute to strengthening Sweden&#039;s security - digitally, civilly and militarily. The award can be awarded to companies, organizations, initiatives or individuals who significantly contribute to increased preparedness, resilience and security in society.&nbsp;<br><\/p>\n\n\n\n<p>Contact: Jonas Sandwal, SME-D \/ jonas.sandwall@techsverige.se&nbsp;<\/p>","protected":false},"excerpt":{"rendered":"<p>TechSverige and SME-D today present the finalists for the Security Award of the Year 2026 \u2013 an award that recognizes actors who, through technology, collaboration and responsibility, strengthen Sweden&#039;s security, resilience and trust in society. The award highlights efforts that contribute to a stronger digital ecosystem and total defense, from cybersecurity and crisis preparedness to innovative solutions in defense tech and critical infrastructure. [\u2026]<\/p>","protected":false},"author":5,"featured_media":665409,"comment_status":"closed","ping_status":"closed","sticky":false,"template":"","format":"standard","meta":{"footnotes":""},"categories":[6],"tags":[],"class_list":["post-665406","post","type-post","status-publish","format-standard","has-post-thumbnail","hentry","category-foreningsnyhet"],"acf":[],"yoast_head":"<!-- This site is optimized with the Yoast SEO plugin v27.5 - https:\/\/yoast.com\/product\/yoast-seo-wordpress\/ -->\n<title>H\u00e4r \u00e4r finalisterna i \u00c5rets s\u00e4kerhetspris 2026\u00a0 - SME-D<\/title>\n<meta name=\"robots\" content=\"index, follow, max-snippet:-1, max-image-preview:large, max-video-preview:-1\" \/>\n<link rel=\"canonical\" href=\"https:\/\/sme-d.se\/en\/2026\/04\/har-ar-finalisterna-i-arets-sakerhetspris-2026\/\" \/>\n<meta property=\"og:locale\" content=\"en_US\" \/>\n<meta property=\"og:type\" content=\"article\" \/>\n<meta property=\"og:title\" content=\"H\u00e4r \u00e4r finalisterna i \u00c5rets s\u00e4kerhetspris 2026\u00a0 - SME-D\" \/>\n<meta property=\"og:description\" content=\"TechSverige och SME-D presenterar idag finalisterna till \u00c5rets s\u00e4kerhetspris 2026 \u2013 ett pris som uppm\u00e4rksammar akt\u00f6rer som genom teknik, samverkan och ansvarstagande st\u00e4rker Sveriges s\u00e4kerhet, motst\u00e5ndskraft och tillit i samh\u00e4llet.\u00a0 Priset lyfter insatser som bidrar till ett starkare digitalt ekosystem och totalf\u00f6rsvar, fr\u00e5n cybers\u00e4kerhet och krisberedskap till innovativa l\u00f6sningar inom defence tech och kritisk infrastruktur.&nbsp; [&hellip;]\" \/>\n<meta property=\"og:url\" content=\"https:\/\/sme-d.se\/en\/2026\/04\/har-ar-finalisterna-i-arets-sakerhetspris-2026\/\" \/>\n<meta property=\"og:site_name\" content=\"SME-D\" \/>\n<meta property=\"article:published_time\" content=\"2026-04-28T06:45:23+00:00\" \/>\n<meta property=\"article:modified_time\" content=\"2026-04-28T13:31:26+00:00\" \/>\n<meta property=\"og:image\" content=\"https:\/\/sme-d.se\/wp-content\/uploads\/2026\/04\/arets-sakerhetspris-techsverige-sme-d.png\" \/>\n\t<meta property=\"og:image:width\" content=\"960\" \/>\n\t<meta property=\"og:image:height\" content=\"440\" \/>\n\t<meta property=\"og:image:type\" content=\"image\/png\" \/>\n<meta name=\"author\" content=\"Admin\" \/>\n<meta name=\"twitter:card\" content=\"summary_large_image\" \/>\n<meta name=\"twitter:label1\" content=\"Written by\" \/>\n\t<meta name=\"twitter:data1\" content=\"Admin\" \/>\n\t<meta name=\"twitter:label2\" content=\"Est. reading time\" \/>\n\t<meta name=\"twitter:data2\" content=\"5 minutes\" \/>\n<script type=\"application\/ld+json\" class=\"yoast-schema-graph\">{\"@context\":\"https:\\\/\\\/schema.org\",\"@graph\":[{\"@type\":\"Article\",\"@id\":\"https:\\\/\\\/sme-d.se\\\/2026\\\/04\\\/har-ar-finalisterna-i-arets-sakerhetspris-2026\\\/#article\",\"isPartOf\":{\"@id\":\"https:\\\/\\\/sme-d.se\\\/2026\\\/04\\\/har-ar-finalisterna-i-arets-sakerhetspris-2026\\\/\"},\"author\":{\"name\":\"Admin\",\"@id\":\"https:\\\/\\\/sme-d.se\\\/#\\\/schema\\\/person\\\/ac457227b3c0757ce8ebc07abee7f1c7\"},\"headline\":\"H\u00e4r \u00e4r finalisterna i \u00c5rets s\u00e4kerhetspris 2026\u00a0\",\"datePublished\":\"2026-04-28T06:45:23+00:00\",\"dateModified\":\"2026-04-28T13:31:26+00:00\",\"mainEntityOfPage\":{\"@id\":\"https:\\\/\\\/sme-d.se\\\/2026\\\/04\\\/har-ar-finalisterna-i-arets-sakerhetspris-2026\\\/\"},\"wordCount\":1144,\"publisher\":{\"@id\":\"https:\\\/\\\/sme-d.se\\\/#organization\"},\"image\":{\"@id\":\"https:\\\/\\\/sme-d.se\\\/2026\\\/04\\\/har-ar-finalisterna-i-arets-sakerhetspris-2026\\\/#primaryimage\"},\"thumbnailUrl\":\"https:\\\/\\\/sme-d.se\\\/wp-content\\\/uploads\\\/2026\\\/04\\\/arets-sakerhetspris-techsverige-sme-d.png\",\"articleSection\":[\"F\u00f6reningsnyhet\"],\"inLanguage\":\"en-US\"},{\"@type\":\"WebPage\",\"@id\":\"https:\\\/\\\/sme-d.se\\\/2026\\\/04\\\/har-ar-finalisterna-i-arets-sakerhetspris-2026\\\/\",\"url\":\"https:\\\/\\\/sme-d.se\\\/2026\\\/04\\\/har-ar-finalisterna-i-arets-sakerhetspris-2026\\\/\",\"name\":\"H\u00e4r \u00e4r finalisterna i \u00c5rets s\u00e4kerhetspris 2026\u00a0 - SME-D\",\"isPartOf\":{\"@id\":\"https:\\\/\\\/sme-d.se\\\/#website\"},\"primaryImageOfPage\":{\"@id\":\"https:\\\/\\\/sme-d.se\\\/2026\\\/04\\\/har-ar-finalisterna-i-arets-sakerhetspris-2026\\\/#primaryimage\"},\"image\":{\"@id\":\"https:\\\/\\\/sme-d.se\\\/2026\\\/04\\\/har-ar-finalisterna-i-arets-sakerhetspris-2026\\\/#primaryimage\"},\"thumbnailUrl\":\"https:\\\/\\\/sme-d.se\\\/wp-content\\\/uploads\\\/2026\\\/04\\\/arets-sakerhetspris-techsverige-sme-d.png\",\"datePublished\":\"2026-04-28T06:45:23+00:00\",\"dateModified\":\"2026-04-28T13:31:26+00:00\",\"breadcrumb\":{\"@id\":\"https:\\\/\\\/sme-d.se\\\/2026\\\/04\\\/har-ar-finalisterna-i-arets-sakerhetspris-2026\\\/#breadcrumb\"},\"inLanguage\":\"en-US\",\"potentialAction\":[{\"@type\":\"ReadAction\",\"target\":[\"https:\\\/\\\/sme-d.se\\\/2026\\\/04\\\/har-ar-finalisterna-i-arets-sakerhetspris-2026\\\/\"]}]},{\"@type\":\"ImageObject\",\"inLanguage\":\"en-US\",\"@id\":\"https:\\\/\\\/sme-d.se\\\/2026\\\/04\\\/har-ar-finalisterna-i-arets-sakerhetspris-2026\\\/#primaryimage\",\"url\":\"https:\\\/\\\/sme-d.se\\\/wp-content\\\/uploads\\\/2026\\\/04\\\/arets-sakerhetspris-techsverige-sme-d.png\",\"contentUrl\":\"https:\\\/\\\/sme-d.se\\\/wp-content\\\/uploads\\\/2026\\\/04\\\/arets-sakerhetspris-techsverige-sme-d.png\",\"width\":960,\"height\":440,\"caption\":\"\u00e5rets s\u00e4kerhetspris techsverige sme-d\"},{\"@type\":\"BreadcrumbList\",\"@id\":\"https:\\\/\\\/sme-d.se\\\/2026\\\/04\\\/har-ar-finalisterna-i-arets-sakerhetspris-2026\\\/#breadcrumb\",\"itemListElement\":[{\"@type\":\"ListItem\",\"position\":1,\"name\":\"Home\",\"item\":\"https:\\\/\\\/sme-d.se\\\/\"},{\"@type\":\"ListItem\",\"position\":2,\"name\":\"H\u00e4r \u00e4r finalisterna i \u00c5rets s\u00e4kerhetspris 2026\u00a0\"}]},{\"@type\":\"WebSite\",\"@id\":\"https:\\\/\\\/sme-d.se\\\/#website\",\"url\":\"https:\\\/\\\/sme-d.se\\\/\",\"name\":\"SME-D\",\"description\":\"Branschorganisationen f\u00f6r sm\u00e5 och medelstora f\u00f6retag (SME) inom svensk f\u00f6rsvarssektor\",\"publisher\":{\"@id\":\"https:\\\/\\\/sme-d.se\\\/#organization\"},\"potentialAction\":[{\"@type\":\"SearchAction\",\"target\":{\"@type\":\"EntryPoint\",\"urlTemplate\":\"https:\\\/\\\/sme-d.se\\\/?s={search_term_string}\"},\"query-input\":{\"@type\":\"PropertyValueSpecification\",\"valueRequired\":true,\"valueName\":\"search_term_string\"}}],\"inLanguage\":\"en-US\"},{\"@type\":\"Organization\",\"@id\":\"https:\\\/\\\/sme-d.se\\\/#organization\",\"name\":\"SME-D\",\"url\":\"https:\\\/\\\/sme-d.se\\\/\",\"logo\":{\"@type\":\"ImageObject\",\"inLanguage\":\"en-US\",\"@id\":\"https:\\\/\\\/sme-d.se\\\/#\\\/schema\\\/logo\\\/image\\\/\",\"url\":\"https:\\\/\\\/sme-d.se\\\/wp-content\\\/uploads\\\/2023\\\/12\\\/SME-logga-ny2-1.png\",\"contentUrl\":\"https:\\\/\\\/sme-d.se\\\/wp-content\\\/uploads\\\/2023\\\/12\\\/SME-logga-ny2-1.png\",\"width\":200,\"height\":58,\"caption\":\"SME-D\"},\"image\":{\"@id\":\"https:\\\/\\\/sme-d.se\\\/#\\\/schema\\\/logo\\\/image\\\/\"}},{\"@type\":\"Person\",\"@id\":\"https:\\\/\\\/sme-d.se\\\/#\\\/schema\\\/person\\\/ac457227b3c0757ce8ebc07abee7f1c7\",\"name\":\"Admin\",\"image\":{\"@type\":\"ImageObject\",\"inLanguage\":\"en-US\",\"@id\":\"https:\\\/\\\/secure.gravatar.com\\\/avatar\\\/bea9e2ed8228e3346f9f1196d320fb5c52d559e59ef7bff33dc52ae4093c9104?s=96&d=mm&r=g\",\"url\":\"https:\\\/\\\/secure.gravatar.com\\\/avatar\\\/bea9e2ed8228e3346f9f1196d320fb5c52d559e59ef7bff33dc52ae4093c9104?s=96&d=mm&r=g\",\"contentUrl\":\"https:\\\/\\\/secure.gravatar.com\\\/avatar\\\/bea9e2ed8228e3346f9f1196d320fb5c52d559e59ef7bff33dc52ae4093c9104?s=96&d=mm&r=g\",\"caption\":\"Admin\"},\"url\":\"https:\\\/\\\/sme-d.se\\\/en\\\/author\\\/admin\\\/\"}]}<\/script>\n<!-- \/ Yoast SEO plugin. -->","yoast_head_json":{"title":"Here are the finalists in the Security Award of the Year 2026 - SME-D","robots":{"index":"index","follow":"follow","max-snippet":"max-snippet:-1","max-image-preview":"max-image-preview:large","max-video-preview":"max-video-preview:-1"},"canonical":"https:\/\/sme-d.se\/en\/2026\/04\/har-ar-finalisterna-i-arets-sakerhetspris-2026\/","og_locale":"en_US","og_type":"article","og_title":"H\u00e4r \u00e4r finalisterna i \u00c5rets s\u00e4kerhetspris 2026\u00a0 - SME-D","og_description":"TechSverige och SME-D presenterar idag finalisterna till \u00c5rets s\u00e4kerhetspris 2026 \u2013 ett pris som uppm\u00e4rksammar akt\u00f6rer som genom teknik, samverkan och ansvarstagande st\u00e4rker Sveriges s\u00e4kerhet, motst\u00e5ndskraft och tillit i samh\u00e4llet.\u00a0 Priset lyfter insatser som bidrar till ett starkare digitalt ekosystem och totalf\u00f6rsvar, fr\u00e5n cybers\u00e4kerhet och krisberedskap till innovativa l\u00f6sningar inom defence tech och kritisk infrastruktur.&nbsp; [&hellip;]","og_url":"https:\/\/sme-d.se\/en\/2026\/04\/har-ar-finalisterna-i-arets-sakerhetspris-2026\/","og_site_name":"SME-D","article_published_time":"2026-04-28T06:45:23+00:00","article_modified_time":"2026-04-28T13:31:26+00:00","og_image":[{"width":960,"height":440,"url":"https:\/\/sme-d.se\/wp-content\/uploads\/2026\/04\/arets-sakerhetspris-techsverige-sme-d.png","type":"image\/png"}],"author":"Admin","twitter_card":"summary_large_image","twitter_misc":{"Written by":"Admin","Est. reading time":"5 minutes"},"schema":{"@context":"https:\/\/schema.org","@graph":[{"@type":"Article","@id":"https:\/\/sme-d.se\/2026\/04\/har-ar-finalisterna-i-arets-sakerhetspris-2026\/#article","isPartOf":{"@id":"https:\/\/sme-d.se\/2026\/04\/har-ar-finalisterna-i-arets-sakerhetspris-2026\/"},"author":{"name":"Admin","@id":"https:\/\/sme-d.se\/#\/schema\/person\/ac457227b3c0757ce8ebc07abee7f1c7"},"headline":"H\u00e4r \u00e4r finalisterna i \u00c5rets s\u00e4kerhetspris 2026\u00a0","datePublished":"2026-04-28T06:45:23+00:00","dateModified":"2026-04-28T13:31:26+00:00","mainEntityOfPage":{"@id":"https:\/\/sme-d.se\/2026\/04\/har-ar-finalisterna-i-arets-sakerhetspris-2026\/"},"wordCount":1144,"publisher":{"@id":"https:\/\/sme-d.se\/#organization"},"image":{"@id":"https:\/\/sme-d.se\/2026\/04\/har-ar-finalisterna-i-arets-sakerhetspris-2026\/#primaryimage"},"thumbnailUrl":"https:\/\/sme-d.se\/wp-content\/uploads\/2026\/04\/arets-sakerhetspris-techsverige-sme-d.png","articleSection":["F\u00f6reningsnyhet"],"inLanguage":"en-US"},{"@type":"WebPage","@id":"https:\/\/sme-d.se\/2026\/04\/har-ar-finalisterna-i-arets-sakerhetspris-2026\/","url":"https:\/\/sme-d.se\/2026\/04\/har-ar-finalisterna-i-arets-sakerhetspris-2026\/","name":"Here are the finalists in the Security Award of the Year 2026 - SME-D","isPartOf":{"@id":"https:\/\/sme-d.se\/#website"},"primaryImageOfPage":{"@id":"https:\/\/sme-d.se\/2026\/04\/har-ar-finalisterna-i-arets-sakerhetspris-2026\/#primaryimage"},"image":{"@id":"https:\/\/sme-d.se\/2026\/04\/har-ar-finalisterna-i-arets-sakerhetspris-2026\/#primaryimage"},"thumbnailUrl":"https:\/\/sme-d.se\/wp-content\/uploads\/2026\/04\/arets-sakerhetspris-techsverige-sme-d.png","datePublished":"2026-04-28T06:45:23+00:00","dateModified":"2026-04-28T13:31:26+00:00","breadcrumb":{"@id":"https:\/\/sme-d.se\/2026\/04\/har-ar-finalisterna-i-arets-sakerhetspris-2026\/#breadcrumb"},"inLanguage":"en-US","potentialAction":[{"@type":"ReadAction","target":["https:\/\/sme-d.se\/2026\/04\/har-ar-finalisterna-i-arets-sakerhetspris-2026\/"]}]},{"@type":"ImageObject","inLanguage":"en-US","@id":"https:\/\/sme-d.se\/2026\/04\/har-ar-finalisterna-i-arets-sakerhetspris-2026\/#primaryimage","url":"https:\/\/sme-d.se\/wp-content\/uploads\/2026\/04\/arets-sakerhetspris-techsverige-sme-d.png","contentUrl":"https:\/\/sme-d.se\/wp-content\/uploads\/2026\/04\/arets-sakerhetspris-techsverige-sme-d.png","width":960,"height":440,"caption":"\u00e5rets s\u00e4kerhetspris techsverige sme-d"},{"@type":"BreadcrumbList","@id":"https:\/\/sme-d.se\/2026\/04\/har-ar-finalisterna-i-arets-sakerhetspris-2026\/#breadcrumb","itemListElement":[{"@type":"ListItem","position":1,"name":"Home","item":"https:\/\/sme-d.se\/"},{"@type":"ListItem","position":2,"name":"H\u00e4r \u00e4r finalisterna i \u00c5rets s\u00e4kerhetspris 2026\u00a0"}]},{"@type":"WebSite","@id":"https:\/\/sme-d.se\/#website","url":"https:\/\/sme-d.se\/","name":"SMITH","description":"The industry association for small and medium-sized enterprises (SMEs) in the Swedish defense sector","publisher":{"@id":"https:\/\/sme-d.se\/#organization"},"potentialAction":[{"@type":"SearchAction","target":{"@type":"EntryPoint","urlTemplate":"https:\/\/sme-d.se\/?s={search_term_string}"},"query-input":{"@type":"PropertyValueSpecification","valueRequired":true,"valueName":"search_term_string"}}],"inLanguage":"en-US"},{"@type":"Organization","@id":"https:\/\/sme-d.se\/#organization","name":"SMITH","url":"https:\/\/sme-d.se\/","logo":{"@type":"ImageObject","inLanguage":"en-US","@id":"https:\/\/sme-d.se\/#\/schema\/logo\/image\/","url":"https:\/\/sme-d.se\/wp-content\/uploads\/2023\/12\/SME-logga-ny2-1.png","contentUrl":"https:\/\/sme-d.se\/wp-content\/uploads\/2023\/12\/SME-logga-ny2-1.png","width":200,"height":58,"caption":"SME-D"},"image":{"@id":"https:\/\/sme-d.se\/#\/schema\/logo\/image\/"}},{"@type":"Person","@id":"https:\/\/sme-d.se\/#\/schema\/person\/ac457227b3c0757ce8ebc07abee7f1c7","name":"Admin","image":{"@type":"ImageObject","inLanguage":"en-US","@id":"https:\/\/secure.gravatar.com\/avatar\/bea9e2ed8228e3346f9f1196d320fb5c52d559e59ef7bff33dc52ae4093c9104?s=96&d=mm&r=g","url":"https:\/\/secure.gravatar.com\/avatar\/bea9e2ed8228e3346f9f1196d320fb5c52d559e59ef7bff33dc52ae4093c9104?s=96&d=mm&r=g","contentUrl":"https:\/\/secure.gravatar.com\/avatar\/bea9e2ed8228e3346f9f1196d320fb5c52d559e59ef7bff33dc52ae4093c9104?s=96&d=mm&r=g","caption":"Admin"},"url":"https:\/\/sme-d.se\/en\/author\/admin\/"}]}},"_links":{"self":[{"href":"https:\/\/sme-d.se\/en\/wp-json\/wp\/v2\/posts\/665406","targetHints":{"allow":["GET"]}}],"collection":[{"href":"https:\/\/sme-d.se\/en\/wp-json\/wp\/v2\/posts"}],"about":[{"href":"https:\/\/sme-d.se\/en\/wp-json\/wp\/v2\/types\/post"}],"author":[{"embeddable":true,"href":"https:\/\/sme-d.se\/en\/wp-json\/wp\/v2\/users\/5"}],"replies":[{"embeddable":true,"href":"https:\/\/sme-d.se\/en\/wp-json\/wp\/v2\/comments?post=665406"}],"version-history":[{"count":3,"href":"https:\/\/sme-d.se\/en\/wp-json\/wp\/v2\/posts\/665406\/revisions"}],"predecessor-version":[{"id":665412,"href":"https:\/\/sme-d.se\/en\/wp-json\/wp\/v2\/posts\/665406\/revisions\/665412"}],"wp:featuredmedia":[{"embeddable":true,"href":"https:\/\/sme-d.se\/en\/wp-json\/wp\/v2\/media\/665409"}],"wp:attachment":[{"href":"https:\/\/sme-d.se\/en\/wp-json\/wp\/v2\/media?parent=665406"}],"wp:term":[{"taxonomy":"category","embeddable":true,"href":"https:\/\/sme-d.se\/en\/wp-json\/wp\/v2\/categories?post=665406"},{"taxonomy":"post_tag","embeddable":true,"href":"https:\/\/sme-d.se\/en\/wp-json\/wp\/v2\/tags?post=665406"}],"curies":[{"name":"wp","href":"https:\/\/api.w.org\/{rel}","templated":true}]}}