{"id":665323,"date":"2026-01-22T15:49:07","date_gmt":"2026-01-22T14:49:07","guid":{"rendered":"https:\/\/sme-d.se\/?p=665323"},"modified":"2026-01-22T15:49:08","modified_gmt":"2026-01-22T14:49:08","slug":"ny-utmarkelse-satter-fokus-pa-tech-som-starker-sveriges-motstandskraft-och-sakerhet","status":"publish","type":"post","link":"https:\/\/sme-d.se\/en\/2026\/01\/ny-utmarkelse-satter-fokus-pa-tech-som-starker-sveriges-motstandskraft-och-sakerhet\/","title":{"rendered":"New award focuses on tech that strengthens Sweden&#039;s resilience and security"},"content":{"rendered":"<p><strong>The industry and employer organization TechSverige is today launching, together with SME-D, the industry organization for small and medium-sized companies in the Swedish defense sector, the new Security Award of the Year. The award will recognize actors who, through technology, collaboration and responsibility, contribute to strengthening Sweden&#039;s security - digitally, civilly and militarily. At the same time, the jury that will select this year&#039;s finalists and winners is being presented.<\/strong><\/p>\n\n\n\n<p>In a time when threats to society are becoming increasingly complex and interconnected, TechSverige and SME-D want to highlight how Swedish tech contributes to increased preparedness, robustness and trust. The award is awarded to a company, organization, initiative or person who, in or in close collaboration with the tech industry, has played a significant role in strengthening Sweden&#039;s security - from information and cybersecurity to technical solutions in crisis preparedness, defense and robustness in critical infrastructure.<\/p>\n\n\n\n<p>\u2013 Security is today one of the most crucial societal issues of our time. Tech plays an increasingly important role in Sweden&#039;s resilience, total defense and ability to meet an increasingly complex threat landscape. With the Security Award of the Year, we want to highlight those actors who show how innovation, responsibility and collaboration can make a real difference to society, says \u00c5sa Zetterberg, CEO of TechSverige and jury chair.&nbsp;<\/p>\n\n\n\n<p>This year&#039;s security award recognizes innovations and initiatives with clear societal benefit. The focus is on initiatives that strengthen security, resilience and trust in society, that can be scaled and benefit more people \u2013 and that contribute to Sweden&#039;s overall security through technology, both in digital environments and in a broader preparedness and total defense perspective.<\/p>\n\n\n\n<p>\u2013 We want to highlight both technical solutions and strategic initiatives that strengthen security in practice. This can involve everything from cybersecurity and defense tech to collaboration models between business, public actors, academia and defense \u2013 efforts that together contribute to society&#039;s preparedness and robustness, says \u00c5sa Zetterberg.<\/p>\n\n\n\n<p>\u2013 In a time of complex threats, we must take advantage of the innovative power that exists in Sweden&#039;s SME companies. These companies are a crucial part of our total defense. The newly established security award highlights in an important way the actors that really make a difference, says Jonas Sandwall, Secretary General of SME-D.<\/p>\n\n\n\n<p>The jury that will select this year&#039;s finalists and winners consists of:<br>John Billow, Director, National Cybersecurity Center<br>Jens Matsson, Director General, Swedish Defence Research Institute (FOI)<br>Sara Kebert, network expert, Telenor Sweden<br>Richard Oehme, Senior Advisor in Community and Cybersecurity, Knowit&nbsp;<br>Karin Hagman, CEO, Truesec Group<\/p>\n\n\n\n<p>Kristina Sundin Jonsson, Municipal Director, Skellefte\u00e5 Municipality<\/p>\n\n\n\n<p>Jonas Sandwall, Secretary General, SME-D<\/p>\n\n\n\n<p>\u00c5sa Zetterberg, CEO, TechSverige, jury chair<\/p>\n\n\n\n<p>This year&#039;s security award will be presented for the first time in the spring of 2026. Read more and nominate for the award at <a href=\"http:\/\/techsverige.se\/aretssakerhetspris\" type=\"link\" id=\"techsverige.se\/aretssakerhetspris\">techsverige.se\/aretssakerhetspris<\/a><\/p>\n\n\n\n<p><\/p>","protected":false},"excerpt":{"rendered":"<p>The industry and employer organization TechSverige is today launching, together with SME-D, the industry organization for small and medium-sized companies in the Swedish defense sector, the new Security Award of the Year. The award will recognize actors who, through technology, collaboration and responsibility, contribute to strengthening Sweden&#039;s security - digitally, civilly and militarily. At the same time, the jury that will select this year&#039;s finalists and winners is being presented. In a time [\u2026]<\/p>","protected":false},"author":5,"featured_media":665325,"comment_status":"closed","ping_status":"closed","sticky":false,"template":"","format":"standard","meta":{"footnotes":""},"categories":[6],"tags":[],"class_list":["post-665323","post","type-post","status-publish","format-standard","has-post-thumbnail","hentry","category-foreningsnyhet"],"acf":[],"yoast_head":"<!-- This site is optimized with the Yoast SEO plugin v27.5 - https:\/\/yoast.com\/product\/yoast-seo-wordpress\/ -->\n<title>Ny utm\u00e4rkelse s\u00e4tter fokus p\u00e5 tech som st\u00e4rker Sveriges motst\u00e5ndskraft och s\u00e4kerhet - SME-D<\/title>\n<meta name=\"robots\" content=\"index, follow, max-snippet:-1, max-image-preview:large, max-video-preview:-1\" \/>\n<link rel=\"canonical\" href=\"https:\/\/sme-d.se\/en\/2026\/01\/ny-utmarkelse-satter-fokus-pa-tech-som-starker-sveriges-motstandskraft-och-sakerhet\/\" \/>\n<meta property=\"og:locale\" content=\"en_US\" \/>\n<meta property=\"og:type\" content=\"article\" \/>\n<meta property=\"og:title\" content=\"Ny utm\u00e4rkelse s\u00e4tter fokus p\u00e5 tech som st\u00e4rker Sveriges motst\u00e5ndskraft och s\u00e4kerhet - SME-D\" \/>\n<meta property=\"og:description\" content=\"Bransch- och arbetsgivarorganisationen TechSverige lanserar idag, tillsammans med SME-D,&nbsp;branschorganisationen f\u00f6r sm\u00e5 och medelstora f\u00f6retag inom svensk f\u00f6rsvarssektor,&nbsp;den nya utm\u00e4rkelsen \u00c5rets s\u00e4kerhetspris. Priset ska uppm\u00e4rksamma akt\u00f6rer som genom teknik, samverkan och ansvarstagande bidrar till att st\u00e4rka Sveriges s\u00e4kerhet \u2013 digitalt, civilt och milit\u00e4rt. Samtidigt presenteras juryn som ska kora \u00e5rets finalister och vinnare. I en tid [&hellip;]\" \/>\n<meta property=\"og:url\" content=\"https:\/\/sme-d.se\/en\/2026\/01\/ny-utmarkelse-satter-fokus-pa-tech-som-starker-sveriges-motstandskraft-och-sakerhet\/\" \/>\n<meta property=\"og:site_name\" content=\"SME-D\" \/>\n<meta property=\"article:published_time\" content=\"2026-01-22T14:49:07+00:00\" \/>\n<meta property=\"article:modified_time\" content=\"2026-01-22T14:49:08+00:00\" \/>\n<meta property=\"og:image\" content=\"https:\/\/sme-d.se\/wp-content\/uploads\/2026\/01\/techsverige-sme-d-Arets-sakerhetspris.png\" \/>\n\t<meta property=\"og:image:width\" content=\"1153\" \/>\n\t<meta property=\"og:image:height\" content=\"668\" \/>\n\t<meta property=\"og:image:type\" content=\"image\/png\" \/>\n<meta name=\"author\" content=\"Admin\" \/>\n<meta name=\"twitter:card\" content=\"summary_large_image\" \/>\n<meta name=\"twitter:label1\" content=\"Written by\" \/>\n\t<meta name=\"twitter:data1\" content=\"Admin\" \/>\n\t<meta name=\"twitter:label2\" content=\"Est. reading time\" \/>\n\t<meta name=\"twitter:data2\" content=\"3 minutes\" \/>\n<script type=\"application\/ld+json\" class=\"yoast-schema-graph\">{\"@context\":\"https:\\\/\\\/schema.org\",\"@graph\":[{\"@type\":\"Article\",\"@id\":\"https:\\\/\\\/sme-d.se\\\/2026\\\/01\\\/ny-utmarkelse-satter-fokus-pa-tech-som-starker-sveriges-motstandskraft-och-sakerhet\\\/#article\",\"isPartOf\":{\"@id\":\"https:\\\/\\\/sme-d.se\\\/2026\\\/01\\\/ny-utmarkelse-satter-fokus-pa-tech-som-starker-sveriges-motstandskraft-och-sakerhet\\\/\"},\"author\":{\"name\":\"Admin\",\"@id\":\"https:\\\/\\\/sme-d.se\\\/#\\\/schema\\\/person\\\/ac457227b3c0757ce8ebc07abee7f1c7\"},\"headline\":\"Ny utm\u00e4rkelse s\u00e4tter fokus p\u00e5 tech som st\u00e4rker Sveriges motst\u00e5ndskraft och s\u00e4kerhet\",\"datePublished\":\"2026-01-22T14:49:07+00:00\",\"dateModified\":\"2026-01-22T14:49:08+00:00\",\"mainEntityOfPage\":{\"@id\":\"https:\\\/\\\/sme-d.se\\\/2026\\\/01\\\/ny-utmarkelse-satter-fokus-pa-tech-som-starker-sveriges-motstandskraft-och-sakerhet\\\/\"},\"wordCount\":509,\"publisher\":{\"@id\":\"https:\\\/\\\/sme-d.se\\\/#organization\"},\"image\":{\"@id\":\"https:\\\/\\\/sme-d.se\\\/2026\\\/01\\\/ny-utmarkelse-satter-fokus-pa-tech-som-starker-sveriges-motstandskraft-och-sakerhet\\\/#primaryimage\"},\"thumbnailUrl\":\"https:\\\/\\\/sme-d.se\\\/wp-content\\\/uploads\\\/2026\\\/01\\\/techsverige-sme-d-Arets-sakerhetspris.png\",\"articleSection\":[\"F\u00f6reningsnyhet\"],\"inLanguage\":\"en-US\"},{\"@type\":\"WebPage\",\"@id\":\"https:\\\/\\\/sme-d.se\\\/2026\\\/01\\\/ny-utmarkelse-satter-fokus-pa-tech-som-starker-sveriges-motstandskraft-och-sakerhet\\\/\",\"url\":\"https:\\\/\\\/sme-d.se\\\/2026\\\/01\\\/ny-utmarkelse-satter-fokus-pa-tech-som-starker-sveriges-motstandskraft-och-sakerhet\\\/\",\"name\":\"Ny utm\u00e4rkelse s\u00e4tter fokus p\u00e5 tech som st\u00e4rker Sveriges motst\u00e5ndskraft och s\u00e4kerhet - SME-D\",\"isPartOf\":{\"@id\":\"https:\\\/\\\/sme-d.se\\\/#website\"},\"primaryImageOfPage\":{\"@id\":\"https:\\\/\\\/sme-d.se\\\/2026\\\/01\\\/ny-utmarkelse-satter-fokus-pa-tech-som-starker-sveriges-motstandskraft-och-sakerhet\\\/#primaryimage\"},\"image\":{\"@id\":\"https:\\\/\\\/sme-d.se\\\/2026\\\/01\\\/ny-utmarkelse-satter-fokus-pa-tech-som-starker-sveriges-motstandskraft-och-sakerhet\\\/#primaryimage\"},\"thumbnailUrl\":\"https:\\\/\\\/sme-d.se\\\/wp-content\\\/uploads\\\/2026\\\/01\\\/techsverige-sme-d-Arets-sakerhetspris.png\",\"datePublished\":\"2026-01-22T14:49:07+00:00\",\"dateModified\":\"2026-01-22T14:49:08+00:00\",\"breadcrumb\":{\"@id\":\"https:\\\/\\\/sme-d.se\\\/2026\\\/01\\\/ny-utmarkelse-satter-fokus-pa-tech-som-starker-sveriges-motstandskraft-och-sakerhet\\\/#breadcrumb\"},\"inLanguage\":\"en-US\",\"potentialAction\":[{\"@type\":\"ReadAction\",\"target\":[\"https:\\\/\\\/sme-d.se\\\/2026\\\/01\\\/ny-utmarkelse-satter-fokus-pa-tech-som-starker-sveriges-motstandskraft-och-sakerhet\\\/\"]}]},{\"@type\":\"ImageObject\",\"inLanguage\":\"en-US\",\"@id\":\"https:\\\/\\\/sme-d.se\\\/2026\\\/01\\\/ny-utmarkelse-satter-fokus-pa-tech-som-starker-sveriges-motstandskraft-och-sakerhet\\\/#primaryimage\",\"url\":\"https:\\\/\\\/sme-d.se\\\/wp-content\\\/uploads\\\/2026\\\/01\\\/techsverige-sme-d-Arets-sakerhetspris.png\",\"contentUrl\":\"https:\\\/\\\/sme-d.se\\\/wp-content\\\/uploads\\\/2026\\\/01\\\/techsverige-sme-d-Arets-sakerhetspris.png\",\"width\":1153,\"height\":668,\"caption\":\"techsverige sme-d \u00c5rets s\u00e4kerhetspris\"},{\"@type\":\"BreadcrumbList\",\"@id\":\"https:\\\/\\\/sme-d.se\\\/2026\\\/01\\\/ny-utmarkelse-satter-fokus-pa-tech-som-starker-sveriges-motstandskraft-och-sakerhet\\\/#breadcrumb\",\"itemListElement\":[{\"@type\":\"ListItem\",\"position\":1,\"name\":\"Home\",\"item\":\"https:\\\/\\\/sme-d.se\\\/\"},{\"@type\":\"ListItem\",\"position\":2,\"name\":\"Ny utm\u00e4rkelse s\u00e4tter fokus p\u00e5 tech som st\u00e4rker Sveriges motst\u00e5ndskraft och s\u00e4kerhet\"}]},{\"@type\":\"WebSite\",\"@id\":\"https:\\\/\\\/sme-d.se\\\/#website\",\"url\":\"https:\\\/\\\/sme-d.se\\\/\",\"name\":\"SME-D\",\"description\":\"Branschorganisationen f\u00f6r sm\u00e5 och medelstora f\u00f6retag (SME) inom svensk f\u00f6rsvarssektor\",\"publisher\":{\"@id\":\"https:\\\/\\\/sme-d.se\\\/#organization\"},\"potentialAction\":[{\"@type\":\"SearchAction\",\"target\":{\"@type\":\"EntryPoint\",\"urlTemplate\":\"https:\\\/\\\/sme-d.se\\\/?s={search_term_string}\"},\"query-input\":{\"@type\":\"PropertyValueSpecification\",\"valueRequired\":true,\"valueName\":\"search_term_string\"}}],\"inLanguage\":\"en-US\"},{\"@type\":\"Organization\",\"@id\":\"https:\\\/\\\/sme-d.se\\\/#organization\",\"name\":\"SME-D\",\"url\":\"https:\\\/\\\/sme-d.se\\\/\",\"logo\":{\"@type\":\"ImageObject\",\"inLanguage\":\"en-US\",\"@id\":\"https:\\\/\\\/sme-d.se\\\/#\\\/schema\\\/logo\\\/image\\\/\",\"url\":\"https:\\\/\\\/sme-d.se\\\/wp-content\\\/uploads\\\/2023\\\/12\\\/SME-logga-ny2-1.png\",\"contentUrl\":\"https:\\\/\\\/sme-d.se\\\/wp-content\\\/uploads\\\/2023\\\/12\\\/SME-logga-ny2-1.png\",\"width\":200,\"height\":58,\"caption\":\"SME-D\"},\"image\":{\"@id\":\"https:\\\/\\\/sme-d.se\\\/#\\\/schema\\\/logo\\\/image\\\/\"}},{\"@type\":\"Person\",\"@id\":\"https:\\\/\\\/sme-d.se\\\/#\\\/schema\\\/person\\\/ac457227b3c0757ce8ebc07abee7f1c7\",\"name\":\"Admin\",\"image\":{\"@type\":\"ImageObject\",\"inLanguage\":\"en-US\",\"@id\":\"https:\\\/\\\/secure.gravatar.com\\\/avatar\\\/bea9e2ed8228e3346f9f1196d320fb5c52d559e59ef7bff33dc52ae4093c9104?s=96&d=mm&r=g\",\"url\":\"https:\\\/\\\/secure.gravatar.com\\\/avatar\\\/bea9e2ed8228e3346f9f1196d320fb5c52d559e59ef7bff33dc52ae4093c9104?s=96&d=mm&r=g\",\"contentUrl\":\"https:\\\/\\\/secure.gravatar.com\\\/avatar\\\/bea9e2ed8228e3346f9f1196d320fb5c52d559e59ef7bff33dc52ae4093c9104?s=96&d=mm&r=g\",\"caption\":\"Admin\"},\"url\":\"https:\\\/\\\/sme-d.se\\\/en\\\/author\\\/admin\\\/\"}]}<\/script>\n<!-- \/ Yoast SEO plugin. -->","yoast_head_json":{"title":"New award focuses on tech that strengthens Sweden&#039;s resilience and security - SME-D","robots":{"index":"index","follow":"follow","max-snippet":"max-snippet:-1","max-image-preview":"max-image-preview:large","max-video-preview":"max-video-preview:-1"},"canonical":"https:\/\/sme-d.se\/en\/2026\/01\/ny-utmarkelse-satter-fokus-pa-tech-som-starker-sveriges-motstandskraft-och-sakerhet\/","og_locale":"en_US","og_type":"article","og_title":"Ny utm\u00e4rkelse s\u00e4tter fokus p\u00e5 tech som st\u00e4rker Sveriges motst\u00e5ndskraft och s\u00e4kerhet - SME-D","og_description":"Bransch- och arbetsgivarorganisationen TechSverige lanserar idag, tillsammans med SME-D,&nbsp;branschorganisationen f\u00f6r sm\u00e5 och medelstora f\u00f6retag inom svensk f\u00f6rsvarssektor,&nbsp;den nya utm\u00e4rkelsen \u00c5rets s\u00e4kerhetspris. Priset ska uppm\u00e4rksamma akt\u00f6rer som genom teknik, samverkan och ansvarstagande bidrar till att st\u00e4rka Sveriges s\u00e4kerhet \u2013 digitalt, civilt och milit\u00e4rt. Samtidigt presenteras juryn som ska kora \u00e5rets finalister och vinnare. I en tid [&hellip;]","og_url":"https:\/\/sme-d.se\/en\/2026\/01\/ny-utmarkelse-satter-fokus-pa-tech-som-starker-sveriges-motstandskraft-och-sakerhet\/","og_site_name":"SME-D","article_published_time":"2026-01-22T14:49:07+00:00","article_modified_time":"2026-01-22T14:49:08+00:00","og_image":[{"width":1153,"height":668,"url":"https:\/\/sme-d.se\/wp-content\/uploads\/2026\/01\/techsverige-sme-d-Arets-sakerhetspris.png","type":"image\/png"}],"author":"Admin","twitter_card":"summary_large_image","twitter_misc":{"Written by":"Admin","Est. reading time":"3 minutes"},"schema":{"@context":"https:\/\/schema.org","@graph":[{"@type":"Article","@id":"https:\/\/sme-d.se\/2026\/01\/ny-utmarkelse-satter-fokus-pa-tech-som-starker-sveriges-motstandskraft-och-sakerhet\/#article","isPartOf":{"@id":"https:\/\/sme-d.se\/2026\/01\/ny-utmarkelse-satter-fokus-pa-tech-som-starker-sveriges-motstandskraft-och-sakerhet\/"},"author":{"name":"Admin","@id":"https:\/\/sme-d.se\/#\/schema\/person\/ac457227b3c0757ce8ebc07abee7f1c7"},"headline":"Ny utm\u00e4rkelse s\u00e4tter fokus p\u00e5 tech som st\u00e4rker Sveriges motst\u00e5ndskraft och s\u00e4kerhet","datePublished":"2026-01-22T14:49:07+00:00","dateModified":"2026-01-22T14:49:08+00:00","mainEntityOfPage":{"@id":"https:\/\/sme-d.se\/2026\/01\/ny-utmarkelse-satter-fokus-pa-tech-som-starker-sveriges-motstandskraft-och-sakerhet\/"},"wordCount":509,"publisher":{"@id":"https:\/\/sme-d.se\/#organization"},"image":{"@id":"https:\/\/sme-d.se\/2026\/01\/ny-utmarkelse-satter-fokus-pa-tech-som-starker-sveriges-motstandskraft-och-sakerhet\/#primaryimage"},"thumbnailUrl":"https:\/\/sme-d.se\/wp-content\/uploads\/2026\/01\/techsverige-sme-d-Arets-sakerhetspris.png","articleSection":["F\u00f6reningsnyhet"],"inLanguage":"en-US"},{"@type":"WebPage","@id":"https:\/\/sme-d.se\/2026\/01\/ny-utmarkelse-satter-fokus-pa-tech-som-starker-sveriges-motstandskraft-och-sakerhet\/","url":"https:\/\/sme-d.se\/2026\/01\/ny-utmarkelse-satter-fokus-pa-tech-som-starker-sveriges-motstandskraft-och-sakerhet\/","name":"New award focuses on tech that strengthens Sweden&#039;s resilience and security - SME-D","isPartOf":{"@id":"https:\/\/sme-d.se\/#website"},"primaryImageOfPage":{"@id":"https:\/\/sme-d.se\/2026\/01\/ny-utmarkelse-satter-fokus-pa-tech-som-starker-sveriges-motstandskraft-och-sakerhet\/#primaryimage"},"image":{"@id":"https:\/\/sme-d.se\/2026\/01\/ny-utmarkelse-satter-fokus-pa-tech-som-starker-sveriges-motstandskraft-och-sakerhet\/#primaryimage"},"thumbnailUrl":"https:\/\/sme-d.se\/wp-content\/uploads\/2026\/01\/techsverige-sme-d-Arets-sakerhetspris.png","datePublished":"2026-01-22T14:49:07+00:00","dateModified":"2026-01-22T14:49:08+00:00","breadcrumb":{"@id":"https:\/\/sme-d.se\/2026\/01\/ny-utmarkelse-satter-fokus-pa-tech-som-starker-sveriges-motstandskraft-och-sakerhet\/#breadcrumb"},"inLanguage":"en-US","potentialAction":[{"@type":"ReadAction","target":["https:\/\/sme-d.se\/2026\/01\/ny-utmarkelse-satter-fokus-pa-tech-som-starker-sveriges-motstandskraft-och-sakerhet\/"]}]},{"@type":"ImageObject","inLanguage":"en-US","@id":"https:\/\/sme-d.se\/2026\/01\/ny-utmarkelse-satter-fokus-pa-tech-som-starker-sveriges-motstandskraft-och-sakerhet\/#primaryimage","url":"https:\/\/sme-d.se\/wp-content\/uploads\/2026\/01\/techsverige-sme-d-Arets-sakerhetspris.png","contentUrl":"https:\/\/sme-d.se\/wp-content\/uploads\/2026\/01\/techsverige-sme-d-Arets-sakerhetspris.png","width":1153,"height":668,"caption":"techsverige sme-d \u00c5rets s\u00e4kerhetspris"},{"@type":"BreadcrumbList","@id":"https:\/\/sme-d.se\/2026\/01\/ny-utmarkelse-satter-fokus-pa-tech-som-starker-sveriges-motstandskraft-och-sakerhet\/#breadcrumb","itemListElement":[{"@type":"ListItem","position":1,"name":"Home","item":"https:\/\/sme-d.se\/"},{"@type":"ListItem","position":2,"name":"Ny utm\u00e4rkelse s\u00e4tter fokus p\u00e5 tech som st\u00e4rker Sveriges motst\u00e5ndskraft och s\u00e4kerhet"}]},{"@type":"WebSite","@id":"https:\/\/sme-d.se\/#website","url":"https:\/\/sme-d.se\/","name":"SMITH","description":"The industry association for small and medium-sized enterprises (SMEs) in the Swedish defense sector","publisher":{"@id":"https:\/\/sme-d.se\/#organization"},"potentialAction":[{"@type":"SearchAction","target":{"@type":"EntryPoint","urlTemplate":"https:\/\/sme-d.se\/?s={search_term_string}"},"query-input":{"@type":"PropertyValueSpecification","valueRequired":true,"valueName":"search_term_string"}}],"inLanguage":"en-US"},{"@type":"Organization","@id":"https:\/\/sme-d.se\/#organization","name":"SMITH","url":"https:\/\/sme-d.se\/","logo":{"@type":"ImageObject","inLanguage":"en-US","@id":"https:\/\/sme-d.se\/#\/schema\/logo\/image\/","url":"https:\/\/sme-d.se\/wp-content\/uploads\/2023\/12\/SME-logga-ny2-1.png","contentUrl":"https:\/\/sme-d.se\/wp-content\/uploads\/2023\/12\/SME-logga-ny2-1.png","width":200,"height":58,"caption":"SME-D"},"image":{"@id":"https:\/\/sme-d.se\/#\/schema\/logo\/image\/"}},{"@type":"Person","@id":"https:\/\/sme-d.se\/#\/schema\/person\/ac457227b3c0757ce8ebc07abee7f1c7","name":"Admin","image":{"@type":"ImageObject","inLanguage":"en-US","@id":"https:\/\/secure.gravatar.com\/avatar\/bea9e2ed8228e3346f9f1196d320fb5c52d559e59ef7bff33dc52ae4093c9104?s=96&d=mm&r=g","url":"https:\/\/secure.gravatar.com\/avatar\/bea9e2ed8228e3346f9f1196d320fb5c52d559e59ef7bff33dc52ae4093c9104?s=96&d=mm&r=g","contentUrl":"https:\/\/secure.gravatar.com\/avatar\/bea9e2ed8228e3346f9f1196d320fb5c52d559e59ef7bff33dc52ae4093c9104?s=96&d=mm&r=g","caption":"Admin"},"url":"https:\/\/sme-d.se\/en\/author\/admin\/"}]}},"_links":{"self":[{"href":"https:\/\/sme-d.se\/en\/wp-json\/wp\/v2\/posts\/665323","targetHints":{"allow":["GET"]}}],"collection":[{"href":"https:\/\/sme-d.se\/en\/wp-json\/wp\/v2\/posts"}],"about":[{"href":"https:\/\/sme-d.se\/en\/wp-json\/wp\/v2\/types\/post"}],"author":[{"embeddable":true,"href":"https:\/\/sme-d.se\/en\/wp-json\/wp\/v2\/users\/5"}],"replies":[{"embeddable":true,"href":"https:\/\/sme-d.se\/en\/wp-json\/wp\/v2\/comments?post=665323"}],"version-history":[{"count":1,"href":"https:\/\/sme-d.se\/en\/wp-json\/wp\/v2\/posts\/665323\/revisions"}],"predecessor-version":[{"id":665324,"href":"https:\/\/sme-d.se\/en\/wp-json\/wp\/v2\/posts\/665323\/revisions\/665324"}],"wp:featuredmedia":[{"embeddable":true,"href":"https:\/\/sme-d.se\/en\/wp-json\/wp\/v2\/media\/665325"}],"wp:attachment":[{"href":"https:\/\/sme-d.se\/en\/wp-json\/wp\/v2\/media?parent=665323"}],"wp:term":[{"taxonomy":"category","embeddable":true,"href":"https:\/\/sme-d.se\/en\/wp-json\/wp\/v2\/categories?post=665323"},{"taxonomy":"post_tag","embeddable":true,"href":"https:\/\/sme-d.se\/en\/wp-json\/wp\/v2\/tags?post=665323"}],"curies":[{"name":"wp","href":"https:\/\/api.w.org\/{rel}","templated":true}]}}