{"id":665119,"date":"2025-09-02T08:30:00","date_gmt":"2025-09-02T06:30:00","guid":{"rendered":"https:\/\/sme-d.se\/?p=665119"},"modified":"2025-10-05T22:08:39","modified_gmt":"2025-10-05T20:08:39","slug":"in-memoriam-magnus-soderstrom-vd-cag-novus-consulting-ab","status":"publish","type":"post","link":"https:\/\/sme-d.se\/en\/2025\/09\/in-memoriam-magnus-soderstrom-vd-cag-novus-consulting-ab\/","title":{"rendered":"In memoriam \u2013 Magnus S\u00f6derstr\u00f6m, CEO of CAG Novus Consulting AB"},"content":{"rendered":"<p>It is with great sadness that we share that our valued member Magnus S\u00f6derstr\u00f6m has passed away, only 52 years old.<\/p>\n\n\n\n<p>Magnus was chairman of SME-D during 2020\u20132022 and has meant an enormous amount to both our association and the industry over the years - with his warmth, his expertise and his tireless commitment.<\/p>\n\n\n\n<p>Our warmest thoughts go out to Magnus&#039; family, friends and colleagues.<\/p>\n\n\n\n<p>We remember him with deep gratitude and respect.<\/p>\n\n\n\n<p><\/p>","protected":false},"excerpt":{"rendered":"<p>It is with great sadness that we share that our valued member Magnus S\u00f6derstr\u00f6m has passed away, at only 52 years old. Magnus was chairman of SME-D during 2020\u20132022 and has meant an enormous amount to both our association and the industry over the years \u2013 with his warmth, his expertise and his tireless commitment. Our warmest thoughts go out to Magnus\u2019 family, [\u2026]<\/p>","protected":false},"author":2,"featured_media":665121,"comment_status":"closed","ping_status":"closed","sticky":false,"template":"","format":"standard","meta":{"footnotes":""},"categories":[6],"tags":[],"class_list":["post-665119","post","type-post","status-publish","format-standard","has-post-thumbnail","hentry","category-foreningsnyhet"],"acf":[],"yoast_head":"<!-- This site is optimized with the Yoast SEO plugin v27.5 - https:\/\/yoast.com\/product\/yoast-seo-wordpress\/ -->\n<title>In memoriam \u2013 Magnus S\u00f6derstr\u00f6m, VD CAG Novus Consulting AB - SME-D<\/title>\n<meta name=\"robots\" content=\"index, follow, max-snippet:-1, max-image-preview:large, max-video-preview:-1\" \/>\n<link rel=\"canonical\" href=\"https:\/\/sme-d.se\/en\/2025\/09\/in-memoriam-magnus-soderstrom-vd-cag-novus-consulting-ab\/\" \/>\n<meta property=\"og:locale\" content=\"en_US\" \/>\n<meta property=\"og:type\" content=\"article\" \/>\n<meta property=\"og:title\" content=\"In memoriam \u2013 Magnus S\u00f6derstr\u00f6m, VD CAG Novus Consulting AB - SME-D\" \/>\n<meta property=\"og:description\" content=\"Med stor sorg delar vi att v\u00e5r uppskattade medlem Magnus S\u00f6derstr\u00f6m har g\u00e5tt bort, endast 52 \u00e5r gammal. Magnus var ordf\u00f6rande i SME-D under 2020\u20132022 och har genom \u00e5ren betytt oerh\u00f6rt mycket f\u00f6r b\u00e5de v\u00e5r f\u00f6rening och branschen \u2013 med sin v\u00e4rme, sin kompetens och sitt outtr\u00f6ttliga engagemang. V\u00e5ra varmaste tankar g\u00e5r till Magnus familj, [&hellip;]\" \/>\n<meta property=\"og:url\" content=\"https:\/\/sme-d.se\/en\/2025\/09\/in-memoriam-magnus-soderstrom-vd-cag-novus-consulting-ab\/\" \/>\n<meta property=\"og:site_name\" content=\"SME-D\" \/>\n<meta property=\"article:published_time\" content=\"2025-09-02T06:30:00+00:00\" \/>\n<meta property=\"article:modified_time\" content=\"2025-10-05T20:08:39+00:00\" \/>\n<meta property=\"og:image\" content=\"https:\/\/sme-d.se\/wp-content\/uploads\/2025\/09\/MS.jpg\" \/>\n\t<meta property=\"og:image:width\" content=\"1512\" \/>\n\t<meta property=\"og:image:height\" content=\"1098\" \/>\n\t<meta property=\"og:image:type\" content=\"image\/jpeg\" \/>\n<meta name=\"author\" content=\"hamid.ershad@tebab.com\" \/>\n<meta name=\"twitter:card\" content=\"summary_large_image\" \/>\n<meta name=\"twitter:label1\" content=\"Written by\" \/>\n\t<meta name=\"twitter:data1\" content=\"hamid.ershad@tebab.com\" \/>\n\t<meta name=\"twitter:label2\" content=\"Est. reading time\" \/>\n\t<meta name=\"twitter:data2\" content=\"1 minute\" \/>\n<script type=\"application\/ld+json\" class=\"yoast-schema-graph\">{\"@context\":\"https:\\\/\\\/schema.org\",\"@graph\":[{\"@type\":\"Article\",\"@id\":\"https:\\\/\\\/sme-d.se\\\/2025\\\/09\\\/in-memoriam-magnus-soderstrom-vd-cag-novus-consulting-ab\\\/#article\",\"isPartOf\":{\"@id\":\"https:\\\/\\\/sme-d.se\\\/2025\\\/09\\\/in-memoriam-magnus-soderstrom-vd-cag-novus-consulting-ab\\\/\"},\"author\":{\"name\":\"hamid.ershad@tebab.com\",\"@id\":\"https:\\\/\\\/sme-d.se\\\/#\\\/schema\\\/person\\\/643a10f983b385787d2918adf4e60ff8\"},\"headline\":\"In memoriam \u2013 Magnus S\u00f6derstr\u00f6m, VD CAG Novus Consulting AB\",\"datePublished\":\"2025-09-02T06:30:00+00:00\",\"dateModified\":\"2025-10-05T20:08:39+00:00\",\"mainEntityOfPage\":{\"@id\":\"https:\\\/\\\/sme-d.se\\\/2025\\\/09\\\/in-memoriam-magnus-soderstrom-vd-cag-novus-consulting-ab\\\/\"},\"wordCount\":89,\"publisher\":{\"@id\":\"https:\\\/\\\/sme-d.se\\\/#organization\"},\"image\":{\"@id\":\"https:\\\/\\\/sme-d.se\\\/2025\\\/09\\\/in-memoriam-magnus-soderstrom-vd-cag-novus-consulting-ab\\\/#primaryimage\"},\"thumbnailUrl\":\"https:\\\/\\\/sme-d.se\\\/wp-content\\\/uploads\\\/2025\\\/09\\\/MS.jpg\",\"articleSection\":[\"F\u00f6reningsnyhet\"],\"inLanguage\":\"en-US\"},{\"@type\":\"WebPage\",\"@id\":\"https:\\\/\\\/sme-d.se\\\/2025\\\/09\\\/in-memoriam-magnus-soderstrom-vd-cag-novus-consulting-ab\\\/\",\"url\":\"https:\\\/\\\/sme-d.se\\\/2025\\\/09\\\/in-memoriam-magnus-soderstrom-vd-cag-novus-consulting-ab\\\/\",\"name\":\"In memoriam \u2013 Magnus S\u00f6derstr\u00f6m, VD CAG Novus Consulting AB - SME-D\",\"isPartOf\":{\"@id\":\"https:\\\/\\\/sme-d.se\\\/#website\"},\"primaryImageOfPage\":{\"@id\":\"https:\\\/\\\/sme-d.se\\\/2025\\\/09\\\/in-memoriam-magnus-soderstrom-vd-cag-novus-consulting-ab\\\/#primaryimage\"},\"image\":{\"@id\":\"https:\\\/\\\/sme-d.se\\\/2025\\\/09\\\/in-memoriam-magnus-soderstrom-vd-cag-novus-consulting-ab\\\/#primaryimage\"},\"thumbnailUrl\":\"https:\\\/\\\/sme-d.se\\\/wp-content\\\/uploads\\\/2025\\\/09\\\/MS.jpg\",\"datePublished\":\"2025-09-02T06:30:00+00:00\",\"dateModified\":\"2025-10-05T20:08:39+00:00\",\"breadcrumb\":{\"@id\":\"https:\\\/\\\/sme-d.se\\\/2025\\\/09\\\/in-memoriam-magnus-soderstrom-vd-cag-novus-consulting-ab\\\/#breadcrumb\"},\"inLanguage\":\"en-US\",\"potentialAction\":[{\"@type\":\"ReadAction\",\"target\":[\"https:\\\/\\\/sme-d.se\\\/2025\\\/09\\\/in-memoriam-magnus-soderstrom-vd-cag-novus-consulting-ab\\\/\"]}]},{\"@type\":\"ImageObject\",\"inLanguage\":\"en-US\",\"@id\":\"https:\\\/\\\/sme-d.se\\\/2025\\\/09\\\/in-memoriam-magnus-soderstrom-vd-cag-novus-consulting-ab\\\/#primaryimage\",\"url\":\"https:\\\/\\\/sme-d.se\\\/wp-content\\\/uploads\\\/2025\\\/09\\\/MS.jpg\",\"contentUrl\":\"https:\\\/\\\/sme-d.se\\\/wp-content\\\/uploads\\\/2025\\\/09\\\/MS.jpg\",\"width\":1512,\"height\":1098},{\"@type\":\"BreadcrumbList\",\"@id\":\"https:\\\/\\\/sme-d.se\\\/2025\\\/09\\\/in-memoriam-magnus-soderstrom-vd-cag-novus-consulting-ab\\\/#breadcrumb\",\"itemListElement\":[{\"@type\":\"ListItem\",\"position\":1,\"name\":\"Home\",\"item\":\"https:\\\/\\\/sme-d.se\\\/\"},{\"@type\":\"ListItem\",\"position\":2,\"name\":\"In memoriam \u2013 Magnus S\u00f6derstr\u00f6m, VD CAG Novus Consulting AB\"}]},{\"@type\":\"WebSite\",\"@id\":\"https:\\\/\\\/sme-d.se\\\/#website\",\"url\":\"https:\\\/\\\/sme-d.se\\\/\",\"name\":\"SME-D\",\"description\":\"Branschorganisationen f\u00f6r sm\u00e5 och medelstora f\u00f6retag (SME) inom svensk f\u00f6rsvarssektor\",\"publisher\":{\"@id\":\"https:\\\/\\\/sme-d.se\\\/#organization\"},\"potentialAction\":[{\"@type\":\"SearchAction\",\"target\":{\"@type\":\"EntryPoint\",\"urlTemplate\":\"https:\\\/\\\/sme-d.se\\\/?s={search_term_string}\"},\"query-input\":{\"@type\":\"PropertyValueSpecification\",\"valueRequired\":true,\"valueName\":\"search_term_string\"}}],\"inLanguage\":\"en-US\"},{\"@type\":\"Organization\",\"@id\":\"https:\\\/\\\/sme-d.se\\\/#organization\",\"name\":\"SME-D\",\"url\":\"https:\\\/\\\/sme-d.se\\\/\",\"logo\":{\"@type\":\"ImageObject\",\"inLanguage\":\"en-US\",\"@id\":\"https:\\\/\\\/sme-d.se\\\/#\\\/schema\\\/logo\\\/image\\\/\",\"url\":\"https:\\\/\\\/sme-d.se\\\/wp-content\\\/uploads\\\/2023\\\/12\\\/SME-logga-ny2-1.png\",\"contentUrl\":\"https:\\\/\\\/sme-d.se\\\/wp-content\\\/uploads\\\/2023\\\/12\\\/SME-logga-ny2-1.png\",\"width\":200,\"height\":58,\"caption\":\"SME-D\"},\"image\":{\"@id\":\"https:\\\/\\\/sme-d.se\\\/#\\\/schema\\\/logo\\\/image\\\/\"}},{\"@type\":\"Person\",\"@id\":\"https:\\\/\\\/sme-d.se\\\/#\\\/schema\\\/person\\\/643a10f983b385787d2918adf4e60ff8\",\"name\":\"hamid.ershad@tebab.com\",\"image\":{\"@type\":\"ImageObject\",\"inLanguage\":\"en-US\",\"@id\":\"https:\\\/\\\/secure.gravatar.com\\\/avatar\\\/a6b278cd0d3c3106f8f9591855817f81ee2cdcabe13d18be42aa40d1e8c57082?s=96&d=mm&r=g\",\"url\":\"https:\\\/\\\/secure.gravatar.com\\\/avatar\\\/a6b278cd0d3c3106f8f9591855817f81ee2cdcabe13d18be42aa40d1e8c57082?s=96&d=mm&r=g\",\"contentUrl\":\"https:\\\/\\\/secure.gravatar.com\\\/avatar\\\/a6b278cd0d3c3106f8f9591855817f81ee2cdcabe13d18be42aa40d1e8c57082?s=96&d=mm&r=g\",\"caption\":\"hamid.ershad@tebab.com\"},\"url\":\"https:\\\/\\\/sme-d.se\\\/en\\\/author\\\/hamid-ershadtebab-com\\\/\"}]}<\/script>\n<!-- \/ Yoast SEO plugin. -->","yoast_head_json":{"title":"In memoriam \u2013 Magnus S\u00f6derstr\u00f6m, CEO of CAG Novus Consulting AB - SME-D","robots":{"index":"index","follow":"follow","max-snippet":"max-snippet:-1","max-image-preview":"max-image-preview:large","max-video-preview":"max-video-preview:-1"},"canonical":"https:\/\/sme-d.se\/en\/2025\/09\/in-memoriam-magnus-soderstrom-vd-cag-novus-consulting-ab\/","og_locale":"en_US","og_type":"article","og_title":"In memoriam \u2013 Magnus S\u00f6derstr\u00f6m, VD CAG Novus Consulting AB - SME-D","og_description":"Med stor sorg delar vi att v\u00e5r uppskattade medlem Magnus S\u00f6derstr\u00f6m har g\u00e5tt bort, endast 52 \u00e5r gammal. Magnus var ordf\u00f6rande i SME-D under 2020\u20132022 och har genom \u00e5ren betytt oerh\u00f6rt mycket f\u00f6r b\u00e5de v\u00e5r f\u00f6rening och branschen \u2013 med sin v\u00e4rme, sin kompetens och sitt outtr\u00f6ttliga engagemang. V\u00e5ra varmaste tankar g\u00e5r till Magnus familj, [&hellip;]","og_url":"https:\/\/sme-d.se\/en\/2025\/09\/in-memoriam-magnus-soderstrom-vd-cag-novus-consulting-ab\/","og_site_name":"SME-D","article_published_time":"2025-09-02T06:30:00+00:00","article_modified_time":"2025-10-05T20:08:39+00:00","og_image":[{"width":1512,"height":1098,"url":"https:\/\/sme-d.se\/wp-content\/uploads\/2025\/09\/MS.jpg","type":"image\/jpeg"}],"author":"hamid.ershad@tebab.com","twitter_card":"summary_large_image","twitter_misc":{"Written by":"hamid.ershad@tebab.com","Est. reading time":"1 minute"},"schema":{"@context":"https:\/\/schema.org","@graph":[{"@type":"Article","@id":"https:\/\/sme-d.se\/2025\/09\/in-memoriam-magnus-soderstrom-vd-cag-novus-consulting-ab\/#article","isPartOf":{"@id":"https:\/\/sme-d.se\/2025\/09\/in-memoriam-magnus-soderstrom-vd-cag-novus-consulting-ab\/"},"author":{"name":"hamid.ershad@tebab.com","@id":"https:\/\/sme-d.se\/#\/schema\/person\/643a10f983b385787d2918adf4e60ff8"},"headline":"In memoriam \u2013 Magnus S\u00f6derstr\u00f6m, VD CAG Novus Consulting AB","datePublished":"2025-09-02T06:30:00+00:00","dateModified":"2025-10-05T20:08:39+00:00","mainEntityOfPage":{"@id":"https:\/\/sme-d.se\/2025\/09\/in-memoriam-magnus-soderstrom-vd-cag-novus-consulting-ab\/"},"wordCount":89,"publisher":{"@id":"https:\/\/sme-d.se\/#organization"},"image":{"@id":"https:\/\/sme-d.se\/2025\/09\/in-memoriam-magnus-soderstrom-vd-cag-novus-consulting-ab\/#primaryimage"},"thumbnailUrl":"https:\/\/sme-d.se\/wp-content\/uploads\/2025\/09\/MS.jpg","articleSection":["F\u00f6reningsnyhet"],"inLanguage":"en-US"},{"@type":"WebPage","@id":"https:\/\/sme-d.se\/2025\/09\/in-memoriam-magnus-soderstrom-vd-cag-novus-consulting-ab\/","url":"https:\/\/sme-d.se\/2025\/09\/in-memoriam-magnus-soderstrom-vd-cag-novus-consulting-ab\/","name":"In memoriam \u2013 Magnus S\u00f6derstr\u00f6m, CEO of CAG Novus Consulting AB - SME-D","isPartOf":{"@id":"https:\/\/sme-d.se\/#website"},"primaryImageOfPage":{"@id":"https:\/\/sme-d.se\/2025\/09\/in-memoriam-magnus-soderstrom-vd-cag-novus-consulting-ab\/#primaryimage"},"image":{"@id":"https:\/\/sme-d.se\/2025\/09\/in-memoriam-magnus-soderstrom-vd-cag-novus-consulting-ab\/#primaryimage"},"thumbnailUrl":"https:\/\/sme-d.se\/wp-content\/uploads\/2025\/09\/MS.jpg","datePublished":"2025-09-02T06:30:00+00:00","dateModified":"2025-10-05T20:08:39+00:00","breadcrumb":{"@id":"https:\/\/sme-d.se\/2025\/09\/in-memoriam-magnus-soderstrom-vd-cag-novus-consulting-ab\/#breadcrumb"},"inLanguage":"en-US","potentialAction":[{"@type":"ReadAction","target":["https:\/\/sme-d.se\/2025\/09\/in-memoriam-magnus-soderstrom-vd-cag-novus-consulting-ab\/"]}]},{"@type":"ImageObject","inLanguage":"en-US","@id":"https:\/\/sme-d.se\/2025\/09\/in-memoriam-magnus-soderstrom-vd-cag-novus-consulting-ab\/#primaryimage","url":"https:\/\/sme-d.se\/wp-content\/uploads\/2025\/09\/MS.jpg","contentUrl":"https:\/\/sme-d.se\/wp-content\/uploads\/2025\/09\/MS.jpg","width":1512,"height":1098},{"@type":"BreadcrumbList","@id":"https:\/\/sme-d.se\/2025\/09\/in-memoriam-magnus-soderstrom-vd-cag-novus-consulting-ab\/#breadcrumb","itemListElement":[{"@type":"ListItem","position":1,"name":"Home","item":"https:\/\/sme-d.se\/"},{"@type":"ListItem","position":2,"name":"In memoriam \u2013 Magnus S\u00f6derstr\u00f6m, VD CAG Novus Consulting AB"}]},{"@type":"WebSite","@id":"https:\/\/sme-d.se\/#website","url":"https:\/\/sme-d.se\/","name":"SMITH","description":"The industry association for small and medium-sized enterprises (SMEs) in the Swedish defense sector","publisher":{"@id":"https:\/\/sme-d.se\/#organization"},"potentialAction":[{"@type":"SearchAction","target":{"@type":"EntryPoint","urlTemplate":"https:\/\/sme-d.se\/?s={search_term_string}"},"query-input":{"@type":"PropertyValueSpecification","valueRequired":true,"valueName":"search_term_string"}}],"inLanguage":"en-US"},{"@type":"Organization","@id":"https:\/\/sme-d.se\/#organization","name":"SMITH","url":"https:\/\/sme-d.se\/","logo":{"@type":"ImageObject","inLanguage":"en-US","@id":"https:\/\/sme-d.se\/#\/schema\/logo\/image\/","url":"https:\/\/sme-d.se\/wp-content\/uploads\/2023\/12\/SME-logga-ny2-1.png","contentUrl":"https:\/\/sme-d.se\/wp-content\/uploads\/2023\/12\/SME-logga-ny2-1.png","width":200,"height":58,"caption":"SME-D"},"image":{"@id":"https:\/\/sme-d.se\/#\/schema\/logo\/image\/"}},{"@type":"Person","@id":"https:\/\/sme-d.se\/#\/schema\/person\/643a10f983b385787d2918adf4e60ff8","name":"hamid.ershad@tebab.com","image":{"@type":"ImageObject","inLanguage":"en-US","@id":"https:\/\/secure.gravatar.com\/avatar\/a6b278cd0d3c3106f8f9591855817f81ee2cdcabe13d18be42aa40d1e8c57082?s=96&d=mm&r=g","url":"https:\/\/secure.gravatar.com\/avatar\/a6b278cd0d3c3106f8f9591855817f81ee2cdcabe13d18be42aa40d1e8c57082?s=96&d=mm&r=g","contentUrl":"https:\/\/secure.gravatar.com\/avatar\/a6b278cd0d3c3106f8f9591855817f81ee2cdcabe13d18be42aa40d1e8c57082?s=96&d=mm&r=g","caption":"hamid.ershad@tebab.com"},"url":"https:\/\/sme-d.se\/en\/author\/hamid-ershadtebab-com\/"}]}},"_links":{"self":[{"href":"https:\/\/sme-d.se\/en\/wp-json\/wp\/v2\/posts\/665119","targetHints":{"allow":["GET"]}}],"collection":[{"href":"https:\/\/sme-d.se\/en\/wp-json\/wp\/v2\/posts"}],"about":[{"href":"https:\/\/sme-d.se\/en\/wp-json\/wp\/v2\/types\/post"}],"author":[{"embeddable":true,"href":"https:\/\/sme-d.se\/en\/wp-json\/wp\/v2\/users\/2"}],"replies":[{"embeddable":true,"href":"https:\/\/sme-d.se\/en\/wp-json\/wp\/v2\/comments?post=665119"}],"version-history":[{"count":1,"href":"https:\/\/sme-d.se\/en\/wp-json\/wp\/v2\/posts\/665119\/revisions"}],"predecessor-version":[{"id":665122,"href":"https:\/\/sme-d.se\/en\/wp-json\/wp\/v2\/posts\/665119\/revisions\/665122"}],"wp:featuredmedia":[{"embeddable":true,"href":"https:\/\/sme-d.se\/en\/wp-json\/wp\/v2\/media\/665121"}],"wp:attachment":[{"href":"https:\/\/sme-d.se\/en\/wp-json\/wp\/v2\/media?parent=665119"}],"wp:term":[{"taxonomy":"category","embeddable":true,"href":"https:\/\/sme-d.se\/en\/wp-json\/wp\/v2\/categories?post=665119"},{"taxonomy":"post_tag","embeddable":true,"href":"https:\/\/sme-d.se\/en\/wp-json\/wp\/v2\/tags?post=665119"}],"curies":[{"name":"wp","href":"https:\/\/api.w.org\/{rel}","templated":true}]}}