{"id":665085,"date":"2025-05-26T11:02:22","date_gmt":"2025-05-26T09:02:22","guid":{"rendered":"https:\/\/sme-d.se\/?p=665085"},"modified":"2025-05-26T11:10:58","modified_gmt":"2025-05-26T09:10:58","slug":"varmote-och-natverkstraff-med-sme-d","status":"publish","type":"post","link":"https:\/\/sme-d.se\/en\/2025\/05\/varmote-och-natverkstraff-med-sme-d\/","title":{"rendered":"SME-D&#039;s spring meeting 2025: Focus on the defense sector, capital markets and export support"},"content":{"rendered":"<figure class=\"wp-block-gallery has-nested-images columns-default is-cropped wp-block-gallery-1 is-layout-flex wp-block-gallery-is-layout-flex\">\n<figure class=\"wp-block-image size-large\"><img loading=\"lazy\" decoding=\"async\" width=\"1024\" height=\"683\" data-id=\"665086\" src=\"https:\/\/sme-d.se\/wp-content\/uploads\/2025\/05\/BRG_0042-1024x683.jpg\" alt=\"\" class=\"wp-image-665086\" srcset=\"https:\/\/sme-d.se\/wp-content\/uploads\/2025\/05\/BRG_0042-1024x683.jpg 1024w, https:\/\/sme-d.se\/wp-content\/uploads\/2025\/05\/BRG_0042-300x200.jpg 300w, https:\/\/sme-d.se\/wp-content\/uploads\/2025\/05\/BRG_0042-768x512.jpg 768w, https:\/\/sme-d.se\/wp-content\/uploads\/2025\/05\/BRG_0042-1536x1024.jpg 1536w, https:\/\/sme-d.se\/wp-content\/uploads\/2025\/05\/BRG_0042-2048x1365.jpg 2048w, https:\/\/sme-d.se\/wp-content\/uploads\/2025\/05\/BRG_0042-1620x1080.jpg 1620w\" sizes=\"auto, (max-width: 1024px) 100vw, 1024px\" \/><\/figure>\n\n\n\n<figure class=\"wp-block-image size-large\"><img loading=\"lazy\" decoding=\"async\" width=\"1024\" height=\"683\" data-id=\"665088\" src=\"https:\/\/sme-d.se\/wp-content\/uploads\/2025\/05\/BRG_0083-1024x683.jpg\" alt=\"\" class=\"wp-image-665088\" srcset=\"https:\/\/sme-d.se\/wp-content\/uploads\/2025\/05\/BRG_0083-1024x683.jpg 1024w, https:\/\/sme-d.se\/wp-content\/uploads\/2025\/05\/BRG_0083-300x200.jpg 300w, https:\/\/sme-d.se\/wp-content\/uploads\/2025\/05\/BRG_0083-768x512.jpg 768w, https:\/\/sme-d.se\/wp-content\/uploads\/2025\/05\/BRG_0083-1536x1024.jpg 1536w, https:\/\/sme-d.se\/wp-content\/uploads\/2025\/05\/BRG_0083-2048x1365.jpg 2048w, https:\/\/sme-d.se\/wp-content\/uploads\/2025\/05\/BRG_0083-1620x1080.jpg 1620w\" sizes=\"auto, (max-width: 1024px) 100vw, 1024px\" \/><\/figure>\n\n\n\n<figure class=\"wp-block-image size-large\"><img loading=\"lazy\" decoding=\"async\" width=\"1024\" height=\"683\" data-id=\"665087\" src=\"https:\/\/sme-d.se\/wp-content\/uploads\/2025\/05\/BRG_0159-1024x683.jpg\" alt=\"\" class=\"wp-image-665087\" srcset=\"https:\/\/sme-d.se\/wp-content\/uploads\/2025\/05\/BRG_0159-1024x683.jpg 1024w, https:\/\/sme-d.se\/wp-content\/uploads\/2025\/05\/BRG_0159-300x200.jpg 300w, https:\/\/sme-d.se\/wp-content\/uploads\/2025\/05\/BRG_0159-768x512.jpg 768w, https:\/\/sme-d.se\/wp-content\/uploads\/2025\/05\/BRG_0159-1536x1024.jpg 1536w, https:\/\/sme-d.se\/wp-content\/uploads\/2025\/05\/BRG_0159-2048x1365.jpg 2048w, https:\/\/sme-d.se\/wp-content\/uploads\/2025\/05\/BRG_0159-1620x1080.jpg 1620w\" sizes=\"auto, (max-width: 1024px) 100vw, 1024px\" \/><\/figure>\n\n\n\n<figure class=\"wp-block-image size-large\"><img loading=\"lazy\" decoding=\"async\" width=\"1024\" height=\"683\" data-id=\"665089\" src=\"https:\/\/sme-d.se\/wp-content\/uploads\/2025\/05\/BRG_0277-1024x683.jpg\" alt=\"\" class=\"wp-image-665089\" srcset=\"https:\/\/sme-d.se\/wp-content\/uploads\/2025\/05\/BRG_0277-1024x683.jpg 1024w, https:\/\/sme-d.se\/wp-content\/uploads\/2025\/05\/BRG_0277-300x200.jpg 300w, https:\/\/sme-d.se\/wp-content\/uploads\/2025\/05\/BRG_0277-768x512.jpg 768w, https:\/\/sme-d.se\/wp-content\/uploads\/2025\/05\/BRG_0277-1536x1024.jpg 1536w, https:\/\/sme-d.se\/wp-content\/uploads\/2025\/05\/BRG_0277-2048x1365.jpg 2048w, https:\/\/sme-d.se\/wp-content\/uploads\/2025\/05\/BRG_0277-1620x1080.jpg 1620w\" sizes=\"auto, (max-width: 1024px) 100vw, 1024px\" \/><\/figure>\n\n\n\n<figure class=\"wp-block-image size-large\"><img loading=\"lazy\" decoding=\"async\" width=\"1024\" height=\"683\" data-id=\"665090\" src=\"https:\/\/sme-d.se\/wp-content\/uploads\/2025\/05\/BRG_0326-1024x683.jpg\" alt=\"\" class=\"wp-image-665090\" srcset=\"https:\/\/sme-d.se\/wp-content\/uploads\/2025\/05\/BRG_0326-1024x683.jpg 1024w, https:\/\/sme-d.se\/wp-content\/uploads\/2025\/05\/BRG_0326-300x200.jpg 300w, https:\/\/sme-d.se\/wp-content\/uploads\/2025\/05\/BRG_0326-768x512.jpg 768w, https:\/\/sme-d.se\/wp-content\/uploads\/2025\/05\/BRG_0326-1536x1024.jpg 1536w, https:\/\/sme-d.se\/wp-content\/uploads\/2025\/05\/BRG_0326-2048x1365.jpg 2048w, https:\/\/sme-d.se\/wp-content\/uploads\/2025\/05\/BRG_0326-1620x1080.jpg 1620w\" sizes=\"auto, (max-width: 1024px) 100vw, 1024px\" \/><\/figure>\n<\/figure>\n\n\n\n<h2 class=\"wp-block-heading\">Strong participation when SME companies gathered for spring meeting in Stockholm<\/h2>\n\n\n\n<p>SME-D&#039;s spring meeting on May 21, 2025 brought together Swedish SME companies in defense and security for a full day filled with business, analysis and networking.<\/p>\n\n\n\n<h3 class=\"wp-block-heading\">Law and business with FMV \u2013 concrete advice for defense sector suppliers<\/h3>\n\n\n\n<p>The day began with a case study about&nbsp;<strong>LUFS and LSS Mark<\/strong>&nbsp;by lawyers from Uppkraft, followed by insights from&nbsp;<strong>Helen Widin<\/strong>&nbsp;at FMV about how small and medium-sized companies can do business with the authority.<\/p>\n\n\n\n<h3 class=\"wp-block-heading\">Swedish defense industry in change \u2013 Swedbank&#039;s view on the capital market<\/h3>\n\n\n\n<p><strong>Patrik Brimedahl<\/strong>&nbsp;from Swedbank analyzed how the global defense industry is changing and how the capital market views Swedish defense and hybrid companies.<\/p>\n\n\n\n<h3 class=\"wp-block-heading\">Panel discussion with the Defence Committee: How the capital market can support SMEs<\/h3>\n\n\n\n<p>During a panel discussion with&nbsp;<strong>Defense Committee<\/strong>&nbsp;discussed how financing and investments can be improved for Swedish SMEs in the defense sector. Participants included&nbsp;<strong>Hanna Gunnarsson (L)<\/strong>&nbsp;and&nbsp;<strong>Gustaf G\u00f6thberg (M)<\/strong>.<\/p>\n\n\n\n<h3 class=\"wp-block-heading\">Improved export support in the defense sector \u2013 the government&#039;s investigation in focus<\/h3>\n\n\n\n<p><strong>Viktoria Klevensparr<\/strong>, investigation secretary in&nbsp;<strong>2024 Defence Export Review<\/strong>, presented the state&#039;s plans to develop support for companies with international ambitions in defense and security.<\/p>\n\n\n\n<h3 class=\"wp-block-heading\">New board elected for SME-D \u2013 thanks to outgoing members<\/h3>\n\n\n\n<p>SME-D elected a new board during the annual meeting. The new chairman is\u00a0<strong>Andreas Nilsson<\/strong>\u00a0from Knowit Defence Technology. The association also thanked the outgoing members <strong>Karl Kallstrom<\/strong> and <strong>Fredrik Hessel<\/strong>, and especially the chairman\u00a0<strong>Jaime Rico<\/strong>\u00a0for his great commitment.<\/p>\n\n\n\n<p>The new board is at <a href=\"https:\/\/sme-d.se\/en\/styrelsen\/\" target=\"_blank\" rel=\"noreferrer noopener\">sme-d.se\/styrelsen\/<\/a>.<\/p>\n\n\n\n<h3 class=\"wp-block-heading\">Next steps for SME-D \u2013 follow us for more events in the defense sector<\/h3>\n\n\n\n<p>The spring meeting 2025 ended with mingling and new contacts. Would you like to participate next time? Follow SME-D on\u00a0<a class=\"\" href=\"https:\/\/www.linkedin.com\/\">LinkedIn<\/a>\u00a0or keep an eye out here for information about upcoming activities.<\/p>\n\n\n\n<p><\/p>","protected":false},"excerpt":{"rendered":"<p>Strong participation as SME companies gathered for spring meeting in Stockholm SME-D&#039;s spring meeting on May 21, 2025 brought together Swedish SME companies in defense and security for a full day filled with business, analysis and networking. Law and business with FMV - concrete advice for defense sector suppliers The day began with a case study on LUFS and LSS Mark by lawyers from Uppkraft, followed [\u2026]<\/p>","protected":false},"author":2,"featured_media":665088,"comment_status":"closed","ping_status":"closed","sticky":false,"template":"","format":"standard","meta":{"footnotes":""},"categories":[6],"tags":[],"class_list":["post-665085","post","type-post","status-publish","format-standard","has-post-thumbnail","hentry","category-foreningsnyhet"],"acf":[],"yoast_head":"<!-- This site is optimized with the Yoast SEO plugin v27.5 - https:\/\/yoast.com\/product\/yoast-seo-wordpress\/ -->\n<title>SME-D:s v\u00e5rm\u00f6te 2025: Fokus p\u00e5 f\u00f6rsvarssektorn, kapitalmarknad och exportst\u00f6d - SME-D<\/title>\n<meta name=\"robots\" content=\"index, follow, max-snippet:-1, max-image-preview:large, max-video-preview:-1\" \/>\n<link rel=\"canonical\" href=\"https:\/\/sme-d.se\/en\/2025\/05\/varmote-och-natverkstraff-med-sme-d\/\" \/>\n<meta property=\"og:locale\" content=\"en_US\" \/>\n<meta property=\"og:type\" content=\"article\" \/>\n<meta property=\"og:title\" content=\"SME-D:s v\u00e5rm\u00f6te 2025: Fokus p\u00e5 f\u00f6rsvarssektorn, kapitalmarknad och exportst\u00f6d - SME-D\" \/>\n<meta property=\"og:description\" content=\"Starkt deltagande n\u00e4r SME-f\u00f6retag samlades f\u00f6r v\u00e5rm\u00f6te i Stockholm SME-D:s v\u00e5rm\u00f6te den 21 maj 2025 samlade svenska SME-f\u00f6retag inom f\u00f6rsvar och s\u00e4kerhet till en heldag fylld med aff\u00e4rer, analyser och n\u00e4tverkande. Juridik och aff\u00e4rer med FMV \u2013 konkreta r\u00e5d till f\u00f6rsvarssektorns leverant\u00f6rer Dagen inleddes med en fallstudie om&nbsp;LUFS och LSS Mark&nbsp;av jurister fr\u00e5n Uppkraft, f\u00f6ljt [&hellip;]\" \/>\n<meta property=\"og:url\" content=\"https:\/\/sme-d.se\/en\/2025\/05\/varmote-och-natverkstraff-med-sme-d\/\" \/>\n<meta property=\"og:site_name\" content=\"SME-D\" \/>\n<meta property=\"article:published_time\" content=\"2025-05-26T09:02:22+00:00\" \/>\n<meta property=\"article:modified_time\" content=\"2025-05-26T09:10:58+00:00\" \/>\n<meta property=\"og:image\" content=\"https:\/\/sme-d.se\/wp-content\/uploads\/2025\/05\/BRG_0083-scaled.jpg\" \/>\n\t<meta property=\"og:image:width\" content=\"2560\" \/>\n\t<meta property=\"og:image:height\" content=\"1707\" \/>\n\t<meta property=\"og:image:type\" content=\"image\/jpeg\" \/>\n<meta name=\"author\" content=\"hamid.ershad@tebab.com\" \/>\n<meta name=\"twitter:card\" content=\"summary_large_image\" \/>\n<meta name=\"twitter:label1\" content=\"Written by\" \/>\n\t<meta name=\"twitter:data1\" content=\"hamid.ershad@tebab.com\" \/>\n\t<meta name=\"twitter:label2\" content=\"Est. reading time\" \/>\n\t<meta name=\"twitter:data2\" content=\"3 minutes\" \/>\n<script type=\"application\/ld+json\" class=\"yoast-schema-graph\">{\"@context\":\"https:\\\/\\\/schema.org\",\"@graph\":[{\"@type\":\"Article\",\"@id\":\"https:\\\/\\\/sme-d.se\\\/2025\\\/05\\\/varmote-och-natverkstraff-med-sme-d\\\/#article\",\"isPartOf\":{\"@id\":\"https:\\\/\\\/sme-d.se\\\/2025\\\/05\\\/varmote-och-natverkstraff-med-sme-d\\\/\"},\"author\":{\"name\":\"hamid.ershad@tebab.com\",\"@id\":\"https:\\\/\\\/sme-d.se\\\/#\\\/schema\\\/person\\\/643a10f983b385787d2918adf4e60ff8\"},\"headline\":\"SME-D:s v\u00e5rm\u00f6te 2025: Fokus p\u00e5 f\u00f6rsvarssektorn, kapitalmarknad och exportst\u00f6d\",\"datePublished\":\"2025-05-26T09:02:22+00:00\",\"dateModified\":\"2025-05-26T09:10:58+00:00\",\"mainEntityOfPage\":{\"@id\":\"https:\\\/\\\/sme-d.se\\\/2025\\\/05\\\/varmote-och-natverkstraff-med-sme-d\\\/\"},\"wordCount\":356,\"publisher\":{\"@id\":\"https:\\\/\\\/sme-d.se\\\/#organization\"},\"image\":{\"@id\":\"https:\\\/\\\/sme-d.se\\\/2025\\\/05\\\/varmote-och-natverkstraff-med-sme-d\\\/#primaryimage\"},\"thumbnailUrl\":\"https:\\\/\\\/sme-d.se\\\/wp-content\\\/uploads\\\/2025\\\/05\\\/BRG_0083-scaled.jpg\",\"articleSection\":[\"F\u00f6reningsnyhet\"],\"inLanguage\":\"en-US\"},{\"@type\":\"WebPage\",\"@id\":\"https:\\\/\\\/sme-d.se\\\/2025\\\/05\\\/varmote-och-natverkstraff-med-sme-d\\\/\",\"url\":\"https:\\\/\\\/sme-d.se\\\/2025\\\/05\\\/varmote-och-natverkstraff-med-sme-d\\\/\",\"name\":\"SME-D:s v\u00e5rm\u00f6te 2025: Fokus p\u00e5 f\u00f6rsvarssektorn, kapitalmarknad och exportst\u00f6d - SME-D\",\"isPartOf\":{\"@id\":\"https:\\\/\\\/sme-d.se\\\/#website\"},\"primaryImageOfPage\":{\"@id\":\"https:\\\/\\\/sme-d.se\\\/2025\\\/05\\\/varmote-och-natverkstraff-med-sme-d\\\/#primaryimage\"},\"image\":{\"@id\":\"https:\\\/\\\/sme-d.se\\\/2025\\\/05\\\/varmote-och-natverkstraff-med-sme-d\\\/#primaryimage\"},\"thumbnailUrl\":\"https:\\\/\\\/sme-d.se\\\/wp-content\\\/uploads\\\/2025\\\/05\\\/BRG_0083-scaled.jpg\",\"datePublished\":\"2025-05-26T09:02:22+00:00\",\"dateModified\":\"2025-05-26T09:10:58+00:00\",\"breadcrumb\":{\"@id\":\"https:\\\/\\\/sme-d.se\\\/2025\\\/05\\\/varmote-och-natverkstraff-med-sme-d\\\/#breadcrumb\"},\"inLanguage\":\"en-US\",\"potentialAction\":[{\"@type\":\"ReadAction\",\"target\":[\"https:\\\/\\\/sme-d.se\\\/2025\\\/05\\\/varmote-och-natverkstraff-med-sme-d\\\/\"]}]},{\"@type\":\"ImageObject\",\"inLanguage\":\"en-US\",\"@id\":\"https:\\\/\\\/sme-d.se\\\/2025\\\/05\\\/varmote-och-natverkstraff-med-sme-d\\\/#primaryimage\",\"url\":\"https:\\\/\\\/sme-d.se\\\/wp-content\\\/uploads\\\/2025\\\/05\\\/BRG_0083-scaled.jpg\",\"contentUrl\":\"https:\\\/\\\/sme-d.se\\\/wp-content\\\/uploads\\\/2025\\\/05\\\/BRG_0083-scaled.jpg\",\"width\":2560,\"height\":1707},{\"@type\":\"BreadcrumbList\",\"@id\":\"https:\\\/\\\/sme-d.se\\\/2025\\\/05\\\/varmote-och-natverkstraff-med-sme-d\\\/#breadcrumb\",\"itemListElement\":[{\"@type\":\"ListItem\",\"position\":1,\"name\":\"Home\",\"item\":\"https:\\\/\\\/sme-d.se\\\/\"},{\"@type\":\"ListItem\",\"position\":2,\"name\":\"SME-D:s v\u00e5rm\u00f6te 2025: Fokus p\u00e5 f\u00f6rsvarssektorn, kapitalmarknad och exportst\u00f6d\"}]},{\"@type\":\"WebSite\",\"@id\":\"https:\\\/\\\/sme-d.se\\\/#website\",\"url\":\"https:\\\/\\\/sme-d.se\\\/\",\"name\":\"SME-D\",\"description\":\"Branschorganisationen f\u00f6r sm\u00e5 och medelstora f\u00f6retag (SME) inom svensk f\u00f6rsvarssektor\",\"publisher\":{\"@id\":\"https:\\\/\\\/sme-d.se\\\/#organization\"},\"potentialAction\":[{\"@type\":\"SearchAction\",\"target\":{\"@type\":\"EntryPoint\",\"urlTemplate\":\"https:\\\/\\\/sme-d.se\\\/?s={search_term_string}\"},\"query-input\":{\"@type\":\"PropertyValueSpecification\",\"valueRequired\":true,\"valueName\":\"search_term_string\"}}],\"inLanguage\":\"en-US\"},{\"@type\":\"Organization\",\"@id\":\"https:\\\/\\\/sme-d.se\\\/#organization\",\"name\":\"SME-D\",\"url\":\"https:\\\/\\\/sme-d.se\\\/\",\"logo\":{\"@type\":\"ImageObject\",\"inLanguage\":\"en-US\",\"@id\":\"https:\\\/\\\/sme-d.se\\\/#\\\/schema\\\/logo\\\/image\\\/\",\"url\":\"https:\\\/\\\/sme-d.se\\\/wp-content\\\/uploads\\\/2023\\\/12\\\/SME-logga-ny2-1.png\",\"contentUrl\":\"https:\\\/\\\/sme-d.se\\\/wp-content\\\/uploads\\\/2023\\\/12\\\/SME-logga-ny2-1.png\",\"width\":200,\"height\":58,\"caption\":\"SME-D\"},\"image\":{\"@id\":\"https:\\\/\\\/sme-d.se\\\/#\\\/schema\\\/logo\\\/image\\\/\"}},{\"@type\":\"Person\",\"@id\":\"https:\\\/\\\/sme-d.se\\\/#\\\/schema\\\/person\\\/643a10f983b385787d2918adf4e60ff8\",\"name\":\"hamid.ershad@tebab.com\",\"image\":{\"@type\":\"ImageObject\",\"inLanguage\":\"en-US\",\"@id\":\"https:\\\/\\\/secure.gravatar.com\\\/avatar\\\/a6b278cd0d3c3106f8f9591855817f81ee2cdcabe13d18be42aa40d1e8c57082?s=96&d=mm&r=g\",\"url\":\"https:\\\/\\\/secure.gravatar.com\\\/avatar\\\/a6b278cd0d3c3106f8f9591855817f81ee2cdcabe13d18be42aa40d1e8c57082?s=96&d=mm&r=g\",\"contentUrl\":\"https:\\\/\\\/secure.gravatar.com\\\/avatar\\\/a6b278cd0d3c3106f8f9591855817f81ee2cdcabe13d18be42aa40d1e8c57082?s=96&d=mm&r=g\",\"caption\":\"hamid.ershad@tebab.com\"},\"url\":\"https:\\\/\\\/sme-d.se\\\/en\\\/author\\\/hamid-ershadtebab-com\\\/\"}]}<\/script>\n<!-- \/ Yoast SEO plugin. -->","yoast_head_json":{"title":"SME-D&#039;s spring meeting 2025: Focus on the defense sector, capital markets and export support - SME-D","robots":{"index":"index","follow":"follow","max-snippet":"max-snippet:-1","max-image-preview":"max-image-preview:large","max-video-preview":"max-video-preview:-1"},"canonical":"https:\/\/sme-d.se\/en\/2025\/05\/varmote-och-natverkstraff-med-sme-d\/","og_locale":"en_US","og_type":"article","og_title":"SME-D:s v\u00e5rm\u00f6te 2025: Fokus p\u00e5 f\u00f6rsvarssektorn, kapitalmarknad och exportst\u00f6d - SME-D","og_description":"Starkt deltagande n\u00e4r SME-f\u00f6retag samlades f\u00f6r v\u00e5rm\u00f6te i Stockholm SME-D:s v\u00e5rm\u00f6te den 21 maj 2025 samlade svenska SME-f\u00f6retag inom f\u00f6rsvar och s\u00e4kerhet till en heldag fylld med aff\u00e4rer, analyser och n\u00e4tverkande. Juridik och aff\u00e4rer med FMV \u2013 konkreta r\u00e5d till f\u00f6rsvarssektorns leverant\u00f6rer Dagen inleddes med en fallstudie om&nbsp;LUFS och LSS Mark&nbsp;av jurister fr\u00e5n Uppkraft, f\u00f6ljt [&hellip;]","og_url":"https:\/\/sme-d.se\/en\/2025\/05\/varmote-och-natverkstraff-med-sme-d\/","og_site_name":"SME-D","article_published_time":"2025-05-26T09:02:22+00:00","article_modified_time":"2025-05-26T09:10:58+00:00","og_image":[{"width":2560,"height":1707,"url":"https:\/\/sme-d.se\/wp-content\/uploads\/2025\/05\/BRG_0083-scaled.jpg","type":"image\/jpeg"}],"author":"hamid.ershad@tebab.com","twitter_card":"summary_large_image","twitter_misc":{"Written by":"hamid.ershad@tebab.com","Est. reading time":"3 minutes"},"schema":{"@context":"https:\/\/schema.org","@graph":[{"@type":"Article","@id":"https:\/\/sme-d.se\/2025\/05\/varmote-och-natverkstraff-med-sme-d\/#article","isPartOf":{"@id":"https:\/\/sme-d.se\/2025\/05\/varmote-och-natverkstraff-med-sme-d\/"},"author":{"name":"hamid.ershad@tebab.com","@id":"https:\/\/sme-d.se\/#\/schema\/person\/643a10f983b385787d2918adf4e60ff8"},"headline":"SME-D:s v\u00e5rm\u00f6te 2025: Fokus p\u00e5 f\u00f6rsvarssektorn, kapitalmarknad och exportst\u00f6d","datePublished":"2025-05-26T09:02:22+00:00","dateModified":"2025-05-26T09:10:58+00:00","mainEntityOfPage":{"@id":"https:\/\/sme-d.se\/2025\/05\/varmote-och-natverkstraff-med-sme-d\/"},"wordCount":356,"publisher":{"@id":"https:\/\/sme-d.se\/#organization"},"image":{"@id":"https:\/\/sme-d.se\/2025\/05\/varmote-och-natverkstraff-med-sme-d\/#primaryimage"},"thumbnailUrl":"https:\/\/sme-d.se\/wp-content\/uploads\/2025\/05\/BRG_0083-scaled.jpg","articleSection":["F\u00f6reningsnyhet"],"inLanguage":"en-US"},{"@type":"WebPage","@id":"https:\/\/sme-d.se\/2025\/05\/varmote-och-natverkstraff-med-sme-d\/","url":"https:\/\/sme-d.se\/2025\/05\/varmote-och-natverkstraff-med-sme-d\/","name":"SME-D&#039;s spring meeting 2025: Focus on the defense sector, capital markets and export support - SME-D","isPartOf":{"@id":"https:\/\/sme-d.se\/#website"},"primaryImageOfPage":{"@id":"https:\/\/sme-d.se\/2025\/05\/varmote-och-natverkstraff-med-sme-d\/#primaryimage"},"image":{"@id":"https:\/\/sme-d.se\/2025\/05\/varmote-och-natverkstraff-med-sme-d\/#primaryimage"},"thumbnailUrl":"https:\/\/sme-d.se\/wp-content\/uploads\/2025\/05\/BRG_0083-scaled.jpg","datePublished":"2025-05-26T09:02:22+00:00","dateModified":"2025-05-26T09:10:58+00:00","breadcrumb":{"@id":"https:\/\/sme-d.se\/2025\/05\/varmote-och-natverkstraff-med-sme-d\/#breadcrumb"},"inLanguage":"en-US","potentialAction":[{"@type":"ReadAction","target":["https:\/\/sme-d.se\/2025\/05\/varmote-och-natverkstraff-med-sme-d\/"]}]},{"@type":"ImageObject","inLanguage":"en-US","@id":"https:\/\/sme-d.se\/2025\/05\/varmote-och-natverkstraff-med-sme-d\/#primaryimage","url":"https:\/\/sme-d.se\/wp-content\/uploads\/2025\/05\/BRG_0083-scaled.jpg","contentUrl":"https:\/\/sme-d.se\/wp-content\/uploads\/2025\/05\/BRG_0083-scaled.jpg","width":2560,"height":1707},{"@type":"BreadcrumbList","@id":"https:\/\/sme-d.se\/2025\/05\/varmote-och-natverkstraff-med-sme-d\/#breadcrumb","itemListElement":[{"@type":"ListItem","position":1,"name":"Home","item":"https:\/\/sme-d.se\/"},{"@type":"ListItem","position":2,"name":"SME-D:s v\u00e5rm\u00f6te 2025: Fokus p\u00e5 f\u00f6rsvarssektorn, kapitalmarknad och exportst\u00f6d"}]},{"@type":"WebSite","@id":"https:\/\/sme-d.se\/#website","url":"https:\/\/sme-d.se\/","name":"SMITH","description":"The industry association for small and medium-sized enterprises (SMEs) in the Swedish defense sector","publisher":{"@id":"https:\/\/sme-d.se\/#organization"},"potentialAction":[{"@type":"SearchAction","target":{"@type":"EntryPoint","urlTemplate":"https:\/\/sme-d.se\/?s={search_term_string}"},"query-input":{"@type":"PropertyValueSpecification","valueRequired":true,"valueName":"search_term_string"}}],"inLanguage":"en-US"},{"@type":"Organization","@id":"https:\/\/sme-d.se\/#organization","name":"SMITH","url":"https:\/\/sme-d.se\/","logo":{"@type":"ImageObject","inLanguage":"en-US","@id":"https:\/\/sme-d.se\/#\/schema\/logo\/image\/","url":"https:\/\/sme-d.se\/wp-content\/uploads\/2023\/12\/SME-logga-ny2-1.png","contentUrl":"https:\/\/sme-d.se\/wp-content\/uploads\/2023\/12\/SME-logga-ny2-1.png","width":200,"height":58,"caption":"SME-D"},"image":{"@id":"https:\/\/sme-d.se\/#\/schema\/logo\/image\/"}},{"@type":"Person","@id":"https:\/\/sme-d.se\/#\/schema\/person\/643a10f983b385787d2918adf4e60ff8","name":"hamid.ershad@tebab.com","image":{"@type":"ImageObject","inLanguage":"en-US","@id":"https:\/\/secure.gravatar.com\/avatar\/a6b278cd0d3c3106f8f9591855817f81ee2cdcabe13d18be42aa40d1e8c57082?s=96&d=mm&r=g","url":"https:\/\/secure.gravatar.com\/avatar\/a6b278cd0d3c3106f8f9591855817f81ee2cdcabe13d18be42aa40d1e8c57082?s=96&d=mm&r=g","contentUrl":"https:\/\/secure.gravatar.com\/avatar\/a6b278cd0d3c3106f8f9591855817f81ee2cdcabe13d18be42aa40d1e8c57082?s=96&d=mm&r=g","caption":"hamid.ershad@tebab.com"},"url":"https:\/\/sme-d.se\/en\/author\/hamid-ershadtebab-com\/"}]}},"_links":{"self":[{"href":"https:\/\/sme-d.se\/en\/wp-json\/wp\/v2\/posts\/665085","targetHints":{"allow":["GET"]}}],"collection":[{"href":"https:\/\/sme-d.se\/en\/wp-json\/wp\/v2\/posts"}],"about":[{"href":"https:\/\/sme-d.se\/en\/wp-json\/wp\/v2\/types\/post"}],"author":[{"embeddable":true,"href":"https:\/\/sme-d.se\/en\/wp-json\/wp\/v2\/users\/2"}],"replies":[{"embeddable":true,"href":"https:\/\/sme-d.se\/en\/wp-json\/wp\/v2\/comments?post=665085"}],"version-history":[{"count":4,"href":"https:\/\/sme-d.se\/en\/wp-json\/wp\/v2\/posts\/665085\/revisions"}],"predecessor-version":[{"id":665097,"href":"https:\/\/sme-d.se\/en\/wp-json\/wp\/v2\/posts\/665085\/revisions\/665097"}],"wp:featuredmedia":[{"embeddable":true,"href":"https:\/\/sme-d.se\/en\/wp-json\/wp\/v2\/media\/665088"}],"wp:attachment":[{"href":"https:\/\/sme-d.se\/en\/wp-json\/wp\/v2\/media?parent=665085"}],"wp:term":[{"taxonomy":"category","embeddable":true,"href":"https:\/\/sme-d.se\/en\/wp-json\/wp\/v2\/categories?post=665085"},{"taxonomy":"post_tag","embeddable":true,"href":"https:\/\/sme-d.se\/en\/wp-json\/wp\/v2\/tags?post=665085"}],"curies":[{"name":"wp","href":"https:\/\/api.w.org\/{rel}","templated":true}]}}