{"id":664927,"date":"2025-02-07T14:30:52","date_gmt":"2025-02-07T13:30:52","guid":{"rendered":"https:\/\/sme-d.se\/?p=664927"},"modified":"2025-02-07T14:40:21","modified_gmt":"2025-02-07T13:40:21","slug":"inbjudan-och-nyheter-om-european-defence-fund-edf","status":"publish","type":"post","link":"https:\/\/sme-d.se\/en\/2025\/02\/inbjudan-och-nyheter-om-european-defence-fund-edf\/","title":{"rendered":"Invitation and news about the European Defence Fund (EDF)"},"content":{"rendered":"<p>The work programme for EDF 25 has now been released. We have also received invitations to this year&#039;s national EDF information day and the European EDF days. Read more below and apply!  <\/p>\n\n\n\n<div style=\"height:20px\" aria-hidden=\"true\" class=\"wp-block-spacer\"><\/div>\n\n\n\n<h2 class=\"wp-block-heading\">EDF 25 work programme<\/h2>\n\n\n\n<p><a href=\"https:\/\/defence-industry-space.ec.europa.eu\/document\/download\/ffa3769f-3b6d-4b07-b3d4-a5c156a5fde3_en?filename=EDF%20Work%20Programme%202025%20Part%20II.pdf\" target=\"_blank\" rel=\"noreferrer noopener\">\u2022 EDF Work Programme 2025<\/a><br><a href=\"https:\/\/defence-industry-space.ec.europa.eu\/document\/download\/fd8f705a-208e-485e-83e1-1b89d3a977c6_en?filename=EDF%202025%20Call%20Topic%20Descriptions.pdf\" target=\"_blank\" rel=\"noreferrer noopener\">\u2022 EDF 2025 Call Topic Descriptions<\/a><br><a href=\"https:\/\/defence-industry-space.ec.europa.eu\/document\/download\/4e253565-aa45-445d-86e4-5489869f00fa_en?filename=EDF%20Indicative%20Multiannual%20Perspective%202025-2027.pdf\" target=\"_blank\" rel=\"noreferrer noopener\">\u2022 EDF Indicative Multiannual Perspective 2025-2027<\/a><br><a href=\"https:\/\/defence-industry-space.ec.europa.eu\/document\/download\/565fbe94-b210-4aa3-b7b1-bd5ede011226_en?filename=EDF%20WP%202025%20factsheet%20v5.pdf\" target=\"_blank\" rel=\"noreferrer noopener\">\u2022 Factsheet EDF Work Program 2025<\/a><\/p>\n\n\n\n<p>Read more about the publication here: <a href=\"https:\/\/defence-industry-space.ec.europa.eu\/european-defence-fund-over-eu1-billion-drive-next-generation-defence-technologies-and-innovation-2025-01-30_en\">European Defense Fund: Over \u20ac1 Billion to Drive Next-Generation Defense Technologies and Innovation<\/a> <\/p>\n\n\n\n<div style=\"height:40px\" aria-hidden=\"true\" class=\"wp-block-spacer\"><\/div>\n\n\n\n<h2 class=\"wp-block-heading\">This year&#039;s National EDF Information Day March 6, 2025<\/h2>\n\n\n\n<p>It is now possible to register for this year&#039;s national information day about EDF <strong>March 6<\/strong> via FMV&nbsp;<a href=\"https:\/\/eur02.safelinks.protection.outlook.com\/?url=https%3A%2F%2Fwww.fmv.se%2Finternationellt%2Feuropeiska-forsvarsfonden%2Finformationsdagar%2F&amp;data=05%7C02%7Chamid.ershad%40tebab.com%7C4999af11ff30484cd6b608dd44f1aabc%7C1d019c94da7b49c2bf935ee1bb4b6882%7C0%7C0%7C638742526913442260%7CUnknown%7CTWFpbGZsb3d8eyJFbXB0eU1hcGkiOnRydWUsIlYiOiIwLjAuMDAwMCIsIlAiOiJXaW4zMiIsIkFOIjoiTWFpbCIsIldUIjoyfQ%3D%3D%7C0%7C%7C%7C&amp;sdata=Q%2BDVyOAZhZZPRFEtVY1PubnKQpY17C69sQUtkZVuVSE%3D&amp;reserved=0\">homepage<\/a>. There is also updated information about this year&#039;s schedule for the national application process for state aid. &nbsp;<\/p>\n\n\n\n<p>Due to the security situation, FMV will not announce the location of the info day in advance \u2013 this information will only be sent to registered participants closer to the event.<\/p>\n\n\n\n<p>More info and registration:<a href=\" https:\/\/www.fmv.se\/internationellt\/europeiska-forsvarsfonden\/informationsdagar\/\"> https:\/\/www.fmv.se\/internationellt\/europeiska-forsvarsfonden\/informationsdagar\/<\/a><\/p>\n\n\n\n<p><\/p>\n\n\n\n<div style=\"height:40px\" aria-hidden=\"true\" class=\"wp-block-spacer\"><\/div>\n\n\n\n<figure class=\"wp-block-image size-large\"><img loading=\"lazy\" decoding=\"async\" width=\"1024\" height=\"273\" src=\"https:\/\/sme-d.se\/wp-content\/uploads\/2025\/02\/edf-info-days-1024x273.webp\" alt=\"\" class=\"wp-image-664932\" srcset=\"https:\/\/sme-d.se\/wp-content\/uploads\/2025\/02\/edf-info-days-1024x273.webp 1024w, https:\/\/sme-d.se\/wp-content\/uploads\/2025\/02\/edf-info-days-300x80.webp 300w, https:\/\/sme-d.se\/wp-content\/uploads\/2025\/02\/edf-info-days-768x205.webp 768w, https:\/\/sme-d.se\/wp-content\/uploads\/2025\/02\/edf-info-days-1536x410.webp 1536w, https:\/\/sme-d.se\/wp-content\/uploads\/2025\/02\/edf-info-days-2048x546.webp 2048w, https:\/\/sme-d.se\/wp-content\/uploads\/2025\/02\/edf-info-days-1920x512.webp 1920w\" sizes=\"auto, (max-width: 1024px) 100vw, 1024px\" \/><\/figure>\n\n\n\n<div style=\"height:20px\" aria-hidden=\"true\" class=\"wp-block-spacer\"><\/div>\n\n\n\n<h2 class=\"wp-block-heading\">European EDF Days 2-3 April 2025<\/h2>\n\n\n\n<p>The European Commission is inviting you to an exclusive information day and networking event on funding opportunities under the European Defence Fund (EDF) 2025.<\/p>\n\n\n\n<p><strong>When?<\/strong>&nbsp;April 2\u20133, 2025<br><strong>Where?<\/strong>&nbsp;Brussels &amp; online (hybrid format)<\/p>\n\n\n\n<p>This year&#039;s EDF Info Days will include:<br><br>\u2705 A detailed presentation of the EDF 2025 calls for proposals, presented by experts from DG DEFIS<br>\u2705 Insights into the EDF application process, including funding opportunities and application procedures<br>\u2705 Thematic pitch sessions to help you find partners, form R&amp;D consortia and develop project proposals<br>\u2705 EU Defence Investor Day \u2013 a platform that brings together investors and entrepreneurs in the defence sector<br>\u2705 Possibility of matchmaking, both on-site and virtually, before, during and after the event<\/p>\n\n\n\n<p><strong>Who should participate?<\/strong><br>Potential applicants from public and private organisations in EU Member States and Norway. More information on eligibility requirements can be found on the EDF website.<br><br><strong>Important deadlines:<\/strong><br>Deadline for submitting pitch presentations:&nbsp;<strong>February 28, 2025<\/strong><br>Last day for registration:&nbsp;<strong>March 14, 2025<\/strong><\/p>\n\n\n\n<p>Don&#039;t miss this opportunity to collaborate, develop innovations and secure funding for your R&amp;D projects in the defense sector. Register now to secure your place and access exclusive matchmaking services!<\/p>\n\n\n\n<p>More info and registration: <a href=\"https:\/\/2025.eu-defence-fund-info-days.eu\/register\/\">https:\/\/2025.eu-defence-fund-info-days.eu\/register\/<\/a><\/p>\n\n\n\n<div style=\"height:40px\" aria-hidden=\"true\" class=\"wp-block-spacer\"><\/div>\n\n\n\n<p><\/p>\n\n\n\n<p><\/p>","protected":false},"excerpt":{"rendered":"<p>The EDF 25 Work Programme has now been released. We have also received invitations to this year&#039;s national EDF Information Day and the European EDF Days. Read more below and apply! EDF 25 Work Programme \u2022 EDF Work Programme 2025\u2022 EDF 2025 Call Topic Descriptions\u2022 EDF Indicative Multiannual Perspective 2025-2027\u2022 Factsheet EDF Work Programme 2025 Read more about the publication [\u2026]<\/p>","protected":false},"author":2,"featured_media":664928,"comment_status":"closed","ping_status":"closed","sticky":false,"template":"","format":"standard","meta":{"footnotes":""},"categories":[15],"tags":[],"class_list":["post-664927","post","type-post","status-publish","format-standard","has-post-thumbnail","hentry","category-edf"],"acf":[],"yoast_head":"<!-- This site is optimized with the Yoast SEO plugin v27.5 - https:\/\/yoast.com\/product\/yoast-seo-wordpress\/ -->\n<title>Inbjudan och nyheter om European Defence Fund (EDF) - SME-D<\/title>\n<meta name=\"robots\" content=\"index, follow, max-snippet:-1, max-image-preview:large, max-video-preview:-1\" \/>\n<link rel=\"canonical\" href=\"https:\/\/sme-d.se\/en\/2025\/02\/inbjudan-och-nyheter-om-european-defence-fund-edf\/\" \/>\n<meta property=\"og:locale\" content=\"en_US\" \/>\n<meta property=\"og:type\" content=\"article\" \/>\n<meta property=\"og:title\" content=\"Inbjudan och nyheter om European Defence Fund (EDF) - SME-D\" \/>\n<meta property=\"og:description\" content=\"Nu har arbetsprogrammet f\u00f6r EDF 25 sl\u00e4ppts. Dessutom har vi f\u00e5tt inbjudningar till \u00e5rets nationella informationsdag om EDF samt den europeiska EDF-dagarna. L\u00e4s mer nedan och ans\u00f6k! Arbetsprogrammet f\u00f6r EDF 25 \u2022 EDF Work Programme 2025\u2022 EDF 2025 Call Topic Descriptions\u2022 EDF Indicative Multiannual Perspective 2025-2027\u2022 Factsheet EDF Work Programme 2025 L\u00e4s mer om publiceringen [&hellip;]\" \/>\n<meta property=\"og:url\" content=\"https:\/\/sme-d.se\/en\/2025\/02\/inbjudan-och-nyheter-om-european-defence-fund-edf\/\" \/>\n<meta property=\"og:site_name\" content=\"SME-D\" \/>\n<meta property=\"article:published_time\" content=\"2025-02-07T13:30:52+00:00\" \/>\n<meta property=\"article:modified_time\" content=\"2025-02-07T13:40:21+00:00\" \/>\n<meta property=\"og:image\" content=\"https:\/\/sme-d.se\/wp-content\/uploads\/2025\/02\/EDF-WP2025.png\" \/>\n\t<meta property=\"og:image:width\" content=\"903\" \/>\n\t<meta property=\"og:image:height\" content=\"598\" \/>\n\t<meta property=\"og:image:type\" content=\"image\/png\" \/>\n<meta name=\"author\" content=\"hamid.ershad@tebab.com\" \/>\n<meta name=\"twitter:card\" content=\"summary_large_image\" \/>\n<meta name=\"twitter:label1\" content=\"Written by\" \/>\n\t<meta name=\"twitter:data1\" content=\"hamid.ershad@tebab.com\" \/>\n\t<meta name=\"twitter:label2\" content=\"Est. reading time\" \/>\n\t<meta name=\"twitter:data2\" content=\"3 minutes\" \/>\n<script type=\"application\/ld+json\" class=\"yoast-schema-graph\">{\"@context\":\"https:\\\/\\\/schema.org\",\"@graph\":[{\"@type\":\"Article\",\"@id\":\"https:\\\/\\\/sme-d.se\\\/2025\\\/02\\\/inbjudan-och-nyheter-om-european-defence-fund-edf\\\/#article\",\"isPartOf\":{\"@id\":\"https:\\\/\\\/sme-d.se\\\/2025\\\/02\\\/inbjudan-och-nyheter-om-european-defence-fund-edf\\\/\"},\"author\":{\"name\":\"hamid.ershad@tebab.com\",\"@id\":\"https:\\\/\\\/sme-d.se\\\/#\\\/schema\\\/person\\\/643a10f983b385787d2918adf4e60ff8\"},\"headline\":\"Inbjudan och nyheter om European Defence Fund (EDF)\",\"datePublished\":\"2025-02-07T13:30:52+00:00\",\"dateModified\":\"2025-02-07T13:40:21+00:00\",\"mainEntityOfPage\":{\"@id\":\"https:\\\/\\\/sme-d.se\\\/2025\\\/02\\\/inbjudan-och-nyheter-om-european-defence-fund-edf\\\/\"},\"wordCount\":380,\"publisher\":{\"@id\":\"https:\\\/\\\/sme-d.se\\\/#organization\"},\"image\":{\"@id\":\"https:\\\/\\\/sme-d.se\\\/2025\\\/02\\\/inbjudan-och-nyheter-om-european-defence-fund-edf\\\/#primaryimage\"},\"thumbnailUrl\":\"https:\\\/\\\/sme-d.se\\\/wp-content\\\/uploads\\\/2025\\\/02\\\/EDF-WP2025.png\",\"articleSection\":[\"EDF\"],\"inLanguage\":\"en-US\"},{\"@type\":\"WebPage\",\"@id\":\"https:\\\/\\\/sme-d.se\\\/2025\\\/02\\\/inbjudan-och-nyheter-om-european-defence-fund-edf\\\/\",\"url\":\"https:\\\/\\\/sme-d.se\\\/2025\\\/02\\\/inbjudan-och-nyheter-om-european-defence-fund-edf\\\/\",\"name\":\"Inbjudan och nyheter om European Defence Fund (EDF) - SME-D\",\"isPartOf\":{\"@id\":\"https:\\\/\\\/sme-d.se\\\/#website\"},\"primaryImageOfPage\":{\"@id\":\"https:\\\/\\\/sme-d.se\\\/2025\\\/02\\\/inbjudan-och-nyheter-om-european-defence-fund-edf\\\/#primaryimage\"},\"image\":{\"@id\":\"https:\\\/\\\/sme-d.se\\\/2025\\\/02\\\/inbjudan-och-nyheter-om-european-defence-fund-edf\\\/#primaryimage\"},\"thumbnailUrl\":\"https:\\\/\\\/sme-d.se\\\/wp-content\\\/uploads\\\/2025\\\/02\\\/EDF-WP2025.png\",\"datePublished\":\"2025-02-07T13:30:52+00:00\",\"dateModified\":\"2025-02-07T13:40:21+00:00\",\"breadcrumb\":{\"@id\":\"https:\\\/\\\/sme-d.se\\\/2025\\\/02\\\/inbjudan-och-nyheter-om-european-defence-fund-edf\\\/#breadcrumb\"},\"inLanguage\":\"en-US\",\"potentialAction\":[{\"@type\":\"ReadAction\",\"target\":[\"https:\\\/\\\/sme-d.se\\\/2025\\\/02\\\/inbjudan-och-nyheter-om-european-defence-fund-edf\\\/\"]}]},{\"@type\":\"ImageObject\",\"inLanguage\":\"en-US\",\"@id\":\"https:\\\/\\\/sme-d.se\\\/2025\\\/02\\\/inbjudan-och-nyheter-om-european-defence-fund-edf\\\/#primaryimage\",\"url\":\"https:\\\/\\\/sme-d.se\\\/wp-content\\\/uploads\\\/2025\\\/02\\\/EDF-WP2025.png\",\"contentUrl\":\"https:\\\/\\\/sme-d.se\\\/wp-content\\\/uploads\\\/2025\\\/02\\\/EDF-WP2025.png\",\"width\":903,\"height\":598},{\"@type\":\"BreadcrumbList\",\"@id\":\"https:\\\/\\\/sme-d.se\\\/2025\\\/02\\\/inbjudan-och-nyheter-om-european-defence-fund-edf\\\/#breadcrumb\",\"itemListElement\":[{\"@type\":\"ListItem\",\"position\":1,\"name\":\"Home\",\"item\":\"https:\\\/\\\/sme-d.se\\\/\"},{\"@type\":\"ListItem\",\"position\":2,\"name\":\"Inbjudan och nyheter om European Defence Fund (EDF)\"}]},{\"@type\":\"WebSite\",\"@id\":\"https:\\\/\\\/sme-d.se\\\/#website\",\"url\":\"https:\\\/\\\/sme-d.se\\\/\",\"name\":\"SME-D\",\"description\":\"Branschorganisationen f\u00f6r sm\u00e5 och medelstora f\u00f6retag (SME) inom svensk f\u00f6rsvarssektor\",\"publisher\":{\"@id\":\"https:\\\/\\\/sme-d.se\\\/#organization\"},\"potentialAction\":[{\"@type\":\"SearchAction\",\"target\":{\"@type\":\"EntryPoint\",\"urlTemplate\":\"https:\\\/\\\/sme-d.se\\\/?s={search_term_string}\"},\"query-input\":{\"@type\":\"PropertyValueSpecification\",\"valueRequired\":true,\"valueName\":\"search_term_string\"}}],\"inLanguage\":\"en-US\"},{\"@type\":\"Organization\",\"@id\":\"https:\\\/\\\/sme-d.se\\\/#organization\",\"name\":\"SME-D\",\"url\":\"https:\\\/\\\/sme-d.se\\\/\",\"logo\":{\"@type\":\"ImageObject\",\"inLanguage\":\"en-US\",\"@id\":\"https:\\\/\\\/sme-d.se\\\/#\\\/schema\\\/logo\\\/image\\\/\",\"url\":\"https:\\\/\\\/sme-d.se\\\/wp-content\\\/uploads\\\/2023\\\/12\\\/SME-logga-ny2-1.png\",\"contentUrl\":\"https:\\\/\\\/sme-d.se\\\/wp-content\\\/uploads\\\/2023\\\/12\\\/SME-logga-ny2-1.png\",\"width\":200,\"height\":58,\"caption\":\"SME-D\"},\"image\":{\"@id\":\"https:\\\/\\\/sme-d.se\\\/#\\\/schema\\\/logo\\\/image\\\/\"}},{\"@type\":\"Person\",\"@id\":\"https:\\\/\\\/sme-d.se\\\/#\\\/schema\\\/person\\\/643a10f983b385787d2918adf4e60ff8\",\"name\":\"hamid.ershad@tebab.com\",\"image\":{\"@type\":\"ImageObject\",\"inLanguage\":\"en-US\",\"@id\":\"https:\\\/\\\/secure.gravatar.com\\\/avatar\\\/a6b278cd0d3c3106f8f9591855817f81ee2cdcabe13d18be42aa40d1e8c57082?s=96&d=mm&r=g\",\"url\":\"https:\\\/\\\/secure.gravatar.com\\\/avatar\\\/a6b278cd0d3c3106f8f9591855817f81ee2cdcabe13d18be42aa40d1e8c57082?s=96&d=mm&r=g\",\"contentUrl\":\"https:\\\/\\\/secure.gravatar.com\\\/avatar\\\/a6b278cd0d3c3106f8f9591855817f81ee2cdcabe13d18be42aa40d1e8c57082?s=96&d=mm&r=g\",\"caption\":\"hamid.ershad@tebab.com\"},\"url\":\"https:\\\/\\\/sme-d.se\\\/en\\\/author\\\/hamid-ershadtebab-com\\\/\"}]}<\/script>\n<!-- \/ Yoast SEO plugin. -->","yoast_head_json":{"title":"Invitation and news about the European Defence Fund (EDF) - SME-D","robots":{"index":"index","follow":"follow","max-snippet":"max-snippet:-1","max-image-preview":"max-image-preview:large","max-video-preview":"max-video-preview:-1"},"canonical":"https:\/\/sme-d.se\/en\/2025\/02\/inbjudan-och-nyheter-om-european-defence-fund-edf\/","og_locale":"en_US","og_type":"article","og_title":"Inbjudan och nyheter om European Defence Fund (EDF) - SME-D","og_description":"Nu har arbetsprogrammet f\u00f6r EDF 25 sl\u00e4ppts. Dessutom har vi f\u00e5tt inbjudningar till \u00e5rets nationella informationsdag om EDF samt den europeiska EDF-dagarna. L\u00e4s mer nedan och ans\u00f6k! Arbetsprogrammet f\u00f6r EDF 25 \u2022 EDF Work Programme 2025\u2022 EDF 2025 Call Topic Descriptions\u2022 EDF Indicative Multiannual Perspective 2025-2027\u2022 Factsheet EDF Work Programme 2025 L\u00e4s mer om publiceringen [&hellip;]","og_url":"https:\/\/sme-d.se\/en\/2025\/02\/inbjudan-och-nyheter-om-european-defence-fund-edf\/","og_site_name":"SME-D","article_published_time":"2025-02-07T13:30:52+00:00","article_modified_time":"2025-02-07T13:40:21+00:00","og_image":[{"width":903,"height":598,"url":"https:\/\/sme-d.se\/wp-content\/uploads\/2025\/02\/EDF-WP2025.png","type":"image\/png"}],"author":"hamid.ershad@tebab.com","twitter_card":"summary_large_image","twitter_misc":{"Written by":"hamid.ershad@tebab.com","Est. reading time":"3 minutes"},"schema":{"@context":"https:\/\/schema.org","@graph":[{"@type":"Article","@id":"https:\/\/sme-d.se\/2025\/02\/inbjudan-och-nyheter-om-european-defence-fund-edf\/#article","isPartOf":{"@id":"https:\/\/sme-d.se\/2025\/02\/inbjudan-och-nyheter-om-european-defence-fund-edf\/"},"author":{"name":"hamid.ershad@tebab.com","@id":"https:\/\/sme-d.se\/#\/schema\/person\/643a10f983b385787d2918adf4e60ff8"},"headline":"Inbjudan och nyheter om European Defence Fund (EDF)","datePublished":"2025-02-07T13:30:52+00:00","dateModified":"2025-02-07T13:40:21+00:00","mainEntityOfPage":{"@id":"https:\/\/sme-d.se\/2025\/02\/inbjudan-och-nyheter-om-european-defence-fund-edf\/"},"wordCount":380,"publisher":{"@id":"https:\/\/sme-d.se\/#organization"},"image":{"@id":"https:\/\/sme-d.se\/2025\/02\/inbjudan-och-nyheter-om-european-defence-fund-edf\/#primaryimage"},"thumbnailUrl":"https:\/\/sme-d.se\/wp-content\/uploads\/2025\/02\/EDF-WP2025.png","articleSection":["EDF"],"inLanguage":"en-US"},{"@type":"WebPage","@id":"https:\/\/sme-d.se\/2025\/02\/inbjudan-och-nyheter-om-european-defence-fund-edf\/","url":"https:\/\/sme-d.se\/2025\/02\/inbjudan-och-nyheter-om-european-defence-fund-edf\/","name":"Invitation and news about the European Defence Fund (EDF) - SME-D","isPartOf":{"@id":"https:\/\/sme-d.se\/#website"},"primaryImageOfPage":{"@id":"https:\/\/sme-d.se\/2025\/02\/inbjudan-och-nyheter-om-european-defence-fund-edf\/#primaryimage"},"image":{"@id":"https:\/\/sme-d.se\/2025\/02\/inbjudan-och-nyheter-om-european-defence-fund-edf\/#primaryimage"},"thumbnailUrl":"https:\/\/sme-d.se\/wp-content\/uploads\/2025\/02\/EDF-WP2025.png","datePublished":"2025-02-07T13:30:52+00:00","dateModified":"2025-02-07T13:40:21+00:00","breadcrumb":{"@id":"https:\/\/sme-d.se\/2025\/02\/inbjudan-och-nyheter-om-european-defence-fund-edf\/#breadcrumb"},"inLanguage":"en-US","potentialAction":[{"@type":"ReadAction","target":["https:\/\/sme-d.se\/2025\/02\/inbjudan-och-nyheter-om-european-defence-fund-edf\/"]}]},{"@type":"ImageObject","inLanguage":"en-US","@id":"https:\/\/sme-d.se\/2025\/02\/inbjudan-och-nyheter-om-european-defence-fund-edf\/#primaryimage","url":"https:\/\/sme-d.se\/wp-content\/uploads\/2025\/02\/EDF-WP2025.png","contentUrl":"https:\/\/sme-d.se\/wp-content\/uploads\/2025\/02\/EDF-WP2025.png","width":903,"height":598},{"@type":"BreadcrumbList","@id":"https:\/\/sme-d.se\/2025\/02\/inbjudan-och-nyheter-om-european-defence-fund-edf\/#breadcrumb","itemListElement":[{"@type":"ListItem","position":1,"name":"Home","item":"https:\/\/sme-d.se\/"},{"@type":"ListItem","position":2,"name":"Inbjudan och nyheter om European Defence Fund (EDF)"}]},{"@type":"WebSite","@id":"https:\/\/sme-d.se\/#website","url":"https:\/\/sme-d.se\/","name":"SMITH","description":"The industry association for small and medium-sized enterprises (SMEs) in the Swedish defense sector","publisher":{"@id":"https:\/\/sme-d.se\/#organization"},"potentialAction":[{"@type":"SearchAction","target":{"@type":"EntryPoint","urlTemplate":"https:\/\/sme-d.se\/?s={search_term_string}"},"query-input":{"@type":"PropertyValueSpecification","valueRequired":true,"valueName":"search_term_string"}}],"inLanguage":"en-US"},{"@type":"Organization","@id":"https:\/\/sme-d.se\/#organization","name":"SMITH","url":"https:\/\/sme-d.se\/","logo":{"@type":"ImageObject","inLanguage":"en-US","@id":"https:\/\/sme-d.se\/#\/schema\/logo\/image\/","url":"https:\/\/sme-d.se\/wp-content\/uploads\/2023\/12\/SME-logga-ny2-1.png","contentUrl":"https:\/\/sme-d.se\/wp-content\/uploads\/2023\/12\/SME-logga-ny2-1.png","width":200,"height":58,"caption":"SME-D"},"image":{"@id":"https:\/\/sme-d.se\/#\/schema\/logo\/image\/"}},{"@type":"Person","@id":"https:\/\/sme-d.se\/#\/schema\/person\/643a10f983b385787d2918adf4e60ff8","name":"hamid.ershad@tebab.com","image":{"@type":"ImageObject","inLanguage":"en-US","@id":"https:\/\/secure.gravatar.com\/avatar\/a6b278cd0d3c3106f8f9591855817f81ee2cdcabe13d18be42aa40d1e8c57082?s=96&d=mm&r=g","url":"https:\/\/secure.gravatar.com\/avatar\/a6b278cd0d3c3106f8f9591855817f81ee2cdcabe13d18be42aa40d1e8c57082?s=96&d=mm&r=g","contentUrl":"https:\/\/secure.gravatar.com\/avatar\/a6b278cd0d3c3106f8f9591855817f81ee2cdcabe13d18be42aa40d1e8c57082?s=96&d=mm&r=g","caption":"hamid.ershad@tebab.com"},"url":"https:\/\/sme-d.se\/en\/author\/hamid-ershadtebab-com\/"}]}},"_links":{"self":[{"href":"https:\/\/sme-d.se\/en\/wp-json\/wp\/v2\/posts\/664927","targetHints":{"allow":["GET"]}}],"collection":[{"href":"https:\/\/sme-d.se\/en\/wp-json\/wp\/v2\/posts"}],"about":[{"href":"https:\/\/sme-d.se\/en\/wp-json\/wp\/v2\/types\/post"}],"author":[{"embeddable":true,"href":"https:\/\/sme-d.se\/en\/wp-json\/wp\/v2\/users\/2"}],"replies":[{"embeddable":true,"href":"https:\/\/sme-d.se\/en\/wp-json\/wp\/v2\/comments?post=664927"}],"version-history":[{"count":7,"href":"https:\/\/sme-d.se\/en\/wp-json\/wp\/v2\/posts\/664927\/revisions"}],"predecessor-version":[{"id":664940,"href":"https:\/\/sme-d.se\/en\/wp-json\/wp\/v2\/posts\/664927\/revisions\/664940"}],"wp:featuredmedia":[{"embeddable":true,"href":"https:\/\/sme-d.se\/en\/wp-json\/wp\/v2\/media\/664928"}],"wp:attachment":[{"href":"https:\/\/sme-d.se\/en\/wp-json\/wp\/v2\/media?parent=664927"}],"wp:term":[{"taxonomy":"category","embeddable":true,"href":"https:\/\/sme-d.se\/en\/wp-json\/wp\/v2\/categories?post=664927"},{"taxonomy":"post_tag","embeddable":true,"href":"https:\/\/sme-d.se\/en\/wp-json\/wp\/v2\/tags?post=664927"}],"curies":[{"name":"wp","href":"https:\/\/api.w.org\/{rel}","templated":true}]}}