{"id":664917,"date":"2025-01-21T15:07:30","date_gmt":"2025-01-21T14:07:30","guid":{"rendered":"https:\/\/sme-d.se\/?p=664917"},"modified":"2025-01-21T15:07:30","modified_gmt":"2025-01-21T14:07:30","slug":"rapport-fran-folk-och-forsvar-2025-ledarskap-och-motstandskraft-i-fokus","status":"publish","type":"post","link":"https:\/\/sme-d.se\/en\/2025\/01\/rapport-fran-folk-och-forsvar-2025-ledarskap-och-motstandskraft-i-fokus\/","title":{"rendered":"Report from People and Defense 2025: Leadership and resilience in focus"},"content":{"rendered":"<p><strong>SME-D recently participated in the People and Defense National Conference in S\u00e4len, where over 400 participants gathered to discuss Sweden&#039;s defense and security in an uncertain world. With this year&#039;s theme, &quot;Leadership and governance for resilience,&quot; we particularly highlighted the crucial role of small and medium-sized enterprises in strengthening the country&#039;s defense capabilities and resilience.<\/strong><\/p>\n\n\n\n<figure class=\"wp-block-gallery has-nested-images columns-default is-cropped wp-block-gallery-1 is-layout-flex wp-block-gallery-is-layout-flex\">\n<figure class=\"wp-block-image size-large\"><img loading=\"lazy\" decoding=\"async\" width=\"1000\" height=\"667\" data-id=\"664923\" src=\"https:\/\/sme-d.se\/wp-content\/uploads\/2025\/01\/uop5924-forbattrad-nr.jpg\" alt=\"\" class=\"wp-image-664923\" srcset=\"https:\/\/sme-d.se\/wp-content\/uploads\/2025\/01\/uop5924-forbattrad-nr.jpg 1000w, https:\/\/sme-d.se\/wp-content\/uploads\/2025\/01\/uop5924-forbattrad-nr-300x200.jpg 300w, https:\/\/sme-d.se\/wp-content\/uploads\/2025\/01\/uop5924-forbattrad-nr-768x512.jpg 768w\" sizes=\"auto, (max-width: 1000px) 100vw, 1000px\" \/><\/figure>\n\n\n\n<figure class=\"wp-block-image size-large\"><img loading=\"lazy\" decoding=\"async\" width=\"1000\" height=\"667\" data-id=\"664922\" src=\"https:\/\/sme-d.se\/wp-content\/uploads\/2025\/01\/uop5362.jpg\" alt=\"\" class=\"wp-image-664922\" srcset=\"https:\/\/sme-d.se\/wp-content\/uploads\/2025\/01\/uop5362.jpg 1000w, https:\/\/sme-d.se\/wp-content\/uploads\/2025\/01\/uop5362-300x200.jpg 300w, https:\/\/sme-d.se\/wp-content\/uploads\/2025\/01\/uop5362-768x512.jpg 768w\" sizes=\"auto, (max-width: 1000px) 100vw, 1000px\" \/><\/figure>\n\n\n\n<figure class=\"wp-block-image size-large\"><img loading=\"lazy\" decoding=\"async\" width=\"1000\" height=\"667\" data-id=\"664921\" src=\"https:\/\/sme-d.se\/wp-content\/uploads\/2025\/01\/uop4359-forbattrad-nr.jpg\" alt=\"\" class=\"wp-image-664921\" srcset=\"https:\/\/sme-d.se\/wp-content\/uploads\/2025\/01\/uop4359-forbattrad-nr.jpg 1000w, https:\/\/sme-d.se\/wp-content\/uploads\/2025\/01\/uop4359-forbattrad-nr-300x200.jpg 300w, https:\/\/sme-d.se\/wp-content\/uploads\/2025\/01\/uop4359-forbattrad-nr-768x512.jpg 768w\" sizes=\"auto, (max-width: 1000px) 100vw, 1000px\" \/><\/figure>\n\n\n\n<figure class=\"wp-block-image size-large\"><img loading=\"lazy\" decoding=\"async\" width=\"1000\" height=\"667\" data-id=\"664919\" src=\"https:\/\/sme-d.se\/wp-content\/uploads\/2025\/01\/25up_fof_ma_em1502-forbattrad-nr.jpg\" alt=\"\" class=\"wp-image-664919\" srcset=\"https:\/\/sme-d.se\/wp-content\/uploads\/2025\/01\/25up_fof_ma_em1502-forbattrad-nr.jpg 1000w, https:\/\/sme-d.se\/wp-content\/uploads\/2025\/01\/25up_fof_ma_em1502-forbattrad-nr-300x200.jpg 300w, https:\/\/sme-d.se\/wp-content\/uploads\/2025\/01\/25up_fof_ma_em1502-forbattrad-nr-768x512.jpg 768w\" sizes=\"auto, (max-width: 1000px) 100vw, 1000px\" \/><\/figure>\n\n\n\n<figure class=\"wp-block-image size-large\"><img loading=\"lazy\" decoding=\"async\" width=\"1000\" height=\"667\" data-id=\"664918\" src=\"https:\/\/sme-d.se\/wp-content\/uploads\/2025\/01\/25up_fof_ma_em0158-forbattrad-nr.jpg\" alt=\"\" class=\"wp-image-664918\" srcset=\"https:\/\/sme-d.se\/wp-content\/uploads\/2025\/01\/25up_fof_ma_em0158-forbattrad-nr.jpg 1000w, https:\/\/sme-d.se\/wp-content\/uploads\/2025\/01\/25up_fof_ma_em0158-forbattrad-nr-300x200.jpg 300w, https:\/\/sme-d.se\/wp-content\/uploads\/2025\/01\/25up_fof_ma_em0158-forbattrad-nr-768x512.jpg 768w\" sizes=\"auto, (max-width: 1000px) 100vw, 1000px\" \/><\/figure>\n<\/figure>\n\n\n\n<p>The conference focused on issues such as Sweden&#039;s NATO membership, innovation and civil defence. With a defence budget that has increased by 300 % since 2020, the importance of technological advances in areas such as AI and cyber defence, as well as collaboration between civil and military actors, was highlighted. At the same time, the need for faster decision-making processes and cultural changes to meet today&#039;s security challenges was emphasized.<\/p>\n\n\n\n<p>Our Chairman Jaime Rico and Vice Chairman Andreas Nilsson were on site and participated in discussions with both Swedish and international stakeholders, including the Commander-in-Chief and the Minister of Defense. We discussed how innovation, investment and leadership can create the conditions for growth and a stronger defense industry.<\/p>\n\n\n\n<p><strong>Key insights and lessons learned from the conference:<\/strong><\/p>\n\n\n\n<ul class=\"wp-block-list\">\n<li>Innovation requires the courage to experiment, fail and try again - a key to success according to RISE.<\/li>\n\n\n\n<li>Criticism was directed at slow processes in the defense sector \u2013 faster decisions and cultural changes are crucial.<\/li>\n\n\n\n<li>Marcus Wallenberg emphasized the connection between innovation, security and competitiveness.<\/li>\n\n\n\n<li>Civil-military collaborations and clearer strategies for small and medium-sized enterprises are needed to meet future security challenges.<\/li>\n\n\n\n<li>Faster integration with NATO and clear action plans are critical to strengthening Sweden&#039;s defense capabilities.<\/li>\n\n\n\n<li>FOI&#039;s researchers summarized: &quot;The defense is more afraid of the auditor than of the Russian.&quot;\u201d<\/li>\n<\/ul>\n\n\n\n<p>We have produced a comprehensive report from the conference which you can read here:\u00a0<a href=\"https:\/\/cdn.ungpd.com\/\/c1f8ebd8-eb98-40a4-948c-f6f78038635a\/Documents\/rikskonferensen-2025-anteckningar.pdf\">Report National Conference 2025<\/a><\/p>\n\n\n\n<p><\/p>\n\n\n\n<p>Would you like to know more about how we can build a more robust society and defense together? Contact us \u2013 <a href=\"\/en\/medlemskap\/\">together we make a difference!\u00a0<\/a><\/p>\n\n\n\n<p><strong>Together for a strong defense!<\/strong><\/p>\n\n\n\n<p><\/p>","protected":false},"excerpt":{"rendered":"<p>SME-D recently participated in the National Conference of the Swedish Defence and People in S\u00e4len, where over 400 participants gathered to discuss Sweden\u2019s defence and security in an uncertain world. With this year\u2019s theme, \u201dLeadership and governance for resilience,\u201d we particularly highlighted the crucial role of small and medium-sized enterprises in strengthening the country\u2019s defence capability and resilience. During the conference, [\u2026]<\/p>","protected":false},"author":2,"featured_media":664920,"comment_status":"closed","ping_status":"closed","sticky":false,"template":"","format":"standard","meta":{"footnotes":""},"categories":[6],"tags":[],"class_list":["post-664917","post","type-post","status-publish","format-standard","has-post-thumbnail","hentry","category-foreningsnyhet"],"acf":[],"yoast_head":"<!-- This site is optimized with the Yoast SEO plugin v27.5 - https:\/\/yoast.com\/product\/yoast-seo-wordpress\/ -->\n<title>Rapport fr\u00e5n Folk och F\u00f6rsvar 2025: Ledarskap och motst\u00e5ndskraft i fokus - SME-D<\/title>\n<meta name=\"robots\" content=\"index, follow, max-snippet:-1, max-image-preview:large, max-video-preview:-1\" \/>\n<link rel=\"canonical\" href=\"https:\/\/sme-d.se\/en\/2025\/01\/rapport-fran-folk-och-forsvar-2025-ledarskap-och-motstandskraft-i-fokus\/\" \/>\n<meta property=\"og:locale\" content=\"en_US\" \/>\n<meta property=\"og:type\" content=\"article\" \/>\n<meta property=\"og:title\" content=\"Rapport fr\u00e5n Folk och F\u00f6rsvar 2025: Ledarskap och motst\u00e5ndskraft i fokus - SME-D\" \/>\n<meta property=\"og:description\" content=\"SME-D deltog nyligen i Folk och F\u00f6rsvars rikskonferens i S\u00e4len, d\u00e4r \u00f6ver 400 deltagare samlades f\u00f6r att diskutera Sveriges f\u00f6rsvar och s\u00e4kerhet i en os\u00e4ker v\u00e4rld. Med \u00e5rets tema, &#8221;Ledarskap och styrning f\u00f6r motst\u00e5ndskraft,&#8221; lyfte vi s\u00e4rskilt fram de sm\u00e5 och medelstora f\u00f6retagens avg\u00f6rande roll i att st\u00e4rka landets f\u00f6rsvarsf\u00f6rm\u00e5ga och motst\u00e5ndskraft. Under konferensen stod [&hellip;]\" \/>\n<meta property=\"og:url\" content=\"https:\/\/sme-d.se\/en\/2025\/01\/rapport-fran-folk-och-forsvar-2025-ledarskap-och-motstandskraft-i-fokus\/\" \/>\n<meta property=\"og:site_name\" content=\"SME-D\" \/>\n<meta property=\"article:published_time\" content=\"2025-01-21T14:07:30+00:00\" \/>\n<meta property=\"og:image\" content=\"https:\/\/sme-d.se\/wp-content\/uploads\/2025\/01\/uop3872-forbattrad-nr.jpg\" \/>\n\t<meta property=\"og:image:width\" content=\"1280\" \/>\n\t<meta property=\"og:image:height\" content=\"853\" \/>\n\t<meta property=\"og:image:type\" content=\"image\/jpeg\" \/>\n<meta name=\"author\" content=\"hamid.ershad@tebab.com\" \/>\n<meta name=\"twitter:card\" content=\"summary_large_image\" \/>\n<meta name=\"twitter:label1\" content=\"Written by\" \/>\n\t<meta name=\"twitter:data1\" content=\"hamid.ershad@tebab.com\" \/>\n\t<meta name=\"twitter:label2\" content=\"Est. reading time\" \/>\n\t<meta name=\"twitter:data2\" content=\"3 minutes\" \/>\n<script type=\"application\/ld+json\" class=\"yoast-schema-graph\">{\"@context\":\"https:\\\/\\\/schema.org\",\"@graph\":[{\"@type\":\"Article\",\"@id\":\"https:\\\/\\\/sme-d.se\\\/2025\\\/01\\\/rapport-fran-folk-och-forsvar-2025-ledarskap-och-motstandskraft-i-fokus\\\/#article\",\"isPartOf\":{\"@id\":\"https:\\\/\\\/sme-d.se\\\/2025\\\/01\\\/rapport-fran-folk-och-forsvar-2025-ledarskap-och-motstandskraft-i-fokus\\\/\"},\"author\":{\"name\":\"hamid.ershad@tebab.com\",\"@id\":\"https:\\\/\\\/sme-d.se\\\/#\\\/schema\\\/person\\\/643a10f983b385787d2918adf4e60ff8\"},\"headline\":\"Rapport fr\u00e5n Folk och F\u00f6rsvar 2025: Ledarskap och motst\u00e5ndskraft i fokus\",\"datePublished\":\"2025-01-21T14:07:30+00:00\",\"mainEntityOfPage\":{\"@id\":\"https:\\\/\\\/sme-d.se\\\/2025\\\/01\\\/rapport-fran-folk-och-forsvar-2025-ledarskap-och-motstandskraft-i-fokus\\\/\"},\"wordCount\":370,\"publisher\":{\"@id\":\"https:\\\/\\\/sme-d.se\\\/#organization\"},\"image\":{\"@id\":\"https:\\\/\\\/sme-d.se\\\/2025\\\/01\\\/rapport-fran-folk-och-forsvar-2025-ledarskap-och-motstandskraft-i-fokus\\\/#primaryimage\"},\"thumbnailUrl\":\"https:\\\/\\\/sme-d.se\\\/wp-content\\\/uploads\\\/2025\\\/01\\\/uop3872-forbattrad-nr.jpg\",\"articleSection\":[\"F\u00f6reningsnyhet\"],\"inLanguage\":\"en-US\"},{\"@type\":\"WebPage\",\"@id\":\"https:\\\/\\\/sme-d.se\\\/2025\\\/01\\\/rapport-fran-folk-och-forsvar-2025-ledarskap-och-motstandskraft-i-fokus\\\/\",\"url\":\"https:\\\/\\\/sme-d.se\\\/2025\\\/01\\\/rapport-fran-folk-och-forsvar-2025-ledarskap-och-motstandskraft-i-fokus\\\/\",\"name\":\"Rapport fr\u00e5n Folk och F\u00f6rsvar 2025: Ledarskap och motst\u00e5ndskraft i fokus - SME-D\",\"isPartOf\":{\"@id\":\"https:\\\/\\\/sme-d.se\\\/#website\"},\"primaryImageOfPage\":{\"@id\":\"https:\\\/\\\/sme-d.se\\\/2025\\\/01\\\/rapport-fran-folk-och-forsvar-2025-ledarskap-och-motstandskraft-i-fokus\\\/#primaryimage\"},\"image\":{\"@id\":\"https:\\\/\\\/sme-d.se\\\/2025\\\/01\\\/rapport-fran-folk-och-forsvar-2025-ledarskap-och-motstandskraft-i-fokus\\\/#primaryimage\"},\"thumbnailUrl\":\"https:\\\/\\\/sme-d.se\\\/wp-content\\\/uploads\\\/2025\\\/01\\\/uop3872-forbattrad-nr.jpg\",\"datePublished\":\"2025-01-21T14:07:30+00:00\",\"breadcrumb\":{\"@id\":\"https:\\\/\\\/sme-d.se\\\/2025\\\/01\\\/rapport-fran-folk-och-forsvar-2025-ledarskap-och-motstandskraft-i-fokus\\\/#breadcrumb\"},\"inLanguage\":\"en-US\",\"potentialAction\":[{\"@type\":\"ReadAction\",\"target\":[\"https:\\\/\\\/sme-d.se\\\/2025\\\/01\\\/rapport-fran-folk-och-forsvar-2025-ledarskap-och-motstandskraft-i-fokus\\\/\"]}]},{\"@type\":\"ImageObject\",\"inLanguage\":\"en-US\",\"@id\":\"https:\\\/\\\/sme-d.se\\\/2025\\\/01\\\/rapport-fran-folk-och-forsvar-2025-ledarskap-och-motstandskraft-i-fokus\\\/#primaryimage\",\"url\":\"https:\\\/\\\/sme-d.se\\\/wp-content\\\/uploads\\\/2025\\\/01\\\/uop3872-forbattrad-nr.jpg\",\"contentUrl\":\"https:\\\/\\\/sme-d.se\\\/wp-content\\\/uploads\\\/2025\\\/01\\\/uop3872-forbattrad-nr.jpg\",\"width\":1280,\"height\":853},{\"@type\":\"BreadcrumbList\",\"@id\":\"https:\\\/\\\/sme-d.se\\\/2025\\\/01\\\/rapport-fran-folk-och-forsvar-2025-ledarskap-och-motstandskraft-i-fokus\\\/#breadcrumb\",\"itemListElement\":[{\"@type\":\"ListItem\",\"position\":1,\"name\":\"Home\",\"item\":\"https:\\\/\\\/sme-d.se\\\/\"},{\"@type\":\"ListItem\",\"position\":2,\"name\":\"Rapport fr\u00e5n Folk och F\u00f6rsvar 2025: Ledarskap och motst\u00e5ndskraft i fokus\"}]},{\"@type\":\"WebSite\",\"@id\":\"https:\\\/\\\/sme-d.se\\\/#website\",\"url\":\"https:\\\/\\\/sme-d.se\\\/\",\"name\":\"SME-D\",\"description\":\"Branschorganisationen f\u00f6r sm\u00e5 och medelstora f\u00f6retag (SME) inom svensk f\u00f6rsvarssektor\",\"publisher\":{\"@id\":\"https:\\\/\\\/sme-d.se\\\/#organization\"},\"potentialAction\":[{\"@type\":\"SearchAction\",\"target\":{\"@type\":\"EntryPoint\",\"urlTemplate\":\"https:\\\/\\\/sme-d.se\\\/?s={search_term_string}\"},\"query-input\":{\"@type\":\"PropertyValueSpecification\",\"valueRequired\":true,\"valueName\":\"search_term_string\"}}],\"inLanguage\":\"en-US\"},{\"@type\":\"Organization\",\"@id\":\"https:\\\/\\\/sme-d.se\\\/#organization\",\"name\":\"SME-D\",\"url\":\"https:\\\/\\\/sme-d.se\\\/\",\"logo\":{\"@type\":\"ImageObject\",\"inLanguage\":\"en-US\",\"@id\":\"https:\\\/\\\/sme-d.se\\\/#\\\/schema\\\/logo\\\/image\\\/\",\"url\":\"https:\\\/\\\/sme-d.se\\\/wp-content\\\/uploads\\\/2023\\\/12\\\/SME-logga-ny2-1.png\",\"contentUrl\":\"https:\\\/\\\/sme-d.se\\\/wp-content\\\/uploads\\\/2023\\\/12\\\/SME-logga-ny2-1.png\",\"width\":200,\"height\":58,\"caption\":\"SME-D\"},\"image\":{\"@id\":\"https:\\\/\\\/sme-d.se\\\/#\\\/schema\\\/logo\\\/image\\\/\"}},{\"@type\":\"Person\",\"@id\":\"https:\\\/\\\/sme-d.se\\\/#\\\/schema\\\/person\\\/643a10f983b385787d2918adf4e60ff8\",\"name\":\"hamid.ershad@tebab.com\",\"image\":{\"@type\":\"ImageObject\",\"inLanguage\":\"en-US\",\"@id\":\"https:\\\/\\\/secure.gravatar.com\\\/avatar\\\/a6b278cd0d3c3106f8f9591855817f81ee2cdcabe13d18be42aa40d1e8c57082?s=96&d=mm&r=g\",\"url\":\"https:\\\/\\\/secure.gravatar.com\\\/avatar\\\/a6b278cd0d3c3106f8f9591855817f81ee2cdcabe13d18be42aa40d1e8c57082?s=96&d=mm&r=g\",\"contentUrl\":\"https:\\\/\\\/secure.gravatar.com\\\/avatar\\\/a6b278cd0d3c3106f8f9591855817f81ee2cdcabe13d18be42aa40d1e8c57082?s=96&d=mm&r=g\",\"caption\":\"hamid.ershad@tebab.com\"},\"url\":\"https:\\\/\\\/sme-d.se\\\/en\\\/author\\\/hamid-ershadtebab-com\\\/\"}]}<\/script>\n<!-- \/ Yoast SEO plugin. -->","yoast_head_json":{"title":"Report from People and Defense 2025: Leadership and resilience in focus - SME-D","robots":{"index":"index","follow":"follow","max-snippet":"max-snippet:-1","max-image-preview":"max-image-preview:large","max-video-preview":"max-video-preview:-1"},"canonical":"https:\/\/sme-d.se\/en\/2025\/01\/rapport-fran-folk-och-forsvar-2025-ledarskap-och-motstandskraft-i-fokus\/","og_locale":"en_US","og_type":"article","og_title":"Rapport fr\u00e5n Folk och F\u00f6rsvar 2025: Ledarskap och motst\u00e5ndskraft i fokus - SME-D","og_description":"SME-D deltog nyligen i Folk och F\u00f6rsvars rikskonferens i S\u00e4len, d\u00e4r \u00f6ver 400 deltagare samlades f\u00f6r att diskutera Sveriges f\u00f6rsvar och s\u00e4kerhet i en os\u00e4ker v\u00e4rld. Med \u00e5rets tema, &#8221;Ledarskap och styrning f\u00f6r motst\u00e5ndskraft,&#8221; lyfte vi s\u00e4rskilt fram de sm\u00e5 och medelstora f\u00f6retagens avg\u00f6rande roll i att st\u00e4rka landets f\u00f6rsvarsf\u00f6rm\u00e5ga och motst\u00e5ndskraft. Under konferensen stod [&hellip;]","og_url":"https:\/\/sme-d.se\/en\/2025\/01\/rapport-fran-folk-och-forsvar-2025-ledarskap-och-motstandskraft-i-fokus\/","og_site_name":"SME-D","article_published_time":"2025-01-21T14:07:30+00:00","og_image":[{"width":1280,"height":853,"url":"https:\/\/sme-d.se\/wp-content\/uploads\/2025\/01\/uop3872-forbattrad-nr.jpg","type":"image\/jpeg"}],"author":"hamid.ershad@tebab.com","twitter_card":"summary_large_image","twitter_misc":{"Written by":"hamid.ershad@tebab.com","Est. reading time":"3 minutes"},"schema":{"@context":"https:\/\/schema.org","@graph":[{"@type":"Article","@id":"https:\/\/sme-d.se\/2025\/01\/rapport-fran-folk-och-forsvar-2025-ledarskap-och-motstandskraft-i-fokus\/#article","isPartOf":{"@id":"https:\/\/sme-d.se\/2025\/01\/rapport-fran-folk-och-forsvar-2025-ledarskap-och-motstandskraft-i-fokus\/"},"author":{"name":"hamid.ershad@tebab.com","@id":"https:\/\/sme-d.se\/#\/schema\/person\/643a10f983b385787d2918adf4e60ff8"},"headline":"Rapport fr\u00e5n Folk och F\u00f6rsvar 2025: Ledarskap och motst\u00e5ndskraft i fokus","datePublished":"2025-01-21T14:07:30+00:00","mainEntityOfPage":{"@id":"https:\/\/sme-d.se\/2025\/01\/rapport-fran-folk-och-forsvar-2025-ledarskap-och-motstandskraft-i-fokus\/"},"wordCount":370,"publisher":{"@id":"https:\/\/sme-d.se\/#organization"},"image":{"@id":"https:\/\/sme-d.se\/2025\/01\/rapport-fran-folk-och-forsvar-2025-ledarskap-och-motstandskraft-i-fokus\/#primaryimage"},"thumbnailUrl":"https:\/\/sme-d.se\/wp-content\/uploads\/2025\/01\/uop3872-forbattrad-nr.jpg","articleSection":["F\u00f6reningsnyhet"],"inLanguage":"en-US"},{"@type":"WebPage","@id":"https:\/\/sme-d.se\/2025\/01\/rapport-fran-folk-och-forsvar-2025-ledarskap-och-motstandskraft-i-fokus\/","url":"https:\/\/sme-d.se\/2025\/01\/rapport-fran-folk-och-forsvar-2025-ledarskap-och-motstandskraft-i-fokus\/","name":"Report from People and Defense 2025: Leadership and resilience in focus - SME-D","isPartOf":{"@id":"https:\/\/sme-d.se\/#website"},"primaryImageOfPage":{"@id":"https:\/\/sme-d.se\/2025\/01\/rapport-fran-folk-och-forsvar-2025-ledarskap-och-motstandskraft-i-fokus\/#primaryimage"},"image":{"@id":"https:\/\/sme-d.se\/2025\/01\/rapport-fran-folk-och-forsvar-2025-ledarskap-och-motstandskraft-i-fokus\/#primaryimage"},"thumbnailUrl":"https:\/\/sme-d.se\/wp-content\/uploads\/2025\/01\/uop3872-forbattrad-nr.jpg","datePublished":"2025-01-21T14:07:30+00:00","breadcrumb":{"@id":"https:\/\/sme-d.se\/2025\/01\/rapport-fran-folk-och-forsvar-2025-ledarskap-och-motstandskraft-i-fokus\/#breadcrumb"},"inLanguage":"en-US","potentialAction":[{"@type":"ReadAction","target":["https:\/\/sme-d.se\/2025\/01\/rapport-fran-folk-och-forsvar-2025-ledarskap-och-motstandskraft-i-fokus\/"]}]},{"@type":"ImageObject","inLanguage":"en-US","@id":"https:\/\/sme-d.se\/2025\/01\/rapport-fran-folk-och-forsvar-2025-ledarskap-och-motstandskraft-i-fokus\/#primaryimage","url":"https:\/\/sme-d.se\/wp-content\/uploads\/2025\/01\/uop3872-forbattrad-nr.jpg","contentUrl":"https:\/\/sme-d.se\/wp-content\/uploads\/2025\/01\/uop3872-forbattrad-nr.jpg","width":1280,"height":853},{"@type":"BreadcrumbList","@id":"https:\/\/sme-d.se\/2025\/01\/rapport-fran-folk-och-forsvar-2025-ledarskap-och-motstandskraft-i-fokus\/#breadcrumb","itemListElement":[{"@type":"ListItem","position":1,"name":"Home","item":"https:\/\/sme-d.se\/"},{"@type":"ListItem","position":2,"name":"Rapport fr\u00e5n Folk och F\u00f6rsvar 2025: Ledarskap och motst\u00e5ndskraft i fokus"}]},{"@type":"WebSite","@id":"https:\/\/sme-d.se\/#website","url":"https:\/\/sme-d.se\/","name":"SMITH","description":"The industry association for small and medium-sized enterprises (SMEs) in the Swedish defense sector","publisher":{"@id":"https:\/\/sme-d.se\/#organization"},"potentialAction":[{"@type":"SearchAction","target":{"@type":"EntryPoint","urlTemplate":"https:\/\/sme-d.se\/?s={search_term_string}"},"query-input":{"@type":"PropertyValueSpecification","valueRequired":true,"valueName":"search_term_string"}}],"inLanguage":"en-US"},{"@type":"Organization","@id":"https:\/\/sme-d.se\/#organization","name":"SMITH","url":"https:\/\/sme-d.se\/","logo":{"@type":"ImageObject","inLanguage":"en-US","@id":"https:\/\/sme-d.se\/#\/schema\/logo\/image\/","url":"https:\/\/sme-d.se\/wp-content\/uploads\/2023\/12\/SME-logga-ny2-1.png","contentUrl":"https:\/\/sme-d.se\/wp-content\/uploads\/2023\/12\/SME-logga-ny2-1.png","width":200,"height":58,"caption":"SME-D"},"image":{"@id":"https:\/\/sme-d.se\/#\/schema\/logo\/image\/"}},{"@type":"Person","@id":"https:\/\/sme-d.se\/#\/schema\/person\/643a10f983b385787d2918adf4e60ff8","name":"hamid.ershad@tebab.com","image":{"@type":"ImageObject","inLanguage":"en-US","@id":"https:\/\/secure.gravatar.com\/avatar\/a6b278cd0d3c3106f8f9591855817f81ee2cdcabe13d18be42aa40d1e8c57082?s=96&d=mm&r=g","url":"https:\/\/secure.gravatar.com\/avatar\/a6b278cd0d3c3106f8f9591855817f81ee2cdcabe13d18be42aa40d1e8c57082?s=96&d=mm&r=g","contentUrl":"https:\/\/secure.gravatar.com\/avatar\/a6b278cd0d3c3106f8f9591855817f81ee2cdcabe13d18be42aa40d1e8c57082?s=96&d=mm&r=g","caption":"hamid.ershad@tebab.com"},"url":"https:\/\/sme-d.se\/en\/author\/hamid-ershadtebab-com\/"}]}},"_links":{"self":[{"href":"https:\/\/sme-d.se\/en\/wp-json\/wp\/v2\/posts\/664917","targetHints":{"allow":["GET"]}}],"collection":[{"href":"https:\/\/sme-d.se\/en\/wp-json\/wp\/v2\/posts"}],"about":[{"href":"https:\/\/sme-d.se\/en\/wp-json\/wp\/v2\/types\/post"}],"author":[{"embeddable":true,"href":"https:\/\/sme-d.se\/en\/wp-json\/wp\/v2\/users\/2"}],"replies":[{"embeddable":true,"href":"https:\/\/sme-d.se\/en\/wp-json\/wp\/v2\/comments?post=664917"}],"version-history":[{"count":1,"href":"https:\/\/sme-d.se\/en\/wp-json\/wp\/v2\/posts\/664917\/revisions"}],"predecessor-version":[{"id":664924,"href":"https:\/\/sme-d.se\/en\/wp-json\/wp\/v2\/posts\/664917\/revisions\/664924"}],"wp:featuredmedia":[{"embeddable":true,"href":"https:\/\/sme-d.se\/en\/wp-json\/wp\/v2\/media\/664920"}],"wp:attachment":[{"href":"https:\/\/sme-d.se\/en\/wp-json\/wp\/v2\/media?parent=664917"}],"wp:term":[{"taxonomy":"category","embeddable":true,"href":"https:\/\/sme-d.se\/en\/wp-json\/wp\/v2\/categories?post=664917"},{"taxonomy":"post_tag","embeddable":true,"href":"https:\/\/sme-d.se\/en\/wp-json\/wp\/v2\/tags?post=664917"}],"curies":[{"name":"wp","href":"https:\/\/api.w.org\/{rel}","templated":true}]}}