{"id":664816,"date":"2024-10-15T14:30:56","date_gmt":"2024-10-15T12:30:56","guid":{"rendered":"https:\/\/sme-d.se\/?p=664816"},"modified":"2024-10-15T15:00:41","modified_gmt":"2024-10-15T13:00:41","slug":"ny-generalsekreterare-for-sme-d","status":"publish","type":"post","link":"https:\/\/sme-d.se\/en\/2024\/10\/ny-generalsekreterare-for-sme-d\/","title":{"rendered":"Stefan Jakab new Secretary General of SME-D"},"content":{"rendered":"<p><strong>Stefan Jakab will be the new Secretary General of SME-D. Stefan, who has already taken up his role, has solid experience from both the business world and the defense industry. <\/strong><\/p>\n\n\n\n<p>\u201d&quot;We are very pleased to welcome Stefan Jakab as Secretary General. With a Master of Science in Mechanical and Industrial Engineering from KTH, and with previous assignments at, among others, Business Sweden and Telia, he has a broad range of expertise that fits the journey we as an organization have embarked on,&quot; says Jaime Rico, Chairman of SME-D.<\/p>\n\n\n\n<p>Stefan looks forward to contributing to creating opportunities and conditions for development and growth for Sweden&#039;s small and medium-sized companies in the defense industry. He sees a strength in an association consisting of small and medium-sized companies.<\/p>\n\n\n\n<p>\u201d&quot;Smaller companies stand out through short decision-making processes and the speed in realizing ideas into products, which will be crucial for the success of the Swedish defense industry in today&#039;s rapidly changing threat landscape.&quot;\u201d<\/p>\n\n\n\n<p><\/p>\n\n\n\n<h2 class=\"wp-block-heading\"><strong>Briefly about Stefan:<\/strong><\/h2>\n\n\n\n<p>Training: <strong>Master of Science (MSc) KTH, Mechanical\/Ind.<\/strong><\/p>\n\n\n\n<p>Living: <strong>Varmdo<\/strong><\/p>\n\n\n\n<p>Marital status: <strong>Married with three children<\/strong><\/p>\n\n\n\n<p>Previous experience from: <strong>Among others, Business Sweden France, Telia, Energy and Environmental Technology Association, SFA\/Saniflo.<\/strong><\/p>\n\n\n\n<p>Said by the Armed Forces: <strong>\u201dA very credible storyteller\u201d<\/strong><\/p>\n\n\n\n<p><\/p>\n\n\n\n<p>Stefan succeeds Emma Ris\u00e9n who has chosen to move on to other assignments. We thank Emma for her contributions to SME-D. <\/p>","protected":false},"excerpt":{"rendered":"<p>Stefan Jakab will be the new Secretary General of SME-D. Stefan, who has already taken up his role, has extensive experience from both the business and defense industries. \u201dWe are very pleased to welcome Stefan Jakab as Secretary General. With a Master of Science in Mechanical Engineering from KTH in Mechanical Engineering and Indek, and with previous assignments at, among others, Business Sweden and Telia, he has [\u2026]<\/p>","protected":false},"author":2,"featured_media":664823,"comment_status":"closed","ping_status":"closed","sticky":false,"template":"","format":"standard","meta":{"footnotes":""},"categories":[6],"tags":[],"class_list":["post-664816","post","type-post","status-publish","format-standard","has-post-thumbnail","hentry","category-foreningsnyhet"],"acf":[],"yoast_head":"<!-- This site is optimized with the Yoast SEO plugin v27.5 - https:\/\/yoast.com\/product\/yoast-seo-wordpress\/ -->\n<title>Stefan Jakab ny generalsekreterare f\u00f6r SME-D - SME-D<\/title>\n<meta name=\"robots\" content=\"index, follow, max-snippet:-1, max-image-preview:large, max-video-preview:-1\" \/>\n<link rel=\"canonical\" href=\"https:\/\/sme-d.se\/en\/2024\/10\/ny-generalsekreterare-for-sme-d\/\" \/>\n<meta property=\"og:locale\" content=\"en_US\" \/>\n<meta property=\"og:type\" content=\"article\" \/>\n<meta property=\"og:title\" content=\"Stefan Jakab ny generalsekreterare f\u00f6r SME-D - SME-D\" \/>\n<meta property=\"og:description\" content=\"Stefan Jakab blir ny generalsekreterare f\u00f6r SME-D. Stefan, som redan har tilltr\u00e4tt sin roll, har gedigen erfarenhet fr\u00e5n b\u00e5de n\u00e4ringslivet och f\u00f6rsvarsindustrin. &#8221;Vi \u00e4r v\u00e4ldigt glada att f\u00e5 v\u00e4lkomna Stefan Jakab som generalsekreterare. Med en civilingenj\u00f6rsexamen fr\u00e5n KTH inom Maskin och Indek, och med tidigare uppdrag p\u00e5 bland annat Business Sweden och Telia, har han [&hellip;]\" \/>\n<meta property=\"og:url\" content=\"https:\/\/sme-d.se\/en\/2024\/10\/ny-generalsekreterare-for-sme-d\/\" \/>\n<meta property=\"og:site_name\" content=\"SME-D\" \/>\n<meta property=\"article:published_time\" content=\"2024-10-15T12:30:56+00:00\" \/>\n<meta property=\"article:modified_time\" content=\"2024-10-15T13:00:41+00:00\" \/>\n<meta property=\"og:image\" content=\"https:\/\/sme-d.se\/wp-content\/uploads\/2024\/10\/stefan-jakab-low-1621x1080-1.jpg\" \/>\n\t<meta property=\"og:image:width\" content=\"1621\" \/>\n\t<meta property=\"og:image:height\" content=\"724\" \/>\n\t<meta property=\"og:image:type\" content=\"image\/jpeg\" \/>\n<meta name=\"author\" content=\"hamid.ershad@tebab.com\" \/>\n<meta name=\"twitter:card\" content=\"summary_large_image\" \/>\n<meta name=\"twitter:label1\" content=\"Written by\" \/>\n\t<meta name=\"twitter:data1\" content=\"hamid.ershad@tebab.com\" \/>\n\t<meta name=\"twitter:label2\" content=\"Est. reading time\" \/>\n\t<meta name=\"twitter:data2\" content=\"2 minutes\" \/>\n<script type=\"application\/ld+json\" class=\"yoast-schema-graph\">{\"@context\":\"https:\\\/\\\/schema.org\",\"@graph\":[{\"@type\":\"Article\",\"@id\":\"https:\\\/\\\/sme-d.se\\\/2024\\\/10\\\/ny-generalsekreterare-for-sme-d\\\/#article\",\"isPartOf\":{\"@id\":\"https:\\\/\\\/sme-d.se\\\/2024\\\/10\\\/ny-generalsekreterare-for-sme-d\\\/\"},\"author\":{\"name\":\"hamid.ershad@tebab.com\",\"@id\":\"https:\\\/\\\/sme-d.se\\\/#\\\/schema\\\/person\\\/643a10f983b385787d2918adf4e60ff8\"},\"headline\":\"Stefan Jakab ny generalsekreterare f\u00f6r SME-D\",\"datePublished\":\"2024-10-15T12:30:56+00:00\",\"dateModified\":\"2024-10-15T13:00:41+00:00\",\"mainEntityOfPage\":{\"@id\":\"https:\\\/\\\/sme-d.se\\\/2024\\\/10\\\/ny-generalsekreterare-for-sme-d\\\/\"},\"wordCount\":251,\"publisher\":{\"@id\":\"https:\\\/\\\/sme-d.se\\\/#organization\"},\"image\":{\"@id\":\"https:\\\/\\\/sme-d.se\\\/2024\\\/10\\\/ny-generalsekreterare-for-sme-d\\\/#primaryimage\"},\"thumbnailUrl\":\"https:\\\/\\\/sme-d.se\\\/wp-content\\\/uploads\\\/2024\\\/10\\\/stefan-jakab-low-1621x1080-1.jpg\",\"articleSection\":[\"F\u00f6reningsnyhet\"],\"inLanguage\":\"en-US\"},{\"@type\":\"WebPage\",\"@id\":\"https:\\\/\\\/sme-d.se\\\/2024\\\/10\\\/ny-generalsekreterare-for-sme-d\\\/\",\"url\":\"https:\\\/\\\/sme-d.se\\\/2024\\\/10\\\/ny-generalsekreterare-for-sme-d\\\/\",\"name\":\"Stefan Jakab ny generalsekreterare f\u00f6r SME-D - SME-D\",\"isPartOf\":{\"@id\":\"https:\\\/\\\/sme-d.se\\\/#website\"},\"primaryImageOfPage\":{\"@id\":\"https:\\\/\\\/sme-d.se\\\/2024\\\/10\\\/ny-generalsekreterare-for-sme-d\\\/#primaryimage\"},\"image\":{\"@id\":\"https:\\\/\\\/sme-d.se\\\/2024\\\/10\\\/ny-generalsekreterare-for-sme-d\\\/#primaryimage\"},\"thumbnailUrl\":\"https:\\\/\\\/sme-d.se\\\/wp-content\\\/uploads\\\/2024\\\/10\\\/stefan-jakab-low-1621x1080-1.jpg\",\"datePublished\":\"2024-10-15T12:30:56+00:00\",\"dateModified\":\"2024-10-15T13:00:41+00:00\",\"breadcrumb\":{\"@id\":\"https:\\\/\\\/sme-d.se\\\/2024\\\/10\\\/ny-generalsekreterare-for-sme-d\\\/#breadcrumb\"},\"inLanguage\":\"en-US\",\"potentialAction\":[{\"@type\":\"ReadAction\",\"target\":[\"https:\\\/\\\/sme-d.se\\\/2024\\\/10\\\/ny-generalsekreterare-for-sme-d\\\/\"]}]},{\"@type\":\"ImageObject\",\"inLanguage\":\"en-US\",\"@id\":\"https:\\\/\\\/sme-d.se\\\/2024\\\/10\\\/ny-generalsekreterare-for-sme-d\\\/#primaryimage\",\"url\":\"https:\\\/\\\/sme-d.se\\\/wp-content\\\/uploads\\\/2024\\\/10\\\/stefan-jakab-low-1621x1080-1.jpg\",\"contentUrl\":\"https:\\\/\\\/sme-d.se\\\/wp-content\\\/uploads\\\/2024\\\/10\\\/stefan-jakab-low-1621x1080-1.jpg\",\"width\":1621,\"height\":724},{\"@type\":\"BreadcrumbList\",\"@id\":\"https:\\\/\\\/sme-d.se\\\/2024\\\/10\\\/ny-generalsekreterare-for-sme-d\\\/#breadcrumb\",\"itemListElement\":[{\"@type\":\"ListItem\",\"position\":1,\"name\":\"Home\",\"item\":\"https:\\\/\\\/sme-d.se\\\/\"},{\"@type\":\"ListItem\",\"position\":2,\"name\":\"Stefan Jakab ny generalsekreterare f\u00f6r SME-D\"}]},{\"@type\":\"WebSite\",\"@id\":\"https:\\\/\\\/sme-d.se\\\/#website\",\"url\":\"https:\\\/\\\/sme-d.se\\\/\",\"name\":\"SME-D\",\"description\":\"Branschorganisationen f\u00f6r sm\u00e5 och medelstora f\u00f6retag (SME) inom svensk f\u00f6rsvarssektor\",\"publisher\":{\"@id\":\"https:\\\/\\\/sme-d.se\\\/#organization\"},\"potentialAction\":[{\"@type\":\"SearchAction\",\"target\":{\"@type\":\"EntryPoint\",\"urlTemplate\":\"https:\\\/\\\/sme-d.se\\\/?s={search_term_string}\"},\"query-input\":{\"@type\":\"PropertyValueSpecification\",\"valueRequired\":true,\"valueName\":\"search_term_string\"}}],\"inLanguage\":\"en-US\"},{\"@type\":\"Organization\",\"@id\":\"https:\\\/\\\/sme-d.se\\\/#organization\",\"name\":\"SME-D\",\"url\":\"https:\\\/\\\/sme-d.se\\\/\",\"logo\":{\"@type\":\"ImageObject\",\"inLanguage\":\"en-US\",\"@id\":\"https:\\\/\\\/sme-d.se\\\/#\\\/schema\\\/logo\\\/image\\\/\",\"url\":\"https:\\\/\\\/sme-d.se\\\/wp-content\\\/uploads\\\/2023\\\/12\\\/SME-logga-ny2-1.png\",\"contentUrl\":\"https:\\\/\\\/sme-d.se\\\/wp-content\\\/uploads\\\/2023\\\/12\\\/SME-logga-ny2-1.png\",\"width\":200,\"height\":58,\"caption\":\"SME-D\"},\"image\":{\"@id\":\"https:\\\/\\\/sme-d.se\\\/#\\\/schema\\\/logo\\\/image\\\/\"}},{\"@type\":\"Person\",\"@id\":\"https:\\\/\\\/sme-d.se\\\/#\\\/schema\\\/person\\\/643a10f983b385787d2918adf4e60ff8\",\"name\":\"hamid.ershad@tebab.com\",\"image\":{\"@type\":\"ImageObject\",\"inLanguage\":\"en-US\",\"@id\":\"https:\\\/\\\/secure.gravatar.com\\\/avatar\\\/a6b278cd0d3c3106f8f9591855817f81ee2cdcabe13d18be42aa40d1e8c57082?s=96&d=mm&r=g\",\"url\":\"https:\\\/\\\/secure.gravatar.com\\\/avatar\\\/a6b278cd0d3c3106f8f9591855817f81ee2cdcabe13d18be42aa40d1e8c57082?s=96&d=mm&r=g\",\"contentUrl\":\"https:\\\/\\\/secure.gravatar.com\\\/avatar\\\/a6b278cd0d3c3106f8f9591855817f81ee2cdcabe13d18be42aa40d1e8c57082?s=96&d=mm&r=g\",\"caption\":\"hamid.ershad@tebab.com\"},\"url\":\"https:\\\/\\\/sme-d.se\\\/en\\\/author\\\/hamid-ershadtebab-com\\\/\"}]}<\/script>\n<!-- \/ Yoast SEO plugin. -->","yoast_head_json":{"title":"Stefan Jakab new Secretary General of SME-D - SME-D","robots":{"index":"index","follow":"follow","max-snippet":"max-snippet:-1","max-image-preview":"max-image-preview:large","max-video-preview":"max-video-preview:-1"},"canonical":"https:\/\/sme-d.se\/en\/2024\/10\/ny-generalsekreterare-for-sme-d\/","og_locale":"en_US","og_type":"article","og_title":"Stefan Jakab ny generalsekreterare f\u00f6r SME-D - SME-D","og_description":"Stefan Jakab blir ny generalsekreterare f\u00f6r SME-D. Stefan, som redan har tilltr\u00e4tt sin roll, har gedigen erfarenhet fr\u00e5n b\u00e5de n\u00e4ringslivet och f\u00f6rsvarsindustrin. &#8221;Vi \u00e4r v\u00e4ldigt glada att f\u00e5 v\u00e4lkomna Stefan Jakab som generalsekreterare. Med en civilingenj\u00f6rsexamen fr\u00e5n KTH inom Maskin och Indek, och med tidigare uppdrag p\u00e5 bland annat Business Sweden och Telia, har han [&hellip;]","og_url":"https:\/\/sme-d.se\/en\/2024\/10\/ny-generalsekreterare-for-sme-d\/","og_site_name":"SME-D","article_published_time":"2024-10-15T12:30:56+00:00","article_modified_time":"2024-10-15T13:00:41+00:00","og_image":[{"width":1621,"height":724,"url":"https:\/\/sme-d.se\/wp-content\/uploads\/2024\/10\/stefan-jakab-low-1621x1080-1.jpg","type":"image\/jpeg"}],"author":"hamid.ershad@tebab.com","twitter_card":"summary_large_image","twitter_misc":{"Written by":"hamid.ershad@tebab.com","Est. reading time":"2 minutes"},"schema":{"@context":"https:\/\/schema.org","@graph":[{"@type":"Article","@id":"https:\/\/sme-d.se\/2024\/10\/ny-generalsekreterare-for-sme-d\/#article","isPartOf":{"@id":"https:\/\/sme-d.se\/2024\/10\/ny-generalsekreterare-for-sme-d\/"},"author":{"name":"hamid.ershad@tebab.com","@id":"https:\/\/sme-d.se\/#\/schema\/person\/643a10f983b385787d2918adf4e60ff8"},"headline":"Stefan Jakab ny generalsekreterare f\u00f6r SME-D","datePublished":"2024-10-15T12:30:56+00:00","dateModified":"2024-10-15T13:00:41+00:00","mainEntityOfPage":{"@id":"https:\/\/sme-d.se\/2024\/10\/ny-generalsekreterare-for-sme-d\/"},"wordCount":251,"publisher":{"@id":"https:\/\/sme-d.se\/#organization"},"image":{"@id":"https:\/\/sme-d.se\/2024\/10\/ny-generalsekreterare-for-sme-d\/#primaryimage"},"thumbnailUrl":"https:\/\/sme-d.se\/wp-content\/uploads\/2024\/10\/stefan-jakab-low-1621x1080-1.jpg","articleSection":["F\u00f6reningsnyhet"],"inLanguage":"en-US"},{"@type":"WebPage","@id":"https:\/\/sme-d.se\/2024\/10\/ny-generalsekreterare-for-sme-d\/","url":"https:\/\/sme-d.se\/2024\/10\/ny-generalsekreterare-for-sme-d\/","name":"Stefan Jakab new Secretary General of SME-D - SME-D","isPartOf":{"@id":"https:\/\/sme-d.se\/#website"},"primaryImageOfPage":{"@id":"https:\/\/sme-d.se\/2024\/10\/ny-generalsekreterare-for-sme-d\/#primaryimage"},"image":{"@id":"https:\/\/sme-d.se\/2024\/10\/ny-generalsekreterare-for-sme-d\/#primaryimage"},"thumbnailUrl":"https:\/\/sme-d.se\/wp-content\/uploads\/2024\/10\/stefan-jakab-low-1621x1080-1.jpg","datePublished":"2024-10-15T12:30:56+00:00","dateModified":"2024-10-15T13:00:41+00:00","breadcrumb":{"@id":"https:\/\/sme-d.se\/2024\/10\/ny-generalsekreterare-for-sme-d\/#breadcrumb"},"inLanguage":"en-US","potentialAction":[{"@type":"ReadAction","target":["https:\/\/sme-d.se\/2024\/10\/ny-generalsekreterare-for-sme-d\/"]}]},{"@type":"ImageObject","inLanguage":"en-US","@id":"https:\/\/sme-d.se\/2024\/10\/ny-generalsekreterare-for-sme-d\/#primaryimage","url":"https:\/\/sme-d.se\/wp-content\/uploads\/2024\/10\/stefan-jakab-low-1621x1080-1.jpg","contentUrl":"https:\/\/sme-d.se\/wp-content\/uploads\/2024\/10\/stefan-jakab-low-1621x1080-1.jpg","width":1621,"height":724},{"@type":"BreadcrumbList","@id":"https:\/\/sme-d.se\/2024\/10\/ny-generalsekreterare-for-sme-d\/#breadcrumb","itemListElement":[{"@type":"ListItem","position":1,"name":"Home","item":"https:\/\/sme-d.se\/"},{"@type":"ListItem","position":2,"name":"Stefan Jakab ny generalsekreterare f\u00f6r SME-D"}]},{"@type":"WebSite","@id":"https:\/\/sme-d.se\/#website","url":"https:\/\/sme-d.se\/","name":"SMITH","description":"The industry association for small and medium-sized enterprises (SMEs) in the Swedish defense sector","publisher":{"@id":"https:\/\/sme-d.se\/#organization"},"potentialAction":[{"@type":"SearchAction","target":{"@type":"EntryPoint","urlTemplate":"https:\/\/sme-d.se\/?s={search_term_string}"},"query-input":{"@type":"PropertyValueSpecification","valueRequired":true,"valueName":"search_term_string"}}],"inLanguage":"en-US"},{"@type":"Organization","@id":"https:\/\/sme-d.se\/#organization","name":"SMITH","url":"https:\/\/sme-d.se\/","logo":{"@type":"ImageObject","inLanguage":"en-US","@id":"https:\/\/sme-d.se\/#\/schema\/logo\/image\/","url":"https:\/\/sme-d.se\/wp-content\/uploads\/2023\/12\/SME-logga-ny2-1.png","contentUrl":"https:\/\/sme-d.se\/wp-content\/uploads\/2023\/12\/SME-logga-ny2-1.png","width":200,"height":58,"caption":"SME-D"},"image":{"@id":"https:\/\/sme-d.se\/#\/schema\/logo\/image\/"}},{"@type":"Person","@id":"https:\/\/sme-d.se\/#\/schema\/person\/643a10f983b385787d2918adf4e60ff8","name":"hamid.ershad@tebab.com","image":{"@type":"ImageObject","inLanguage":"en-US","@id":"https:\/\/secure.gravatar.com\/avatar\/a6b278cd0d3c3106f8f9591855817f81ee2cdcabe13d18be42aa40d1e8c57082?s=96&d=mm&r=g","url":"https:\/\/secure.gravatar.com\/avatar\/a6b278cd0d3c3106f8f9591855817f81ee2cdcabe13d18be42aa40d1e8c57082?s=96&d=mm&r=g","contentUrl":"https:\/\/secure.gravatar.com\/avatar\/a6b278cd0d3c3106f8f9591855817f81ee2cdcabe13d18be42aa40d1e8c57082?s=96&d=mm&r=g","caption":"hamid.ershad@tebab.com"},"url":"https:\/\/sme-d.se\/en\/author\/hamid-ershadtebab-com\/"}]}},"_links":{"self":[{"href":"https:\/\/sme-d.se\/en\/wp-json\/wp\/v2\/posts\/664816","targetHints":{"allow":["GET"]}}],"collection":[{"href":"https:\/\/sme-d.se\/en\/wp-json\/wp\/v2\/posts"}],"about":[{"href":"https:\/\/sme-d.se\/en\/wp-json\/wp\/v2\/types\/post"}],"author":[{"embeddable":true,"href":"https:\/\/sme-d.se\/en\/wp-json\/wp\/v2\/users\/2"}],"replies":[{"embeddable":true,"href":"https:\/\/sme-d.se\/en\/wp-json\/wp\/v2\/comments?post=664816"}],"version-history":[{"count":7,"href":"https:\/\/sme-d.se\/en\/wp-json\/wp\/v2\/posts\/664816\/revisions"}],"predecessor-version":[{"id":664827,"href":"https:\/\/sme-d.se\/en\/wp-json\/wp\/v2\/posts\/664816\/revisions\/664827"}],"wp:featuredmedia":[{"embeddable":true,"href":"https:\/\/sme-d.se\/en\/wp-json\/wp\/v2\/media\/664823"}],"wp:attachment":[{"href":"https:\/\/sme-d.se\/en\/wp-json\/wp\/v2\/media?parent=664816"}],"wp:term":[{"taxonomy":"category","embeddable":true,"href":"https:\/\/sme-d.se\/en\/wp-json\/wp\/v2\/categories?post=664816"},{"taxonomy":"post_tag","embeddable":true,"href":"https:\/\/sme-d.se\/en\/wp-json\/wp\/v2\/tags?post=664816"}],"curies":[{"name":"wp","href":"https:\/\/api.w.org\/{rel}","templated":true}]}}