{"id":664556,"date":"2024-03-20T11:17:57","date_gmt":"2024-03-20T10:17:57","guid":{"rendered":"https:\/\/sme-d.se\/?p=664556"},"modified":"2024-03-28T11:19:23","modified_gmt":"2024-03-28T10:19:23","slug":"anmalan-har-oppnat-till-arets-fordjupningsseminarier","status":"publish","type":"post","link":"https:\/\/sme-d.se\/en\/2024\/03\/anmalan-har-oppnat-till-arets-fordjupningsseminarier\/","title":{"rendered":"Registration is now open for this year&#039;s in-depth seminars."},"content":{"rendered":"<p><strong>Registration for this year&#039;s in-depth seminars is now open. The seminars will run from April 15 to 17 and will cover, among other things, existing and future needs planning. Would you like to join us? Take the opportunity to register today!\u00a0<\/strong><\/p>\n\n\n\n<p><strong>April 15<\/strong><br><br><strong>09:00-13:00 Defense and service procurement<\/strong> (formerly Commercial and Service) <strong>Innovation procurement and sustainability focus in the service sector<\/strong><br>In-depth seminar Defense and service procurement begins with a brief feedback to the Defense Company Days 2022 and to the FFD In-depth Seminars 2023. This is followed by general information from the authorities on current issues such as growth, NATO preparations, etc. Furthermore, the session will focus on innovation procurement. During the service part, green transition and sustainability in the defense sector will be discussed, followed by a presentation of current and future procurements and needs. The seminar ends with a question and answer session.<br><br><strong>2:00 PM-5:00 PM Logistics<\/strong> <br>The Logistics In-depth Seminar begins with a brief introduction and feedback to the FFD In-depth Seminars 2023. The development plan, ordered and planned production, and development areas within the Logistics area are then presented. The seminar ends with dialogue and a question and answer session.<br><\/p>\n\n\n\n<p><strong>April 16<\/strong><br><strong><br>09:00-12:00 Army <\/strong><br>The Army Advanced Seminar begins with a brief introduction and feedback to the FFD Advanced Seminars 2023. The development plan, ordered and planned production, and development areas within the Army area are then presented. The seminar ends with dialogue and a question and answer session.<\/p>\n\n\n\n<p><strong>1:00 PM-4:00 PM Management<\/strong> <br>The Management In-depth Seminar begins with a brief introduction and feedback to FFD In-depth Seminars 2023. The development plan, ordered and planned production, and development areas within the Management Systems area are then presented. The seminar ends with dialogue and a question and answer session.<br><\/p>\n\n\n\n<p><strong>April 17<\/strong><br><br><strong>09:00-12:00 Aviation &amp; Space<\/strong> <br>The Advanced Seminar on Aerospace begins with a brief introduction and feedback to the FFD Advanced Seminars 2023. The development plan, ordered and planned production, and development areas within the aerospace field are then presented. The seminar ends with dialogue and a question and answer session.<br><br><strong>1:00 PM-4:00 PM Navy<\/strong> <br>The Marine In-depth Seminar begins with a brief introduction and feedback to the FFD In-depth Seminars 2023. The development plan, ordered and planned production, and development areas within the Marine area are then presented. The seminar ends with dialogue and a question and answer session.<\/p>\n\n\n\n<p><\/p>\n\n\n\n<p>Sign up via <a href=\"https:\/\/ui.ungpd.com\/Issues\/aa8a53c7-886b-4e89-bfb4-134548f2f78a\">this link. <\/a><\/p>","protected":false},"excerpt":{"rendered":"<p>Registration for this year&#039;s in-depth seminars has now opened. The seminars will run from April 15 to 17 and will cover, among other things, existing and future needs planning. Do you want to join us? Take the opportunity to register today! April 15th 9:00-13:00 Defense and service procurement (formerly Commercial and Service) Innovation procurement and sustainability focus in the service sectorIn-depth seminar Defense and service procurement begins with a [\u2026]<\/p>","protected":false},"author":2,"featured_media":664557,"comment_status":"closed","ping_status":"closed","sticky":false,"template":"","format":"standard","meta":{"footnotes":""},"categories":[6],"tags":[],"class_list":["post-664556","post","type-post","status-publish","format-standard","has-post-thumbnail","hentry","category-foreningsnyhet"],"acf":[],"yoast_head":"<!-- This site is optimized with the Yoast SEO plugin v27.5 - https:\/\/yoast.com\/product\/yoast-seo-wordpress\/ -->\n<title>Anm\u00e4lan har \u00f6ppnat till \u00e5rets f\u00f6rdjupningsseminarier - SME-D<\/title>\n<meta name=\"robots\" content=\"index, follow, max-snippet:-1, max-image-preview:large, max-video-preview:-1\" \/>\n<link rel=\"canonical\" href=\"https:\/\/sme-d.se\/en\/2024\/03\/anmalan-har-oppnat-till-arets-fordjupningsseminarier\/\" \/>\n<meta property=\"og:locale\" content=\"en_US\" \/>\n<meta property=\"og:type\" content=\"article\" \/>\n<meta property=\"og:title\" content=\"Anm\u00e4lan har \u00f6ppnat till \u00e5rets f\u00f6rdjupningsseminarier - SME-D\" \/>\n<meta property=\"og:description\" content=\"Nu har anm\u00e4lan till \u00e5rets f\u00f6rdjupningsseminarier \u00f6ppnat. Seminarierna str\u00e4cker sig mellan 15 till 17 april och kommer ber\u00f6ra bl.a. befintlig och kommande behovsplanering. Vill du vara med? Passa p\u00e5 att anm\u00e4la dig idag!\u00a0 15 april Kl. 09:00-13:00 F\u00f6rsvars- och tj\u00e4nsteupphandlingar (f.d. Kommersiellt och Tj\u00e4nst) Innovationsupphandlingar och h\u00e5llbarhetsfokus inom tj\u00e4nstesektornF\u00f6rdjupningsseminarium F\u00f6rsvars- och tj\u00e4nsteupphandlingar inleds med en [&hellip;]\" \/>\n<meta property=\"og:url\" content=\"https:\/\/sme-d.se\/en\/2024\/03\/anmalan-har-oppnat-till-arets-fordjupningsseminarier\/\" \/>\n<meta property=\"og:site_name\" content=\"SME-D\" \/>\n<meta property=\"article:published_time\" content=\"2024-03-20T10:17:57+00:00\" \/>\n<meta property=\"article:modified_time\" content=\"2024-03-28T10:19:23+00:00\" \/>\n<meta property=\"og:image\" content=\"https:\/\/sme-d.se\/wp-content\/uploads\/2024\/03\/fordjupning-2024-utvald-bild-3_w_1440_h_1080.jpg\" \/>\n\t<meta property=\"og:image:width\" content=\"1440\" \/>\n\t<meta property=\"og:image:height\" content=\"810\" \/>\n\t<meta property=\"og:image:type\" content=\"image\/jpeg\" \/>\n<meta name=\"author\" content=\"hamid.ershad@tebab.com\" \/>\n<meta name=\"twitter:card\" content=\"summary_large_image\" \/>\n<meta name=\"twitter:label1\" content=\"Written by\" \/>\n\t<meta name=\"twitter:data1\" content=\"hamid.ershad@tebab.com\" \/>\n\t<meta name=\"twitter:label2\" content=\"Est. reading time\" \/>\n\t<meta name=\"twitter:data2\" content=\"2 minutes\" \/>\n<script type=\"application\/ld+json\" class=\"yoast-schema-graph\">{\"@context\":\"https:\\\/\\\/schema.org\",\"@graph\":[{\"@type\":\"Article\",\"@id\":\"https:\\\/\\\/sme-d.se\\\/2024\\\/03\\\/anmalan-har-oppnat-till-arets-fordjupningsseminarier\\\/#article\",\"isPartOf\":{\"@id\":\"https:\\\/\\\/sme-d.se\\\/2024\\\/03\\\/anmalan-har-oppnat-till-arets-fordjupningsseminarier\\\/\"},\"author\":{\"name\":\"hamid.ershad@tebab.com\",\"@id\":\"https:\\\/\\\/sme-d.se\\\/#\\\/schema\\\/person\\\/643a10f983b385787d2918adf4e60ff8\"},\"headline\":\"Anm\u00e4lan har \u00f6ppnat till \u00e5rets f\u00f6rdjupningsseminarier\",\"datePublished\":\"2024-03-20T10:17:57+00:00\",\"dateModified\":\"2024-03-28T10:19:23+00:00\",\"mainEntityOfPage\":{\"@id\":\"https:\\\/\\\/sme-d.se\\\/2024\\\/03\\\/anmalan-har-oppnat-till-arets-fordjupningsseminarier\\\/\"},\"wordCount\":367,\"publisher\":{\"@id\":\"https:\\\/\\\/sme-d.se\\\/#organization\"},\"image\":{\"@id\":\"https:\\\/\\\/sme-d.se\\\/2024\\\/03\\\/anmalan-har-oppnat-till-arets-fordjupningsseminarier\\\/#primaryimage\"},\"thumbnailUrl\":\"https:\\\/\\\/sme-d.se\\\/wp-content\\\/uploads\\\/2024\\\/03\\\/fordjupning-2024-utvald-bild-3_w_1440_h_1080.jpg\",\"articleSection\":[\"F\u00f6reningsnyhet\"],\"inLanguage\":\"en-US\"},{\"@type\":\"WebPage\",\"@id\":\"https:\\\/\\\/sme-d.se\\\/2024\\\/03\\\/anmalan-har-oppnat-till-arets-fordjupningsseminarier\\\/\",\"url\":\"https:\\\/\\\/sme-d.se\\\/2024\\\/03\\\/anmalan-har-oppnat-till-arets-fordjupningsseminarier\\\/\",\"name\":\"Anm\u00e4lan har \u00f6ppnat till \u00e5rets f\u00f6rdjupningsseminarier - SME-D\",\"isPartOf\":{\"@id\":\"https:\\\/\\\/sme-d.se\\\/#website\"},\"primaryImageOfPage\":{\"@id\":\"https:\\\/\\\/sme-d.se\\\/2024\\\/03\\\/anmalan-har-oppnat-till-arets-fordjupningsseminarier\\\/#primaryimage\"},\"image\":{\"@id\":\"https:\\\/\\\/sme-d.se\\\/2024\\\/03\\\/anmalan-har-oppnat-till-arets-fordjupningsseminarier\\\/#primaryimage\"},\"thumbnailUrl\":\"https:\\\/\\\/sme-d.se\\\/wp-content\\\/uploads\\\/2024\\\/03\\\/fordjupning-2024-utvald-bild-3_w_1440_h_1080.jpg\",\"datePublished\":\"2024-03-20T10:17:57+00:00\",\"dateModified\":\"2024-03-28T10:19:23+00:00\",\"breadcrumb\":{\"@id\":\"https:\\\/\\\/sme-d.se\\\/2024\\\/03\\\/anmalan-har-oppnat-till-arets-fordjupningsseminarier\\\/#breadcrumb\"},\"inLanguage\":\"en-US\",\"potentialAction\":[{\"@type\":\"ReadAction\",\"target\":[\"https:\\\/\\\/sme-d.se\\\/2024\\\/03\\\/anmalan-har-oppnat-till-arets-fordjupningsseminarier\\\/\"]}]},{\"@type\":\"ImageObject\",\"inLanguage\":\"en-US\",\"@id\":\"https:\\\/\\\/sme-d.se\\\/2024\\\/03\\\/anmalan-har-oppnat-till-arets-fordjupningsseminarier\\\/#primaryimage\",\"url\":\"https:\\\/\\\/sme-d.se\\\/wp-content\\\/uploads\\\/2024\\\/03\\\/fordjupning-2024-utvald-bild-3_w_1440_h_1080.jpg\",\"contentUrl\":\"https:\\\/\\\/sme-d.se\\\/wp-content\\\/uploads\\\/2024\\\/03\\\/fordjupning-2024-utvald-bild-3_w_1440_h_1080.jpg\",\"width\":1440,\"height\":810},{\"@type\":\"BreadcrumbList\",\"@id\":\"https:\\\/\\\/sme-d.se\\\/2024\\\/03\\\/anmalan-har-oppnat-till-arets-fordjupningsseminarier\\\/#breadcrumb\",\"itemListElement\":[{\"@type\":\"ListItem\",\"position\":1,\"name\":\"Home\",\"item\":\"https:\\\/\\\/sme-d.se\\\/\"},{\"@type\":\"ListItem\",\"position\":2,\"name\":\"Anm\u00e4lan har \u00f6ppnat till \u00e5rets f\u00f6rdjupningsseminarier\"}]},{\"@type\":\"WebSite\",\"@id\":\"https:\\\/\\\/sme-d.se\\\/#website\",\"url\":\"https:\\\/\\\/sme-d.se\\\/\",\"name\":\"SME-D\",\"description\":\"Branschorganisationen f\u00f6r sm\u00e5 och medelstora f\u00f6retag (SME) inom svensk f\u00f6rsvarssektor\",\"publisher\":{\"@id\":\"https:\\\/\\\/sme-d.se\\\/#organization\"},\"potentialAction\":[{\"@type\":\"SearchAction\",\"target\":{\"@type\":\"EntryPoint\",\"urlTemplate\":\"https:\\\/\\\/sme-d.se\\\/?s={search_term_string}\"},\"query-input\":{\"@type\":\"PropertyValueSpecification\",\"valueRequired\":true,\"valueName\":\"search_term_string\"}}],\"inLanguage\":\"en-US\"},{\"@type\":\"Organization\",\"@id\":\"https:\\\/\\\/sme-d.se\\\/#organization\",\"name\":\"SME-D\",\"url\":\"https:\\\/\\\/sme-d.se\\\/\",\"logo\":{\"@type\":\"ImageObject\",\"inLanguage\":\"en-US\",\"@id\":\"https:\\\/\\\/sme-d.se\\\/#\\\/schema\\\/logo\\\/image\\\/\",\"url\":\"https:\\\/\\\/sme-d.se\\\/wp-content\\\/uploads\\\/2023\\\/12\\\/SME-logga-ny2-1.png\",\"contentUrl\":\"https:\\\/\\\/sme-d.se\\\/wp-content\\\/uploads\\\/2023\\\/12\\\/SME-logga-ny2-1.png\",\"width\":200,\"height\":58,\"caption\":\"SME-D\"},\"image\":{\"@id\":\"https:\\\/\\\/sme-d.se\\\/#\\\/schema\\\/logo\\\/image\\\/\"}},{\"@type\":\"Person\",\"@id\":\"https:\\\/\\\/sme-d.se\\\/#\\\/schema\\\/person\\\/643a10f983b385787d2918adf4e60ff8\",\"name\":\"hamid.ershad@tebab.com\",\"image\":{\"@type\":\"ImageObject\",\"inLanguage\":\"en-US\",\"@id\":\"https:\\\/\\\/secure.gravatar.com\\\/avatar\\\/a6b278cd0d3c3106f8f9591855817f81ee2cdcabe13d18be42aa40d1e8c57082?s=96&d=mm&r=g\",\"url\":\"https:\\\/\\\/secure.gravatar.com\\\/avatar\\\/a6b278cd0d3c3106f8f9591855817f81ee2cdcabe13d18be42aa40d1e8c57082?s=96&d=mm&r=g\",\"contentUrl\":\"https:\\\/\\\/secure.gravatar.com\\\/avatar\\\/a6b278cd0d3c3106f8f9591855817f81ee2cdcabe13d18be42aa40d1e8c57082?s=96&d=mm&r=g\",\"caption\":\"hamid.ershad@tebab.com\"},\"url\":\"https:\\\/\\\/sme-d.se\\\/en\\\/author\\\/hamid-ershadtebab-com\\\/\"}]}<\/script>\n<!-- \/ Yoast SEO plugin. -->","yoast_head_json":{"title":"Registration is open for this year&#039;s in-depth seminars - SME-D","robots":{"index":"index","follow":"follow","max-snippet":"max-snippet:-1","max-image-preview":"max-image-preview:large","max-video-preview":"max-video-preview:-1"},"canonical":"https:\/\/sme-d.se\/en\/2024\/03\/anmalan-har-oppnat-till-arets-fordjupningsseminarier\/","og_locale":"en_US","og_type":"article","og_title":"Anm\u00e4lan har \u00f6ppnat till \u00e5rets f\u00f6rdjupningsseminarier - SME-D","og_description":"Nu har anm\u00e4lan till \u00e5rets f\u00f6rdjupningsseminarier \u00f6ppnat. Seminarierna str\u00e4cker sig mellan 15 till 17 april och kommer ber\u00f6ra bl.a. befintlig och kommande behovsplanering. Vill du vara med? Passa p\u00e5 att anm\u00e4la dig idag!\u00a0 15 april Kl. 09:00-13:00 F\u00f6rsvars- och tj\u00e4nsteupphandlingar (f.d. Kommersiellt och Tj\u00e4nst) Innovationsupphandlingar och h\u00e5llbarhetsfokus inom tj\u00e4nstesektornF\u00f6rdjupningsseminarium F\u00f6rsvars- och tj\u00e4nsteupphandlingar inleds med en [&hellip;]","og_url":"https:\/\/sme-d.se\/en\/2024\/03\/anmalan-har-oppnat-till-arets-fordjupningsseminarier\/","og_site_name":"SME-D","article_published_time":"2024-03-20T10:17:57+00:00","article_modified_time":"2024-03-28T10:19:23+00:00","og_image":[{"width":1440,"height":810,"url":"https:\/\/sme-d.se\/wp-content\/uploads\/2024\/03\/fordjupning-2024-utvald-bild-3_w_1440_h_1080.jpg","type":"image\/jpeg"}],"author":"hamid.ershad@tebab.com","twitter_card":"summary_large_image","twitter_misc":{"Written by":"hamid.ershad@tebab.com","Est. reading time":"2 minutes"},"schema":{"@context":"https:\/\/schema.org","@graph":[{"@type":"Article","@id":"https:\/\/sme-d.se\/2024\/03\/anmalan-har-oppnat-till-arets-fordjupningsseminarier\/#article","isPartOf":{"@id":"https:\/\/sme-d.se\/2024\/03\/anmalan-har-oppnat-till-arets-fordjupningsseminarier\/"},"author":{"name":"hamid.ershad@tebab.com","@id":"https:\/\/sme-d.se\/#\/schema\/person\/643a10f983b385787d2918adf4e60ff8"},"headline":"Anm\u00e4lan har \u00f6ppnat till \u00e5rets f\u00f6rdjupningsseminarier","datePublished":"2024-03-20T10:17:57+00:00","dateModified":"2024-03-28T10:19:23+00:00","mainEntityOfPage":{"@id":"https:\/\/sme-d.se\/2024\/03\/anmalan-har-oppnat-till-arets-fordjupningsseminarier\/"},"wordCount":367,"publisher":{"@id":"https:\/\/sme-d.se\/#organization"},"image":{"@id":"https:\/\/sme-d.se\/2024\/03\/anmalan-har-oppnat-till-arets-fordjupningsseminarier\/#primaryimage"},"thumbnailUrl":"https:\/\/sme-d.se\/wp-content\/uploads\/2024\/03\/fordjupning-2024-utvald-bild-3_w_1440_h_1080.jpg","articleSection":["F\u00f6reningsnyhet"],"inLanguage":"en-US"},{"@type":"WebPage","@id":"https:\/\/sme-d.se\/2024\/03\/anmalan-har-oppnat-till-arets-fordjupningsseminarier\/","url":"https:\/\/sme-d.se\/2024\/03\/anmalan-har-oppnat-till-arets-fordjupningsseminarier\/","name":"Registration is open for this year&#039;s in-depth seminars - SME-D","isPartOf":{"@id":"https:\/\/sme-d.se\/#website"},"primaryImageOfPage":{"@id":"https:\/\/sme-d.se\/2024\/03\/anmalan-har-oppnat-till-arets-fordjupningsseminarier\/#primaryimage"},"image":{"@id":"https:\/\/sme-d.se\/2024\/03\/anmalan-har-oppnat-till-arets-fordjupningsseminarier\/#primaryimage"},"thumbnailUrl":"https:\/\/sme-d.se\/wp-content\/uploads\/2024\/03\/fordjupning-2024-utvald-bild-3_w_1440_h_1080.jpg","datePublished":"2024-03-20T10:17:57+00:00","dateModified":"2024-03-28T10:19:23+00:00","breadcrumb":{"@id":"https:\/\/sme-d.se\/2024\/03\/anmalan-har-oppnat-till-arets-fordjupningsseminarier\/#breadcrumb"},"inLanguage":"en-US","potentialAction":[{"@type":"ReadAction","target":["https:\/\/sme-d.se\/2024\/03\/anmalan-har-oppnat-till-arets-fordjupningsseminarier\/"]}]},{"@type":"ImageObject","inLanguage":"en-US","@id":"https:\/\/sme-d.se\/2024\/03\/anmalan-har-oppnat-till-arets-fordjupningsseminarier\/#primaryimage","url":"https:\/\/sme-d.se\/wp-content\/uploads\/2024\/03\/fordjupning-2024-utvald-bild-3_w_1440_h_1080.jpg","contentUrl":"https:\/\/sme-d.se\/wp-content\/uploads\/2024\/03\/fordjupning-2024-utvald-bild-3_w_1440_h_1080.jpg","width":1440,"height":810},{"@type":"BreadcrumbList","@id":"https:\/\/sme-d.se\/2024\/03\/anmalan-har-oppnat-till-arets-fordjupningsseminarier\/#breadcrumb","itemListElement":[{"@type":"ListItem","position":1,"name":"Home","item":"https:\/\/sme-d.se\/"},{"@type":"ListItem","position":2,"name":"Anm\u00e4lan har \u00f6ppnat till \u00e5rets f\u00f6rdjupningsseminarier"}]},{"@type":"WebSite","@id":"https:\/\/sme-d.se\/#website","url":"https:\/\/sme-d.se\/","name":"SMITH","description":"The industry association for small and medium-sized enterprises (SMEs) in the Swedish defense sector","publisher":{"@id":"https:\/\/sme-d.se\/#organization"},"potentialAction":[{"@type":"SearchAction","target":{"@type":"EntryPoint","urlTemplate":"https:\/\/sme-d.se\/?s={search_term_string}"},"query-input":{"@type":"PropertyValueSpecification","valueRequired":true,"valueName":"search_term_string"}}],"inLanguage":"en-US"},{"@type":"Organization","@id":"https:\/\/sme-d.se\/#organization","name":"SMITH","url":"https:\/\/sme-d.se\/","logo":{"@type":"ImageObject","inLanguage":"en-US","@id":"https:\/\/sme-d.se\/#\/schema\/logo\/image\/","url":"https:\/\/sme-d.se\/wp-content\/uploads\/2023\/12\/SME-logga-ny2-1.png","contentUrl":"https:\/\/sme-d.se\/wp-content\/uploads\/2023\/12\/SME-logga-ny2-1.png","width":200,"height":58,"caption":"SME-D"},"image":{"@id":"https:\/\/sme-d.se\/#\/schema\/logo\/image\/"}},{"@type":"Person","@id":"https:\/\/sme-d.se\/#\/schema\/person\/643a10f983b385787d2918adf4e60ff8","name":"hamid.ershad@tebab.com","image":{"@type":"ImageObject","inLanguage":"en-US","@id":"https:\/\/secure.gravatar.com\/avatar\/a6b278cd0d3c3106f8f9591855817f81ee2cdcabe13d18be42aa40d1e8c57082?s=96&d=mm&r=g","url":"https:\/\/secure.gravatar.com\/avatar\/a6b278cd0d3c3106f8f9591855817f81ee2cdcabe13d18be42aa40d1e8c57082?s=96&d=mm&r=g","contentUrl":"https:\/\/secure.gravatar.com\/avatar\/a6b278cd0d3c3106f8f9591855817f81ee2cdcabe13d18be42aa40d1e8c57082?s=96&d=mm&r=g","caption":"hamid.ershad@tebab.com"},"url":"https:\/\/sme-d.se\/en\/author\/hamid-ershadtebab-com\/"}]}},"_links":{"self":[{"href":"https:\/\/sme-d.se\/en\/wp-json\/wp\/v2\/posts\/664556","targetHints":{"allow":["GET"]}}],"collection":[{"href":"https:\/\/sme-d.se\/en\/wp-json\/wp\/v2\/posts"}],"about":[{"href":"https:\/\/sme-d.se\/en\/wp-json\/wp\/v2\/types\/post"}],"author":[{"embeddable":true,"href":"https:\/\/sme-d.se\/en\/wp-json\/wp\/v2\/users\/2"}],"replies":[{"embeddable":true,"href":"https:\/\/sme-d.se\/en\/wp-json\/wp\/v2\/comments?post=664556"}],"version-history":[{"count":1,"href":"https:\/\/sme-d.se\/en\/wp-json\/wp\/v2\/posts\/664556\/revisions"}],"predecessor-version":[{"id":664558,"href":"https:\/\/sme-d.se\/en\/wp-json\/wp\/v2\/posts\/664556\/revisions\/664558"}],"wp:featuredmedia":[{"embeddable":true,"href":"https:\/\/sme-d.se\/en\/wp-json\/wp\/v2\/media\/664557"}],"wp:attachment":[{"href":"https:\/\/sme-d.se\/en\/wp-json\/wp\/v2\/media?parent=664556"}],"wp:term":[{"taxonomy":"category","embeddable":true,"href":"https:\/\/sme-d.se\/en\/wp-json\/wp\/v2\/categories?post=664556"},{"taxonomy":"post_tag","embeddable":true,"href":"https:\/\/sme-d.se\/en\/wp-json\/wp\/v2\/tags?post=664556"}],"curies":[{"name":"wp","href":"https:\/\/api.w.org\/{rel}","templated":true}]}}