{"id":664320,"date":"2024-01-10T21:57:58","date_gmt":"2024-01-10T20:57:58","guid":{"rendered":"https:\/\/smed.acrowd.se\/?p=664320"},"modified":"2024-01-25T14:01:15","modified_gmt":"2024-01-25T13:01:15","slug":"folk-och-forsvars-rikskonferens-2024","status":"publish","type":"post","link":"https:\/\/sme-d.se\/en\/2024\/01\/folk-och-forsvars-rikskonferens-2024\/","title":{"rendered":"People and Defense National Conference 2024"},"content":{"rendered":"<p><\/p>\n\n\n\n<p><strong>This year&#039;s conference was characterized by increased clarity and coherence, with a focus on current security challenges and the importance of developing Sweden&#039;s modern total defense. In addition, Minister of Defense P\u00e5l Jonson and Minister of Civil Defense Carl-Oskar Bohlin presented several new initiatives.<\/strong><\/p>\n\n\n\n<p>Representatives from SME-d actively attended the conference, which enabled valuable dialogues with leading decision-makers. During these discussions, we emphasized the critical role of the SME sector in the defense sector, which has been particularly evident during the conflict in Ukraine. We also emphasized that the unique conditions of SME must be taken into account in the continued development of national defense.<\/p>\n\n\n\n<p>We are convinced that Sweden possesses the necessary conditions to collectively build a security structure that we all deserve. However, this requires concrete actions from all actors.<\/p>\n\n\n\n<p>The members of Folk &amp; F\u00f6rsvar play a crucial role in contributing to a broad popular support for the defense through their members. As proud members, we in SME-D are convinced that our member companies also play a crucial role in strengthening Sweden&#039;s security and defense readiness. This needs to be given more attention in the public debate and is something we will continue to work to highlight.<\/p>","protected":false},"excerpt":{"rendered":"<p>This year\u2019s conference was characterized by increased clarity and coherence, with a focus on current security challenges and the importance of developing Sweden\u2019s modern total defense. In addition, Minister of Defense P\u00e5l Jonson and Minister of Civil Defense Carl-Oskar Bohlin presented several new initiatives. Representatives from SME-d actively attended the conference, which enabled valuable dialogues with leading decision-makers. During these talks [\u2026]<\/p>","protected":false},"author":2,"featured_media":664324,"comment_status":"closed","ping_status":"closed","sticky":false,"template":"","format":"standard","meta":{"footnotes":""},"categories":[6],"tags":[10],"class_list":["post-664320","post","type-post","status-publish","format-standard","has-post-thumbnail","hentry","category-foreningsnyhet","tag-folk-och-forsvar"],"acf":[],"yoast_head":"<!-- This site is optimized with the Yoast SEO plugin v27.5 - https:\/\/yoast.com\/product\/yoast-seo-wordpress\/ -->\n<title>Folk och F\u00f6rsvars rikskonferens 2024 - SME-D<\/title>\n<meta name=\"robots\" content=\"index, follow, max-snippet:-1, max-image-preview:large, max-video-preview:-1\" \/>\n<link rel=\"canonical\" href=\"https:\/\/sme-d.se\/en\/2024\/01\/folk-och-forsvars-rikskonferens-2024\/\" \/>\n<meta property=\"og:locale\" content=\"en_US\" \/>\n<meta property=\"og:type\" content=\"article\" \/>\n<meta property=\"og:title\" content=\"Folk och F\u00f6rsvars rikskonferens 2024 - SME-D\" \/>\n<meta property=\"og:description\" content=\"\u00c5rets konferens k\u00e4nnetecknades av en \u00f6kad tydlighet och samst\u00e4mmighet, d\u00e4r fokus l\u00e5g p\u00e5 aktuella s\u00e4kerhetsutmaningar och betydelsen av att utveckla Sveriges moderna totalf\u00f6rsvar. Dessutom presenterade f\u00f6rsvarsminister P\u00e5l Jonson och minister f\u00f6r civilt f\u00f6rsvar Carl-Oskar Bohlin flera nya satsningar. Representanter fr\u00e5n SME-d n\u00e4rvarade aktivt vid konferensen, vilket m\u00f6jliggjorde v\u00e4rdefulla dialoger med ledande beslutsfattare. Under dessa samtal [&hellip;]\" \/>\n<meta property=\"og:url\" content=\"https:\/\/sme-d.se\/en\/2024\/01\/folk-och-forsvars-rikskonferens-2024\/\" \/>\n<meta property=\"og:site_name\" content=\"SME-D\" \/>\n<meta property=\"article:published_time\" content=\"2024-01-10T20:57:58+00:00\" \/>\n<meta property=\"article:modified_time\" content=\"2024-01-25T13:01:15+00:00\" \/>\n<meta property=\"og:image\" content=\"https:\/\/sme-d.se\/wp-content\/uploads\/2024\/01\/up25854.jpg\" \/>\n\t<meta property=\"og:image:width\" content=\"1000\" \/>\n\t<meta property=\"og:image:height\" content=\"667\" \/>\n\t<meta property=\"og:image:type\" content=\"image\/jpeg\" \/>\n<meta name=\"author\" content=\"hamid.ershad@tebab.com\" \/>\n<meta name=\"twitter:card\" content=\"summary_large_image\" \/>\n<meta name=\"twitter:label1\" content=\"Written by\" \/>\n\t<meta name=\"twitter:data1\" content=\"hamid.ershad@tebab.com\" \/>\n\t<meta name=\"twitter:label2\" content=\"Est. reading time\" \/>\n\t<meta name=\"twitter:data2\" content=\"2 minutes\" \/>\n<script type=\"application\/ld+json\" class=\"yoast-schema-graph\">{\"@context\":\"https:\\\/\\\/schema.org\",\"@graph\":[{\"@type\":\"Article\",\"@id\":\"https:\\\/\\\/sme-d.se\\\/2024\\\/01\\\/folk-och-forsvars-rikskonferens-2024\\\/#article\",\"isPartOf\":{\"@id\":\"https:\\\/\\\/sme-d.se\\\/2024\\\/01\\\/folk-och-forsvars-rikskonferens-2024\\\/\"},\"author\":{\"name\":\"hamid.ershad@tebab.com\",\"@id\":\"https:\\\/\\\/sme-d.se\\\/#\\\/schema\\\/person\\\/643a10f983b385787d2918adf4e60ff8\"},\"headline\":\"Folk och F\u00f6rsvars rikskonferens 2024\",\"datePublished\":\"2024-01-10T20:57:58+00:00\",\"dateModified\":\"2024-01-25T13:01:15+00:00\",\"mainEntityOfPage\":{\"@id\":\"https:\\\/\\\/sme-d.se\\\/2024\\\/01\\\/folk-och-forsvars-rikskonferens-2024\\\/\"},\"wordCount\":239,\"publisher\":{\"@id\":\"https:\\\/\\\/sme-d.se\\\/#organization\"},\"image\":{\"@id\":\"https:\\\/\\\/sme-d.se\\\/2024\\\/01\\\/folk-och-forsvars-rikskonferens-2024\\\/#primaryimage\"},\"thumbnailUrl\":\"https:\\\/\\\/sme-d.se\\\/wp-content\\\/uploads\\\/2024\\\/01\\\/up25854.jpg\",\"keywords\":[\"Folk och f\u00f6rsvar\"],\"articleSection\":[\"F\u00f6reningsnyhet\"],\"inLanguage\":\"en-US\"},{\"@type\":\"WebPage\",\"@id\":\"https:\\\/\\\/sme-d.se\\\/2024\\\/01\\\/folk-och-forsvars-rikskonferens-2024\\\/\",\"url\":\"https:\\\/\\\/sme-d.se\\\/2024\\\/01\\\/folk-och-forsvars-rikskonferens-2024\\\/\",\"name\":\"Folk och F\u00f6rsvars rikskonferens 2024 - SME-D\",\"isPartOf\":{\"@id\":\"https:\\\/\\\/sme-d.se\\\/#website\"},\"primaryImageOfPage\":{\"@id\":\"https:\\\/\\\/sme-d.se\\\/2024\\\/01\\\/folk-och-forsvars-rikskonferens-2024\\\/#primaryimage\"},\"image\":{\"@id\":\"https:\\\/\\\/sme-d.se\\\/2024\\\/01\\\/folk-och-forsvars-rikskonferens-2024\\\/#primaryimage\"},\"thumbnailUrl\":\"https:\\\/\\\/sme-d.se\\\/wp-content\\\/uploads\\\/2024\\\/01\\\/up25854.jpg\",\"datePublished\":\"2024-01-10T20:57:58+00:00\",\"dateModified\":\"2024-01-25T13:01:15+00:00\",\"breadcrumb\":{\"@id\":\"https:\\\/\\\/sme-d.se\\\/2024\\\/01\\\/folk-och-forsvars-rikskonferens-2024\\\/#breadcrumb\"},\"inLanguage\":\"en-US\",\"potentialAction\":[{\"@type\":\"ReadAction\",\"target\":[\"https:\\\/\\\/sme-d.se\\\/2024\\\/01\\\/folk-och-forsvars-rikskonferens-2024\\\/\"]}]},{\"@type\":\"ImageObject\",\"inLanguage\":\"en-US\",\"@id\":\"https:\\\/\\\/sme-d.se\\\/2024\\\/01\\\/folk-och-forsvars-rikskonferens-2024\\\/#primaryimage\",\"url\":\"https:\\\/\\\/sme-d.se\\\/wp-content\\\/uploads\\\/2024\\\/01\\\/up25854.jpg\",\"contentUrl\":\"https:\\\/\\\/sme-d.se\\\/wp-content\\\/uploads\\\/2024\\\/01\\\/up25854.jpg\",\"width\":1000,\"height\":667,\"caption\":\"Foto: Folk och F\u00f6rsvar\"},{\"@type\":\"BreadcrumbList\",\"@id\":\"https:\\\/\\\/sme-d.se\\\/2024\\\/01\\\/folk-och-forsvars-rikskonferens-2024\\\/#breadcrumb\",\"itemListElement\":[{\"@type\":\"ListItem\",\"position\":1,\"name\":\"Home\",\"item\":\"https:\\\/\\\/sme-d.se\\\/\"},{\"@type\":\"ListItem\",\"position\":2,\"name\":\"Folk och F\u00f6rsvars rikskonferens 2024\"}]},{\"@type\":\"WebSite\",\"@id\":\"https:\\\/\\\/sme-d.se\\\/#website\",\"url\":\"https:\\\/\\\/sme-d.se\\\/\",\"name\":\"SME-D\",\"description\":\"Branschorganisationen f\u00f6r sm\u00e5 och medelstora f\u00f6retag (SME) inom svensk f\u00f6rsvarssektor\",\"publisher\":{\"@id\":\"https:\\\/\\\/sme-d.se\\\/#organization\"},\"potentialAction\":[{\"@type\":\"SearchAction\",\"target\":{\"@type\":\"EntryPoint\",\"urlTemplate\":\"https:\\\/\\\/sme-d.se\\\/?s={search_term_string}\"},\"query-input\":{\"@type\":\"PropertyValueSpecification\",\"valueRequired\":true,\"valueName\":\"search_term_string\"}}],\"inLanguage\":\"en-US\"},{\"@type\":\"Organization\",\"@id\":\"https:\\\/\\\/sme-d.se\\\/#organization\",\"name\":\"SME-D\",\"url\":\"https:\\\/\\\/sme-d.se\\\/\",\"logo\":{\"@type\":\"ImageObject\",\"inLanguage\":\"en-US\",\"@id\":\"https:\\\/\\\/sme-d.se\\\/#\\\/schema\\\/logo\\\/image\\\/\",\"url\":\"https:\\\/\\\/sme-d.se\\\/wp-content\\\/uploads\\\/2023\\\/12\\\/SME-logga-ny2-1.png\",\"contentUrl\":\"https:\\\/\\\/sme-d.se\\\/wp-content\\\/uploads\\\/2023\\\/12\\\/SME-logga-ny2-1.png\",\"width\":200,\"height\":58,\"caption\":\"SME-D\"},\"image\":{\"@id\":\"https:\\\/\\\/sme-d.se\\\/#\\\/schema\\\/logo\\\/image\\\/\"}},{\"@type\":\"Person\",\"@id\":\"https:\\\/\\\/sme-d.se\\\/#\\\/schema\\\/person\\\/643a10f983b385787d2918adf4e60ff8\",\"name\":\"hamid.ershad@tebab.com\",\"image\":{\"@type\":\"ImageObject\",\"inLanguage\":\"en-US\",\"@id\":\"https:\\\/\\\/secure.gravatar.com\\\/avatar\\\/a6b278cd0d3c3106f8f9591855817f81ee2cdcabe13d18be42aa40d1e8c57082?s=96&d=mm&r=g\",\"url\":\"https:\\\/\\\/secure.gravatar.com\\\/avatar\\\/a6b278cd0d3c3106f8f9591855817f81ee2cdcabe13d18be42aa40d1e8c57082?s=96&d=mm&r=g\",\"contentUrl\":\"https:\\\/\\\/secure.gravatar.com\\\/avatar\\\/a6b278cd0d3c3106f8f9591855817f81ee2cdcabe13d18be42aa40d1e8c57082?s=96&d=mm&r=g\",\"caption\":\"hamid.ershad@tebab.com\"},\"url\":\"https:\\\/\\\/sme-d.se\\\/en\\\/author\\\/hamid-ershadtebab-com\\\/\"}]}<\/script>\n<!-- \/ Yoast SEO plugin. -->","yoast_head_json":{"title":"People and Defense National Conference 2024 - SME-D","robots":{"index":"index","follow":"follow","max-snippet":"max-snippet:-1","max-image-preview":"max-image-preview:large","max-video-preview":"max-video-preview:-1"},"canonical":"https:\/\/sme-d.se\/en\/2024\/01\/folk-och-forsvars-rikskonferens-2024\/","og_locale":"en_US","og_type":"article","og_title":"Folk och F\u00f6rsvars rikskonferens 2024 - SME-D","og_description":"\u00c5rets konferens k\u00e4nnetecknades av en \u00f6kad tydlighet och samst\u00e4mmighet, d\u00e4r fokus l\u00e5g p\u00e5 aktuella s\u00e4kerhetsutmaningar och betydelsen av att utveckla Sveriges moderna totalf\u00f6rsvar. Dessutom presenterade f\u00f6rsvarsminister P\u00e5l Jonson och minister f\u00f6r civilt f\u00f6rsvar Carl-Oskar Bohlin flera nya satsningar. Representanter fr\u00e5n SME-d n\u00e4rvarade aktivt vid konferensen, vilket m\u00f6jliggjorde v\u00e4rdefulla dialoger med ledande beslutsfattare. Under dessa samtal [&hellip;]","og_url":"https:\/\/sme-d.se\/en\/2024\/01\/folk-och-forsvars-rikskonferens-2024\/","og_site_name":"SME-D","article_published_time":"2024-01-10T20:57:58+00:00","article_modified_time":"2024-01-25T13:01:15+00:00","og_image":[{"width":1000,"height":667,"url":"https:\/\/sme-d.se\/wp-content\/uploads\/2024\/01\/up25854.jpg","type":"image\/jpeg"}],"author":"hamid.ershad@tebab.com","twitter_card":"summary_large_image","twitter_misc":{"Written by":"hamid.ershad@tebab.com","Est. reading time":"2 minutes"},"schema":{"@context":"https:\/\/schema.org","@graph":[{"@type":"Article","@id":"https:\/\/sme-d.se\/2024\/01\/folk-och-forsvars-rikskonferens-2024\/#article","isPartOf":{"@id":"https:\/\/sme-d.se\/2024\/01\/folk-och-forsvars-rikskonferens-2024\/"},"author":{"name":"hamid.ershad@tebab.com","@id":"https:\/\/sme-d.se\/#\/schema\/person\/643a10f983b385787d2918adf4e60ff8"},"headline":"Folk och F\u00f6rsvars rikskonferens 2024","datePublished":"2024-01-10T20:57:58+00:00","dateModified":"2024-01-25T13:01:15+00:00","mainEntityOfPage":{"@id":"https:\/\/sme-d.se\/2024\/01\/folk-och-forsvars-rikskonferens-2024\/"},"wordCount":239,"publisher":{"@id":"https:\/\/sme-d.se\/#organization"},"image":{"@id":"https:\/\/sme-d.se\/2024\/01\/folk-och-forsvars-rikskonferens-2024\/#primaryimage"},"thumbnailUrl":"https:\/\/sme-d.se\/wp-content\/uploads\/2024\/01\/up25854.jpg","keywords":["Folk och f\u00f6rsvar"],"articleSection":["F\u00f6reningsnyhet"],"inLanguage":"en-US"},{"@type":"WebPage","@id":"https:\/\/sme-d.se\/2024\/01\/folk-och-forsvars-rikskonferens-2024\/","url":"https:\/\/sme-d.se\/2024\/01\/folk-och-forsvars-rikskonferens-2024\/","name":"People and Defense National Conference 2024 - SME-D","isPartOf":{"@id":"https:\/\/sme-d.se\/#website"},"primaryImageOfPage":{"@id":"https:\/\/sme-d.se\/2024\/01\/folk-och-forsvars-rikskonferens-2024\/#primaryimage"},"image":{"@id":"https:\/\/sme-d.se\/2024\/01\/folk-och-forsvars-rikskonferens-2024\/#primaryimage"},"thumbnailUrl":"https:\/\/sme-d.se\/wp-content\/uploads\/2024\/01\/up25854.jpg","datePublished":"2024-01-10T20:57:58+00:00","dateModified":"2024-01-25T13:01:15+00:00","breadcrumb":{"@id":"https:\/\/sme-d.se\/2024\/01\/folk-och-forsvars-rikskonferens-2024\/#breadcrumb"},"inLanguage":"en-US","potentialAction":[{"@type":"ReadAction","target":["https:\/\/sme-d.se\/2024\/01\/folk-och-forsvars-rikskonferens-2024\/"]}]},{"@type":"ImageObject","inLanguage":"en-US","@id":"https:\/\/sme-d.se\/2024\/01\/folk-och-forsvars-rikskonferens-2024\/#primaryimage","url":"https:\/\/sme-d.se\/wp-content\/uploads\/2024\/01\/up25854.jpg","contentUrl":"https:\/\/sme-d.se\/wp-content\/uploads\/2024\/01\/up25854.jpg","width":1000,"height":667,"caption":"Foto: Folk och F\u00f6rsvar"},{"@type":"BreadcrumbList","@id":"https:\/\/sme-d.se\/2024\/01\/folk-och-forsvars-rikskonferens-2024\/#breadcrumb","itemListElement":[{"@type":"ListItem","position":1,"name":"Home","item":"https:\/\/sme-d.se\/"},{"@type":"ListItem","position":2,"name":"Folk och F\u00f6rsvars rikskonferens 2024"}]},{"@type":"WebSite","@id":"https:\/\/sme-d.se\/#website","url":"https:\/\/sme-d.se\/","name":"SMITH","description":"The industry association for small and medium-sized enterprises (SMEs) in the Swedish defense sector","publisher":{"@id":"https:\/\/sme-d.se\/#organization"},"potentialAction":[{"@type":"SearchAction","target":{"@type":"EntryPoint","urlTemplate":"https:\/\/sme-d.se\/?s={search_term_string}"},"query-input":{"@type":"PropertyValueSpecification","valueRequired":true,"valueName":"search_term_string"}}],"inLanguage":"en-US"},{"@type":"Organization","@id":"https:\/\/sme-d.se\/#organization","name":"SMITH","url":"https:\/\/sme-d.se\/","logo":{"@type":"ImageObject","inLanguage":"en-US","@id":"https:\/\/sme-d.se\/#\/schema\/logo\/image\/","url":"https:\/\/sme-d.se\/wp-content\/uploads\/2023\/12\/SME-logga-ny2-1.png","contentUrl":"https:\/\/sme-d.se\/wp-content\/uploads\/2023\/12\/SME-logga-ny2-1.png","width":200,"height":58,"caption":"SME-D"},"image":{"@id":"https:\/\/sme-d.se\/#\/schema\/logo\/image\/"}},{"@type":"Person","@id":"https:\/\/sme-d.se\/#\/schema\/person\/643a10f983b385787d2918adf4e60ff8","name":"hamid.ershad@tebab.com","image":{"@type":"ImageObject","inLanguage":"en-US","@id":"https:\/\/secure.gravatar.com\/avatar\/a6b278cd0d3c3106f8f9591855817f81ee2cdcabe13d18be42aa40d1e8c57082?s=96&d=mm&r=g","url":"https:\/\/secure.gravatar.com\/avatar\/a6b278cd0d3c3106f8f9591855817f81ee2cdcabe13d18be42aa40d1e8c57082?s=96&d=mm&r=g","contentUrl":"https:\/\/secure.gravatar.com\/avatar\/a6b278cd0d3c3106f8f9591855817f81ee2cdcabe13d18be42aa40d1e8c57082?s=96&d=mm&r=g","caption":"hamid.ershad@tebab.com"},"url":"https:\/\/sme-d.se\/en\/author\/hamid-ershadtebab-com\/"}]}},"_links":{"self":[{"href":"https:\/\/sme-d.se\/en\/wp-json\/wp\/v2\/posts\/664320","targetHints":{"allow":["GET"]}}],"collection":[{"href":"https:\/\/sme-d.se\/en\/wp-json\/wp\/v2\/posts"}],"about":[{"href":"https:\/\/sme-d.se\/en\/wp-json\/wp\/v2\/types\/post"}],"author":[{"embeddable":true,"href":"https:\/\/sme-d.se\/en\/wp-json\/wp\/v2\/users\/2"}],"replies":[{"embeddable":true,"href":"https:\/\/sme-d.se\/en\/wp-json\/wp\/v2\/comments?post=664320"}],"version-history":[{"count":1,"href":"https:\/\/sme-d.se\/en\/wp-json\/wp\/v2\/posts\/664320\/revisions"}],"predecessor-version":[{"id":664325,"href":"https:\/\/sme-d.se\/en\/wp-json\/wp\/v2\/posts\/664320\/revisions\/664325"}],"wp:featuredmedia":[{"embeddable":true,"href":"https:\/\/sme-d.se\/en\/wp-json\/wp\/v2\/media\/664324"}],"wp:attachment":[{"href":"https:\/\/sme-d.se\/en\/wp-json\/wp\/v2\/media?parent=664320"}],"wp:term":[{"taxonomy":"category","embeddable":true,"href":"https:\/\/sme-d.se\/en\/wp-json\/wp\/v2\/categories?post=664320"},{"taxonomy":"post_tag","embeddable":true,"href":"https:\/\/sme-d.se\/en\/wp-json\/wp\/v2\/tags?post=664320"}],"curies":[{"name":"wp","href":"https:\/\/api.w.org\/{rel}","templated":true}]}}