{"id":662720,"date":"2022-06-27T10:52:39","date_gmt":"2022-06-27T10:52:39","guid":{"rendered":"https:\/\/www.sme-d.se\/?p=662720"},"modified":"2022-06-27T10:52:39","modified_gmt":"2022-06-27T10:52:39","slug":"jaime-rico-ny-ordforande-i-sme-d","status":"publish","type":"post","link":"https:\/\/sme-d.se\/en\/2022\/06\/jaime-rico-ny-ordforande-i-sme-d\/","title":{"rendered":"Jaime Rico \u2013 new chairman of Sme-d"},"content":{"rendered":"<p>\u2014 Sme-d&#039;s most important goal in 2022 is to make our decision-makers understand the importance of what small and medium-sized companies can contribute to Sweden&#039;s total defense. Our member companies are at the forefront of creative high-tech solutions and the defense authorities must become better at utilizing this, says Jaime Rico, who currently is sales manager for the public sector at Synkzone.<\/p>\n<p style=\"font-weight: 400;\">Over the past ten years, Jaime has seen up close the importance and benefit that private actors can contribute to the construction and maintenance of Sweden&#039;s defense, especially smaller companies with a proximity to ideas and technological development that larger companies sometimes lack.<\/p>\n<p>&quot;A trade organization like Sme-d exists for the interests of its members, but we also give members the opportunity to easily get involved in issues they are passionate about. In addition, through dialogue and collaboration, we can reduce the distance between our members and the Government Offices, the Armed Forces and FMV,&quot; he says.<\/p>\n<p style=\"font-weight: 400;\">\nThat all companies in the defense sector, large and small, should have the opportunity to contribute on as equal terms as possible is one of several issues that Jaime Brinner is a little extra concerned about.<\/p>\n<p>\u2014 We are a trade organization that protects small and medium-sized companies in Sweden within the defense and security industry. All types of companies that feel they want to contribute to total defense should have the opportunity to do so and are also welcome to join us as a trade organization.<\/p>\n<p style=\"font-weight: 400;\"><strong><br \/>\nChanging image of defense<\/p>\n<p><\/strong>Jaime&#039;s first contact with the defense and security sector was during the coup d&#039;\u00e9tat in Chile, from which he later fled to Sweden with his parents and a younger brother.<\/p>\n<p>\u2014 After fleeing a dictatorship, my attitude towards the defense was not the best, but after my military service at K4, Arvidsjaur, my image changed. Instead of doing my homework, I went to F21 in Lule\u00e5, became a cadet in the air force, and until 2001 I worked as a professional officer.<\/p>\n<p style=\"font-weight: 400;\">\nAfter a brief stint in the telecom sector, Jaime found his way back to the defense sector in 2005 and has since worked in consulting, business development, sales and industry organizations.<\/p>\n<p>\u2014 I like a fast pace, which can feel contradictory in a sector with built-in inertia, but I believe that my experience and personality can contribute with action and move the positions of Sme-d forward. We have both product companies and service companies, our collaboration with SACS makes us stronger together. There are many synergies when we strengthen Civil Defense and the military. We want to grow because together we build the resilience of Swedish companies, concludes Jaime.<\/p>","protected":false},"excerpt":{"rendered":"<p>\u2014 Sme-d&#039;s most important goal in 2022 is to make our decision-makers understand the importance of what small and medium-sized companies can contribute to Sweden&#039;s total defense. Our member companies are at the forefront of creative high-tech solutions and the defense authorities must become better at utilizing this, says Jaime Rico, who currently is responsible for sales in the public sector [\u2026]<\/p>","protected":false},"author":2,"featured_media":662723,"comment_status":"open","ping_status":"open","sticky":false,"template":"","format":"standard","meta":{"footnotes":""},"categories":[6],"tags":[],"class_list":["post-662720","post","type-post","status-publish","format-standard","has-post-thumbnail","hentry","category-foreningsnyhet"],"acf":[],"yoast_head":"<!-- This site is optimized with the Yoast SEO plugin v27.5 - https:\/\/yoast.com\/product\/yoast-seo-wordpress\/ -->\n<title>Jaime Rico \u2013 ny ordf\u00f6rande i Sme-d - SME-D<\/title>\n<meta name=\"robots\" content=\"index, follow, max-snippet:-1, max-image-preview:large, max-video-preview:-1\" \/>\n<link rel=\"canonical\" href=\"https:\/\/sme-d.se\/en\/2022\/06\/jaime-rico-ny-ordforande-i-sme-d\/\" \/>\n<meta property=\"og:locale\" content=\"en_US\" \/>\n<meta property=\"og:type\" content=\"article\" \/>\n<meta property=\"og:title\" content=\"Jaime Rico \u2013 ny ordf\u00f6rande i Sme-d - SME-D\" \/>\n<meta property=\"og:description\" content=\"\u2014 Sme-d:s viktigaste m\u00e5ls\u00e4ttning under 2022 \u00e4r att f\u00e5 v\u00e5ra beslutsfattare att f\u00f6rst\u00e5 vikten av vad sm\u00e5 och medelstora bolag kan bidra till inom Sveriges totalf\u00f6rsvar. V\u00e5ra medlemsf\u00f6retag ligger i framkant n\u00e4r det g\u00e4ller kreativa h\u00f6gteknologiska l\u00f6sningar och det m\u00e5ste f\u00f6rsvarsmyndigheterna bli b\u00e4ttre p\u00e5 att nyttja, s\u00e4ger Jaime Rico som tillvardags \u00e4r f\u00f6rs\u00e4ljningsansvarig offentlig sektor [&hellip;]\" \/>\n<meta property=\"og:url\" content=\"https:\/\/sme-d.se\/en\/2022\/06\/jaime-rico-ny-ordforande-i-sme-d\/\" \/>\n<meta property=\"og:site_name\" content=\"SME-D\" \/>\n<meta property=\"article:published_time\" content=\"2022-06-27T10:52:39+00:00\" \/>\n<meta name=\"author\" content=\"hamid.ershad@tebab.com\" \/>\n<meta name=\"twitter:card\" content=\"summary_large_image\" \/>\n<meta name=\"twitter:label1\" content=\"Written by\" \/>\n\t<meta name=\"twitter:data1\" content=\"hamid.ershad@tebab.com\" \/>\n\t<meta name=\"twitter:label2\" content=\"Est. reading time\" \/>\n\t<meta name=\"twitter:data2\" content=\"3 minutes\" \/>\n<script type=\"application\/ld+json\" class=\"yoast-schema-graph\">{\"@context\":\"https:\\\/\\\/schema.org\",\"@graph\":[{\"@type\":\"Article\",\"@id\":\"https:\\\/\\\/sme-d.se\\\/2022\\\/06\\\/jaime-rico-ny-ordforande-i-sme-d\\\/#article\",\"isPartOf\":{\"@id\":\"https:\\\/\\\/sme-d.se\\\/2022\\\/06\\\/jaime-rico-ny-ordforande-i-sme-d\\\/\"},\"author\":{\"name\":\"hamid.ershad@tebab.com\",\"@id\":\"https:\\\/\\\/sme-d.se\\\/#\\\/schema\\\/person\\\/643a10f983b385787d2918adf4e60ff8\"},\"headline\":\"Jaime Rico \u2013 ny ordf\u00f6rande i Sme-d\",\"datePublished\":\"2022-06-27T10:52:39+00:00\",\"mainEntityOfPage\":{\"@id\":\"https:\\\/\\\/sme-d.se\\\/2022\\\/06\\\/jaime-rico-ny-ordforande-i-sme-d\\\/\"},\"wordCount\":488,\"commentCount\":0,\"publisher\":{\"@id\":\"https:\\\/\\\/sme-d.se\\\/#organization\"},\"image\":{\"@id\":\"https:\\\/\\\/sme-d.se\\\/2022\\\/06\\\/jaime-rico-ny-ordforande-i-sme-d\\\/#primaryimage\"},\"thumbnailUrl\":\"\",\"articleSection\":[\"F\u00f6reningsnyhet\"],\"inLanguage\":\"en-US\",\"potentialAction\":[{\"@type\":\"CommentAction\",\"name\":\"Comment\",\"target\":[\"https:\\\/\\\/sme-d.se\\\/2022\\\/06\\\/jaime-rico-ny-ordforande-i-sme-d\\\/#respond\"]}]},{\"@type\":\"WebPage\",\"@id\":\"https:\\\/\\\/sme-d.se\\\/2022\\\/06\\\/jaime-rico-ny-ordforande-i-sme-d\\\/\",\"url\":\"https:\\\/\\\/sme-d.se\\\/2022\\\/06\\\/jaime-rico-ny-ordforande-i-sme-d\\\/\",\"name\":\"Jaime Rico \u2013 ny ordf\u00f6rande i Sme-d - SME-D\",\"isPartOf\":{\"@id\":\"https:\\\/\\\/sme-d.se\\\/#website\"},\"primaryImageOfPage\":{\"@id\":\"https:\\\/\\\/sme-d.se\\\/2022\\\/06\\\/jaime-rico-ny-ordforande-i-sme-d\\\/#primaryimage\"},\"image\":{\"@id\":\"https:\\\/\\\/sme-d.se\\\/2022\\\/06\\\/jaime-rico-ny-ordforande-i-sme-d\\\/#primaryimage\"},\"thumbnailUrl\":\"\",\"datePublished\":\"2022-06-27T10:52:39+00:00\",\"breadcrumb\":{\"@id\":\"https:\\\/\\\/sme-d.se\\\/2022\\\/06\\\/jaime-rico-ny-ordforande-i-sme-d\\\/#breadcrumb\"},\"inLanguage\":\"en-US\",\"potentialAction\":[{\"@type\":\"ReadAction\",\"target\":[\"https:\\\/\\\/sme-d.se\\\/2022\\\/06\\\/jaime-rico-ny-ordforande-i-sme-d\\\/\"]}]},{\"@type\":\"ImageObject\",\"inLanguage\":\"en-US\",\"@id\":\"https:\\\/\\\/sme-d.se\\\/2022\\\/06\\\/jaime-rico-ny-ordforande-i-sme-d\\\/#primaryimage\",\"url\":\"\",\"contentUrl\":\"\"},{\"@type\":\"BreadcrumbList\",\"@id\":\"https:\\\/\\\/sme-d.se\\\/2022\\\/06\\\/jaime-rico-ny-ordforande-i-sme-d\\\/#breadcrumb\",\"itemListElement\":[{\"@type\":\"ListItem\",\"position\":1,\"name\":\"Home\",\"item\":\"https:\\\/\\\/sme-d.se\\\/\"},{\"@type\":\"ListItem\",\"position\":2,\"name\":\"Jaime Rico \u2013 ny ordf\u00f6rande i Sme-d\"}]},{\"@type\":\"WebSite\",\"@id\":\"https:\\\/\\\/sme-d.se\\\/#website\",\"url\":\"https:\\\/\\\/sme-d.se\\\/\",\"name\":\"SME-D\",\"description\":\"Branschorganisationen f\u00f6r sm\u00e5 och medelstora f\u00f6retag (SME) inom svensk f\u00f6rsvarssektor\",\"publisher\":{\"@id\":\"https:\\\/\\\/sme-d.se\\\/#organization\"},\"potentialAction\":[{\"@type\":\"SearchAction\",\"target\":{\"@type\":\"EntryPoint\",\"urlTemplate\":\"https:\\\/\\\/sme-d.se\\\/?s={search_term_string}\"},\"query-input\":{\"@type\":\"PropertyValueSpecification\",\"valueRequired\":true,\"valueName\":\"search_term_string\"}}],\"inLanguage\":\"en-US\"},{\"@type\":\"Organization\",\"@id\":\"https:\\\/\\\/sme-d.se\\\/#organization\",\"name\":\"SME-D\",\"url\":\"https:\\\/\\\/sme-d.se\\\/\",\"logo\":{\"@type\":\"ImageObject\",\"inLanguage\":\"en-US\",\"@id\":\"https:\\\/\\\/sme-d.se\\\/#\\\/schema\\\/logo\\\/image\\\/\",\"url\":\"https:\\\/\\\/sme-d.se\\\/wp-content\\\/uploads\\\/2023\\\/12\\\/SME-logga-ny2-1.png\",\"contentUrl\":\"https:\\\/\\\/sme-d.se\\\/wp-content\\\/uploads\\\/2023\\\/12\\\/SME-logga-ny2-1.png\",\"width\":200,\"height\":58,\"caption\":\"SME-D\"},\"image\":{\"@id\":\"https:\\\/\\\/sme-d.se\\\/#\\\/schema\\\/logo\\\/image\\\/\"}},{\"@type\":\"Person\",\"@id\":\"https:\\\/\\\/sme-d.se\\\/#\\\/schema\\\/person\\\/643a10f983b385787d2918adf4e60ff8\",\"name\":\"hamid.ershad@tebab.com\",\"image\":{\"@type\":\"ImageObject\",\"inLanguage\":\"en-US\",\"@id\":\"https:\\\/\\\/secure.gravatar.com\\\/avatar\\\/a6b278cd0d3c3106f8f9591855817f81ee2cdcabe13d18be42aa40d1e8c57082?s=96&d=mm&r=g\",\"url\":\"https:\\\/\\\/secure.gravatar.com\\\/avatar\\\/a6b278cd0d3c3106f8f9591855817f81ee2cdcabe13d18be42aa40d1e8c57082?s=96&d=mm&r=g\",\"contentUrl\":\"https:\\\/\\\/secure.gravatar.com\\\/avatar\\\/a6b278cd0d3c3106f8f9591855817f81ee2cdcabe13d18be42aa40d1e8c57082?s=96&d=mm&r=g\",\"caption\":\"hamid.ershad@tebab.com\"},\"url\":\"https:\\\/\\\/sme-d.se\\\/en\\\/author\\\/hamid-ershadtebab-com\\\/\"}]}<\/script>\n<!-- \/ Yoast SEO plugin. -->","yoast_head_json":{"title":"Jaime Rico \u2013 new chairman of SME-D - SME-D","robots":{"index":"index","follow":"follow","max-snippet":"max-snippet:-1","max-image-preview":"max-image-preview:large","max-video-preview":"max-video-preview:-1"},"canonical":"https:\/\/sme-d.se\/en\/2022\/06\/jaime-rico-ny-ordforande-i-sme-d\/","og_locale":"en_US","og_type":"article","og_title":"Jaime Rico \u2013 ny ordf\u00f6rande i Sme-d - SME-D","og_description":"\u2014 Sme-d:s viktigaste m\u00e5ls\u00e4ttning under 2022 \u00e4r att f\u00e5 v\u00e5ra beslutsfattare att f\u00f6rst\u00e5 vikten av vad sm\u00e5 och medelstora bolag kan bidra till inom Sveriges totalf\u00f6rsvar. V\u00e5ra medlemsf\u00f6retag ligger i framkant n\u00e4r det g\u00e4ller kreativa h\u00f6gteknologiska l\u00f6sningar och det m\u00e5ste f\u00f6rsvarsmyndigheterna bli b\u00e4ttre p\u00e5 att nyttja, s\u00e4ger Jaime Rico som tillvardags \u00e4r f\u00f6rs\u00e4ljningsansvarig offentlig sektor [&hellip;]","og_url":"https:\/\/sme-d.se\/en\/2022\/06\/jaime-rico-ny-ordforande-i-sme-d\/","og_site_name":"SME-D","article_published_time":"2022-06-27T10:52:39+00:00","author":"hamid.ershad@tebab.com","twitter_card":"summary_large_image","twitter_misc":{"Written by":"hamid.ershad@tebab.com","Est. reading time":"3 minutes"},"schema":{"@context":"https:\/\/schema.org","@graph":[{"@type":"Article","@id":"https:\/\/sme-d.se\/2022\/06\/jaime-rico-ny-ordforande-i-sme-d\/#article","isPartOf":{"@id":"https:\/\/sme-d.se\/2022\/06\/jaime-rico-ny-ordforande-i-sme-d\/"},"author":{"name":"hamid.ershad@tebab.com","@id":"https:\/\/sme-d.se\/#\/schema\/person\/643a10f983b385787d2918adf4e60ff8"},"headline":"Jaime Rico \u2013 ny ordf\u00f6rande i Sme-d","datePublished":"2022-06-27T10:52:39+00:00","mainEntityOfPage":{"@id":"https:\/\/sme-d.se\/2022\/06\/jaime-rico-ny-ordforande-i-sme-d\/"},"wordCount":488,"commentCount":0,"publisher":{"@id":"https:\/\/sme-d.se\/#organization"},"image":{"@id":"https:\/\/sme-d.se\/2022\/06\/jaime-rico-ny-ordforande-i-sme-d\/#primaryimage"},"thumbnailUrl":"","articleSection":["F\u00f6reningsnyhet"],"inLanguage":"en-US","potentialAction":[{"@type":"CommentAction","name":"Comment","target":["https:\/\/sme-d.se\/2022\/06\/jaime-rico-ny-ordforande-i-sme-d\/#respond"]}]},{"@type":"WebPage","@id":"https:\/\/sme-d.se\/2022\/06\/jaime-rico-ny-ordforande-i-sme-d\/","url":"https:\/\/sme-d.se\/2022\/06\/jaime-rico-ny-ordforande-i-sme-d\/","name":"Jaime Rico \u2013 new chairman of SME-D - SME-D","isPartOf":{"@id":"https:\/\/sme-d.se\/#website"},"primaryImageOfPage":{"@id":"https:\/\/sme-d.se\/2022\/06\/jaime-rico-ny-ordforande-i-sme-d\/#primaryimage"},"image":{"@id":"https:\/\/sme-d.se\/2022\/06\/jaime-rico-ny-ordforande-i-sme-d\/#primaryimage"},"thumbnailUrl":"","datePublished":"2022-06-27T10:52:39+00:00","breadcrumb":{"@id":"https:\/\/sme-d.se\/2022\/06\/jaime-rico-ny-ordforande-i-sme-d\/#breadcrumb"},"inLanguage":"en-US","potentialAction":[{"@type":"ReadAction","target":["https:\/\/sme-d.se\/2022\/06\/jaime-rico-ny-ordforande-i-sme-d\/"]}]},{"@type":"ImageObject","inLanguage":"en-US","@id":"https:\/\/sme-d.se\/2022\/06\/jaime-rico-ny-ordforande-i-sme-d\/#primaryimage","url":"","contentUrl":""},{"@type":"BreadcrumbList","@id":"https:\/\/sme-d.se\/2022\/06\/jaime-rico-ny-ordforande-i-sme-d\/#breadcrumb","itemListElement":[{"@type":"ListItem","position":1,"name":"Home","item":"https:\/\/sme-d.se\/"},{"@type":"ListItem","position":2,"name":"Jaime Rico \u2013 ny ordf\u00f6rande i Sme-d"}]},{"@type":"WebSite","@id":"https:\/\/sme-d.se\/#website","url":"https:\/\/sme-d.se\/","name":"SMITH","description":"The industry association for small and medium-sized enterprises (SMEs) in the Swedish defense sector","publisher":{"@id":"https:\/\/sme-d.se\/#organization"},"potentialAction":[{"@type":"SearchAction","target":{"@type":"EntryPoint","urlTemplate":"https:\/\/sme-d.se\/?s={search_term_string}"},"query-input":{"@type":"PropertyValueSpecification","valueRequired":true,"valueName":"search_term_string"}}],"inLanguage":"en-US"},{"@type":"Organization","@id":"https:\/\/sme-d.se\/#organization","name":"SMITH","url":"https:\/\/sme-d.se\/","logo":{"@type":"ImageObject","inLanguage":"en-US","@id":"https:\/\/sme-d.se\/#\/schema\/logo\/image\/","url":"https:\/\/sme-d.se\/wp-content\/uploads\/2023\/12\/SME-logga-ny2-1.png","contentUrl":"https:\/\/sme-d.se\/wp-content\/uploads\/2023\/12\/SME-logga-ny2-1.png","width":200,"height":58,"caption":"SME-D"},"image":{"@id":"https:\/\/sme-d.se\/#\/schema\/logo\/image\/"}},{"@type":"Person","@id":"https:\/\/sme-d.se\/#\/schema\/person\/643a10f983b385787d2918adf4e60ff8","name":"hamid.ershad@tebab.com","image":{"@type":"ImageObject","inLanguage":"en-US","@id":"https:\/\/secure.gravatar.com\/avatar\/a6b278cd0d3c3106f8f9591855817f81ee2cdcabe13d18be42aa40d1e8c57082?s=96&d=mm&r=g","url":"https:\/\/secure.gravatar.com\/avatar\/a6b278cd0d3c3106f8f9591855817f81ee2cdcabe13d18be42aa40d1e8c57082?s=96&d=mm&r=g","contentUrl":"https:\/\/secure.gravatar.com\/avatar\/a6b278cd0d3c3106f8f9591855817f81ee2cdcabe13d18be42aa40d1e8c57082?s=96&d=mm&r=g","caption":"hamid.ershad@tebab.com"},"url":"https:\/\/sme-d.se\/en\/author\/hamid-ershadtebab-com\/"}]}},"_links":{"self":[{"href":"https:\/\/sme-d.se\/en\/wp-json\/wp\/v2\/posts\/662720","targetHints":{"allow":["GET"]}}],"collection":[{"href":"https:\/\/sme-d.se\/en\/wp-json\/wp\/v2\/posts"}],"about":[{"href":"https:\/\/sme-d.se\/en\/wp-json\/wp\/v2\/types\/post"}],"author":[{"embeddable":true,"href":"https:\/\/sme-d.se\/en\/wp-json\/wp\/v2\/users\/2"}],"replies":[{"embeddable":true,"href":"https:\/\/sme-d.se\/en\/wp-json\/wp\/v2\/comments?post=662720"}],"version-history":[{"count":0,"href":"https:\/\/sme-d.se\/en\/wp-json\/wp\/v2\/posts\/662720\/revisions"}],"wp:featuredmedia":[{"embeddable":true,"href":"https:\/\/sme-d.se\/en\/wp-json\/"}],"wp:attachment":[{"href":"https:\/\/sme-d.se\/en\/wp-json\/wp\/v2\/media?parent=662720"}],"wp:term":[{"taxonomy":"category","embeddable":true,"href":"https:\/\/sme-d.se\/en\/wp-json\/wp\/v2\/categories?post=662720"},{"taxonomy":"post_tag","embeddable":true,"href":"https:\/\/sme-d.se\/en\/wp-json\/wp\/v2\/tags?post=662720"}],"curies":[{"name":"wp","href":"https:\/\/api.w.org\/{rel}","templated":true}]}}