{"id":662716,"date":"2022-06-23T11:56:33","date_gmt":"2022-06-23T11:56:33","guid":{"rendered":"https:\/\/www.sme-d.se\/?p=662716"},"modified":"2022-06-23T11:56:33","modified_gmt":"2022-06-23T11:56:33","slug":"mojlighet-att-exponeras-pa-tjansteforsvarsdagen-2022","status":"publish","type":"post","link":"https:\/\/sme-d.se\/en\/2022\/06\/mojlighet-att-exponeras-pa-tjansteforsvarsdagen-2022\/","title":{"rendered":"Opportunity to be exposed on Service Defense Day 2022!"},"content":{"rendered":"<p>The Service Defense Day will take place on October 18th and the theme will revolve around growth in &quot;crisis and war\/how do we help each other in forced growth&quot;, with a focus on services.<\/p>\n<p>We are now looking for member companies who are interested in being on stage and participating in panel discussions. You are there as a representative of all of us SME-Ds, but you also get a chance to expose your company a little extra.<\/p>\n<p>If you are interested, please return to the office as soon as possible. <a href=\"mailto:sme-d@tebab.com\" target=\"_blank\" rel=\"noopener\">sme-d@tebab.com<\/a><\/p>","protected":false},"excerpt":{"rendered":"<p>The Service Defense Day will take place on 18\/10 and the theme will revolve around growth in &quot;crisis and war\/how do we help ourselves in a forced growth&quot;, with a focus on services. We are now looking for member companies who are interested in being on stage and participating in panel discussions. You are there as a representative of all of us SME-D:ers but [\u2026]<\/p>","protected":false},"author":2,"featured_media":0,"comment_status":"open","ping_status":"open","sticky":false,"template":"","format":"standard","meta":{"footnotes":""},"categories":[6],"tags":[],"class_list":["post-662716","post","type-post","status-publish","format-standard","hentry","category-foreningsnyhet"],"acf":[],"yoast_head":"<!-- This site is optimized with the Yoast SEO plugin v27.5 - https:\/\/yoast.com\/product\/yoast-seo-wordpress\/ -->\n<title>M\u00f6jlighet att exponeras p\u00e5 Tj\u00e4nstef\u00f6rsvarsdagen 2022! - SME-D<\/title>\n<meta name=\"robots\" content=\"index, follow, max-snippet:-1, max-image-preview:large, max-video-preview:-1\" \/>\n<link rel=\"canonical\" href=\"https:\/\/sme-d.se\/en\/2022\/06\/mojlighet-att-exponeras-pa-tjansteforsvarsdagen-2022\/\" \/>\n<meta property=\"og:locale\" content=\"en_US\" \/>\n<meta property=\"og:type\" content=\"article\" \/>\n<meta property=\"og:title\" content=\"M\u00f6jlighet att exponeras p\u00e5 Tj\u00e4nstef\u00f6rsvarsdagen 2022! - SME-D\" \/>\n<meta property=\"og:description\" content=\"Tj\u00e4nstef\u00f6rsvarsdagen g\u00e5r av stapeln 18\/10 och temat kommer att snurra runt tillv\u00e4xt i \u201dkris och krig\/hur hj\u00e4lps vi \u00e5t i en forcerad tillv\u00e4xt\u201d, med fokus p\u00e5 tj\u00e4nster. Vi s\u00f6ker nu medlemsf\u00f6retag som \u00e4r intresserade av att vara med p\u00e5 scen och delta i panelsamtal. Man \u00e4r med d\u00e4r som representant f\u00f6r alla oss SME-D:are men [&hellip;]\" \/>\n<meta property=\"og:url\" content=\"https:\/\/sme-d.se\/en\/2022\/06\/mojlighet-att-exponeras-pa-tjansteforsvarsdagen-2022\/\" \/>\n<meta property=\"og:site_name\" content=\"SME-D\" \/>\n<meta property=\"article:published_time\" content=\"2022-06-23T11:56:33+00:00\" \/>\n<meta name=\"author\" content=\"hamid.ershad@tebab.com\" \/>\n<meta name=\"twitter:card\" content=\"summary_large_image\" \/>\n<meta name=\"twitter:label1\" content=\"Written by\" \/>\n\t<meta name=\"twitter:data1\" content=\"hamid.ershad@tebab.com\" \/>\n\t<meta name=\"twitter:label2\" content=\"Est. reading time\" \/>\n\t<meta name=\"twitter:data2\" content=\"1 minute\" \/>\n<script type=\"application\/ld+json\" class=\"yoast-schema-graph\">{\"@context\":\"https:\\\/\\\/schema.org\",\"@graph\":[{\"@type\":\"Article\",\"@id\":\"https:\\\/\\\/sme-d.se\\\/2022\\\/06\\\/mojlighet-att-exponeras-pa-tjansteforsvarsdagen-2022\\\/#article\",\"isPartOf\":{\"@id\":\"https:\\\/\\\/sme-d.se\\\/2022\\\/06\\\/mojlighet-att-exponeras-pa-tjansteforsvarsdagen-2022\\\/\"},\"author\":{\"name\":\"hamid.ershad@tebab.com\",\"@id\":\"https:\\\/\\\/sme-d.se\\\/#\\\/schema\\\/person\\\/643a10f983b385787d2918adf4e60ff8\"},\"headline\":\"M\u00f6jlighet att exponeras p\u00e5 Tj\u00e4nstef\u00f6rsvarsdagen 2022!\",\"datePublished\":\"2022-06-23T11:56:33+00:00\",\"mainEntityOfPage\":{\"@id\":\"https:\\\/\\\/sme-d.se\\\/2022\\\/06\\\/mojlighet-att-exponeras-pa-tjansteforsvarsdagen-2022\\\/\"},\"wordCount\":99,\"commentCount\":0,\"publisher\":{\"@id\":\"https:\\\/\\\/sme-d.se\\\/#organization\"},\"articleSection\":[\"F\u00f6reningsnyhet\"],\"inLanguage\":\"en-US\",\"potentialAction\":[{\"@type\":\"CommentAction\",\"name\":\"Comment\",\"target\":[\"https:\\\/\\\/sme-d.se\\\/2022\\\/06\\\/mojlighet-att-exponeras-pa-tjansteforsvarsdagen-2022\\\/#respond\"]}]},{\"@type\":\"WebPage\",\"@id\":\"https:\\\/\\\/sme-d.se\\\/2022\\\/06\\\/mojlighet-att-exponeras-pa-tjansteforsvarsdagen-2022\\\/\",\"url\":\"https:\\\/\\\/sme-d.se\\\/2022\\\/06\\\/mojlighet-att-exponeras-pa-tjansteforsvarsdagen-2022\\\/\",\"name\":\"M\u00f6jlighet att exponeras p\u00e5 Tj\u00e4nstef\u00f6rsvarsdagen 2022! - SME-D\",\"isPartOf\":{\"@id\":\"https:\\\/\\\/sme-d.se\\\/#website\"},\"datePublished\":\"2022-06-23T11:56:33+00:00\",\"breadcrumb\":{\"@id\":\"https:\\\/\\\/sme-d.se\\\/2022\\\/06\\\/mojlighet-att-exponeras-pa-tjansteforsvarsdagen-2022\\\/#breadcrumb\"},\"inLanguage\":\"en-US\",\"potentialAction\":[{\"@type\":\"ReadAction\",\"target\":[\"https:\\\/\\\/sme-d.se\\\/2022\\\/06\\\/mojlighet-att-exponeras-pa-tjansteforsvarsdagen-2022\\\/\"]}]},{\"@type\":\"BreadcrumbList\",\"@id\":\"https:\\\/\\\/sme-d.se\\\/2022\\\/06\\\/mojlighet-att-exponeras-pa-tjansteforsvarsdagen-2022\\\/#breadcrumb\",\"itemListElement\":[{\"@type\":\"ListItem\",\"position\":1,\"name\":\"Home\",\"item\":\"https:\\\/\\\/sme-d.se\\\/\"},{\"@type\":\"ListItem\",\"position\":2,\"name\":\"M\u00f6jlighet att exponeras p\u00e5 Tj\u00e4nstef\u00f6rsvarsdagen 2022!\"}]},{\"@type\":\"WebSite\",\"@id\":\"https:\\\/\\\/sme-d.se\\\/#website\",\"url\":\"https:\\\/\\\/sme-d.se\\\/\",\"name\":\"SME-D\",\"description\":\"Branschorganisationen f\u00f6r sm\u00e5 och medelstora f\u00f6retag (SME) inom svensk f\u00f6rsvarssektor\",\"publisher\":{\"@id\":\"https:\\\/\\\/sme-d.se\\\/#organization\"},\"potentialAction\":[{\"@type\":\"SearchAction\",\"target\":{\"@type\":\"EntryPoint\",\"urlTemplate\":\"https:\\\/\\\/sme-d.se\\\/?s={search_term_string}\"},\"query-input\":{\"@type\":\"PropertyValueSpecification\",\"valueRequired\":true,\"valueName\":\"search_term_string\"}}],\"inLanguage\":\"en-US\"},{\"@type\":\"Organization\",\"@id\":\"https:\\\/\\\/sme-d.se\\\/#organization\",\"name\":\"SME-D\",\"url\":\"https:\\\/\\\/sme-d.se\\\/\",\"logo\":{\"@type\":\"ImageObject\",\"inLanguage\":\"en-US\",\"@id\":\"https:\\\/\\\/sme-d.se\\\/#\\\/schema\\\/logo\\\/image\\\/\",\"url\":\"https:\\\/\\\/sme-d.se\\\/wp-content\\\/uploads\\\/2023\\\/12\\\/SME-logga-ny2-1.png\",\"contentUrl\":\"https:\\\/\\\/sme-d.se\\\/wp-content\\\/uploads\\\/2023\\\/12\\\/SME-logga-ny2-1.png\",\"width\":200,\"height\":58,\"caption\":\"SME-D\"},\"image\":{\"@id\":\"https:\\\/\\\/sme-d.se\\\/#\\\/schema\\\/logo\\\/image\\\/\"}},{\"@type\":\"Person\",\"@id\":\"https:\\\/\\\/sme-d.se\\\/#\\\/schema\\\/person\\\/643a10f983b385787d2918adf4e60ff8\",\"name\":\"hamid.ershad@tebab.com\",\"image\":{\"@type\":\"ImageObject\",\"inLanguage\":\"en-US\",\"@id\":\"https:\\\/\\\/secure.gravatar.com\\\/avatar\\\/a6b278cd0d3c3106f8f9591855817f81ee2cdcabe13d18be42aa40d1e8c57082?s=96&d=mm&r=g\",\"url\":\"https:\\\/\\\/secure.gravatar.com\\\/avatar\\\/a6b278cd0d3c3106f8f9591855817f81ee2cdcabe13d18be42aa40d1e8c57082?s=96&d=mm&r=g\",\"contentUrl\":\"https:\\\/\\\/secure.gravatar.com\\\/avatar\\\/a6b278cd0d3c3106f8f9591855817f81ee2cdcabe13d18be42aa40d1e8c57082?s=96&d=mm&r=g\",\"caption\":\"hamid.ershad@tebab.com\"},\"url\":\"https:\\\/\\\/sme-d.se\\\/en\\\/author\\\/hamid-ershadtebab-com\\\/\"}]}<\/script>\n<!-- \/ Yoast SEO plugin. -->","yoast_head_json":{"title":"Opportunity to be exposed on Service Defense Day 2022! - SME-D","robots":{"index":"index","follow":"follow","max-snippet":"max-snippet:-1","max-image-preview":"max-image-preview:large","max-video-preview":"max-video-preview:-1"},"canonical":"https:\/\/sme-d.se\/en\/2022\/06\/mojlighet-att-exponeras-pa-tjansteforsvarsdagen-2022\/","og_locale":"en_US","og_type":"article","og_title":"M\u00f6jlighet att exponeras p\u00e5 Tj\u00e4nstef\u00f6rsvarsdagen 2022! - SME-D","og_description":"Tj\u00e4nstef\u00f6rsvarsdagen g\u00e5r av stapeln 18\/10 och temat kommer att snurra runt tillv\u00e4xt i \u201dkris och krig\/hur hj\u00e4lps vi \u00e5t i en forcerad tillv\u00e4xt\u201d, med fokus p\u00e5 tj\u00e4nster. Vi s\u00f6ker nu medlemsf\u00f6retag som \u00e4r intresserade av att vara med p\u00e5 scen och delta i panelsamtal. Man \u00e4r med d\u00e4r som representant f\u00f6r alla oss SME-D:are men [&hellip;]","og_url":"https:\/\/sme-d.se\/en\/2022\/06\/mojlighet-att-exponeras-pa-tjansteforsvarsdagen-2022\/","og_site_name":"SME-D","article_published_time":"2022-06-23T11:56:33+00:00","author":"hamid.ershad@tebab.com","twitter_card":"summary_large_image","twitter_misc":{"Written by":"hamid.ershad@tebab.com","Est. reading time":"1 minute"},"schema":{"@context":"https:\/\/schema.org","@graph":[{"@type":"Article","@id":"https:\/\/sme-d.se\/2022\/06\/mojlighet-att-exponeras-pa-tjansteforsvarsdagen-2022\/#article","isPartOf":{"@id":"https:\/\/sme-d.se\/2022\/06\/mojlighet-att-exponeras-pa-tjansteforsvarsdagen-2022\/"},"author":{"name":"hamid.ershad@tebab.com","@id":"https:\/\/sme-d.se\/#\/schema\/person\/643a10f983b385787d2918adf4e60ff8"},"headline":"M\u00f6jlighet att exponeras p\u00e5 Tj\u00e4nstef\u00f6rsvarsdagen 2022!","datePublished":"2022-06-23T11:56:33+00:00","mainEntityOfPage":{"@id":"https:\/\/sme-d.se\/2022\/06\/mojlighet-att-exponeras-pa-tjansteforsvarsdagen-2022\/"},"wordCount":99,"commentCount":0,"publisher":{"@id":"https:\/\/sme-d.se\/#organization"},"articleSection":["F\u00f6reningsnyhet"],"inLanguage":"en-US","potentialAction":[{"@type":"CommentAction","name":"Comment","target":["https:\/\/sme-d.se\/2022\/06\/mojlighet-att-exponeras-pa-tjansteforsvarsdagen-2022\/#respond"]}]},{"@type":"WebPage","@id":"https:\/\/sme-d.se\/2022\/06\/mojlighet-att-exponeras-pa-tjansteforsvarsdagen-2022\/","url":"https:\/\/sme-d.se\/2022\/06\/mojlighet-att-exponeras-pa-tjansteforsvarsdagen-2022\/","name":"Opportunity to be exposed on Service Defense Day 2022! - SME-D","isPartOf":{"@id":"https:\/\/sme-d.se\/#website"},"datePublished":"2022-06-23T11:56:33+00:00","breadcrumb":{"@id":"https:\/\/sme-d.se\/2022\/06\/mojlighet-att-exponeras-pa-tjansteforsvarsdagen-2022\/#breadcrumb"},"inLanguage":"en-US","potentialAction":[{"@type":"ReadAction","target":["https:\/\/sme-d.se\/2022\/06\/mojlighet-att-exponeras-pa-tjansteforsvarsdagen-2022\/"]}]},{"@type":"BreadcrumbList","@id":"https:\/\/sme-d.se\/2022\/06\/mojlighet-att-exponeras-pa-tjansteforsvarsdagen-2022\/#breadcrumb","itemListElement":[{"@type":"ListItem","position":1,"name":"Home","item":"https:\/\/sme-d.se\/"},{"@type":"ListItem","position":2,"name":"M\u00f6jlighet att exponeras p\u00e5 Tj\u00e4nstef\u00f6rsvarsdagen 2022!"}]},{"@type":"WebSite","@id":"https:\/\/sme-d.se\/#website","url":"https:\/\/sme-d.se\/","name":"SMITH","description":"The industry association for small and medium-sized enterprises (SMEs) in the Swedish defense sector","publisher":{"@id":"https:\/\/sme-d.se\/#organization"},"potentialAction":[{"@type":"SearchAction","target":{"@type":"EntryPoint","urlTemplate":"https:\/\/sme-d.se\/?s={search_term_string}"},"query-input":{"@type":"PropertyValueSpecification","valueRequired":true,"valueName":"search_term_string"}}],"inLanguage":"en-US"},{"@type":"Organization","@id":"https:\/\/sme-d.se\/#organization","name":"SMITH","url":"https:\/\/sme-d.se\/","logo":{"@type":"ImageObject","inLanguage":"en-US","@id":"https:\/\/sme-d.se\/#\/schema\/logo\/image\/","url":"https:\/\/sme-d.se\/wp-content\/uploads\/2023\/12\/SME-logga-ny2-1.png","contentUrl":"https:\/\/sme-d.se\/wp-content\/uploads\/2023\/12\/SME-logga-ny2-1.png","width":200,"height":58,"caption":"SME-D"},"image":{"@id":"https:\/\/sme-d.se\/#\/schema\/logo\/image\/"}},{"@type":"Person","@id":"https:\/\/sme-d.se\/#\/schema\/person\/643a10f983b385787d2918adf4e60ff8","name":"hamid.ershad@tebab.com","image":{"@type":"ImageObject","inLanguage":"en-US","@id":"https:\/\/secure.gravatar.com\/avatar\/a6b278cd0d3c3106f8f9591855817f81ee2cdcabe13d18be42aa40d1e8c57082?s=96&d=mm&r=g","url":"https:\/\/secure.gravatar.com\/avatar\/a6b278cd0d3c3106f8f9591855817f81ee2cdcabe13d18be42aa40d1e8c57082?s=96&d=mm&r=g","contentUrl":"https:\/\/secure.gravatar.com\/avatar\/a6b278cd0d3c3106f8f9591855817f81ee2cdcabe13d18be42aa40d1e8c57082?s=96&d=mm&r=g","caption":"hamid.ershad@tebab.com"},"url":"https:\/\/sme-d.se\/en\/author\/hamid-ershadtebab-com\/"}]}},"_links":{"self":[{"href":"https:\/\/sme-d.se\/en\/wp-json\/wp\/v2\/posts\/662716","targetHints":{"allow":["GET"]}}],"collection":[{"href":"https:\/\/sme-d.se\/en\/wp-json\/wp\/v2\/posts"}],"about":[{"href":"https:\/\/sme-d.se\/en\/wp-json\/wp\/v2\/types\/post"}],"author":[{"embeddable":true,"href":"https:\/\/sme-d.se\/en\/wp-json\/wp\/v2\/users\/2"}],"replies":[{"embeddable":true,"href":"https:\/\/sme-d.se\/en\/wp-json\/wp\/v2\/comments?post=662716"}],"version-history":[{"count":0,"href":"https:\/\/sme-d.se\/en\/wp-json\/wp\/v2\/posts\/662716\/revisions"}],"wp:attachment":[{"href":"https:\/\/sme-d.se\/en\/wp-json\/wp\/v2\/media?parent=662716"}],"wp:term":[{"taxonomy":"category","embeddable":true,"href":"https:\/\/sme-d.se\/en\/wp-json\/wp\/v2\/categories?post=662716"},{"taxonomy":"post_tag","embeddable":true,"href":"https:\/\/sme-d.se\/en\/wp-json\/wp\/v2\/tags?post=662716"}],"curies":[{"name":"wp","href":"https:\/\/api.w.org\/{rel}","templated":true}]}}