{"id":662224,"date":"2019-11-29T10:15:14","date_gmt":"2019-11-29T09:15:14","guid":{"rendered":"https:\/\/www.sme-d.se\/?p=662224"},"modified":"2019-11-29T10:15:14","modified_gmt":"2019-11-29T09:15:14","slug":"gustaf-fahl-besokte-sme-ds-vu-mote","status":"publish","type":"post","link":"https:\/\/sme-d.se\/en\/2019\/11\/gustaf-fahl-besokte-sme-ds-vu-mote\/","title":{"rendered":"Gustaf Fahl visited SME-D&#039;s VU meeting"},"content":{"rendered":"<p>Gustaf Fahl, Technical Director \/ Head of the Systems Management Department, FMV \u2013 Defence Materiel Administration came to SME-D&#039;s VU meeting on 28 November and spoke about &quot;Business support for total defence&quot;. After the presentation, there were good discussions on the subject between members of SME-D and Gustaf Fahl.<\/p>\n<p>Image: Eliza \u00d6berg, Expisoft AB and Gustaf Fahl, FMV.<\/p>\n<p>&nbsp;<\/p>","protected":false},"excerpt":{"rendered":"<p>Gustaf Fahl, Technical Director \/ Head of System Management Department, FMV \u2013 Defence Materiel Administration came to SME-D&#039;s VU meeting on 28 November and spoke about &quot;Business support for total defence&quot;. After the presentation, there were good discussions on the subject between members of SME-D and Gustaf Fahl. Image: Eliza \u00d6berg, Expisoft AB and Gustaf Fahl, FMV. &nbsp;<\/p>","protected":false},"author":2,"featured_media":662222,"comment_status":"open","ping_status":"open","sticky":false,"template":"","format":"standard","meta":{"footnotes":""},"categories":[1],"tags":[],"class_list":["post-662224","post","type-post","status-publish","format-standard","has-post-thumbnail","hentry","category-okategoriserade"],"acf":[],"yoast_head":"<!-- This site is optimized with the Yoast SEO plugin v27.5 - https:\/\/yoast.com\/product\/yoast-seo-wordpress\/ -->\n<title>Gustaf Fahl bes\u00f6kte SME-Ds VU-m\u00f6te - SME-D<\/title>\n<meta name=\"robots\" content=\"index, follow, max-snippet:-1, max-image-preview:large, max-video-preview:-1\" \/>\n<link rel=\"canonical\" href=\"https:\/\/sme-d.se\/en\/2019\/11\/gustaf-fahl-besokte-sme-ds-vu-mote\/\" \/>\n<meta property=\"og:locale\" content=\"en_US\" \/>\n<meta property=\"og:type\" content=\"article\" \/>\n<meta property=\"og:title\" content=\"Gustaf Fahl bes\u00f6kte SME-Ds VU-m\u00f6te - SME-D\" \/>\n<meta property=\"og:description\" content=\"Gustaf Fahl, Teknisk Direkt\u00f6r \/ Chef Systemledningsavdelningen, FMV \u2013 F\u00f6rsvarets materielverk kom till SME-Ds VU-m\u00f6te den 28 nov och ber\u00e4ttade om &#8221;N\u00e4ringslivs st\u00f6d till totalf\u00f6rsvaret\u201d. Efter presentationen blev det bra diskussioner i \u00e4mnet mellan medlemmarna i SME-D och Gustaf Fahl. Bild: Eliza \u00d6berg, Expisoft AB och Gustaf Fahl, FMV. &nbsp;\" \/>\n<meta property=\"og:url\" content=\"https:\/\/sme-d.se\/en\/2019\/11\/gustaf-fahl-besokte-sme-ds-vu-mote\/\" \/>\n<meta property=\"og:site_name\" content=\"SME-D\" \/>\n<meta property=\"article:published_time\" content=\"2019-11-29T09:15:14+00:00\" \/>\n<meta name=\"author\" content=\"hamid.ershad@tebab.com\" \/>\n<meta name=\"twitter:card\" content=\"summary_large_image\" \/>\n<meta name=\"twitter:label1\" content=\"Written by\" \/>\n\t<meta name=\"twitter:data1\" content=\"hamid.ershad@tebab.com\" \/>\n<script type=\"application\/ld+json\" class=\"yoast-schema-graph\">{\"@context\":\"https:\\\/\\\/schema.org\",\"@graph\":[{\"@type\":\"Article\",\"@id\":\"https:\\\/\\\/sme-d.se\\\/2019\\\/11\\\/gustaf-fahl-besokte-sme-ds-vu-mote\\\/#article\",\"isPartOf\":{\"@id\":\"https:\\\/\\\/sme-d.se\\\/2019\\\/11\\\/gustaf-fahl-besokte-sme-ds-vu-mote\\\/\"},\"author\":{\"name\":\"hamid.ershad@tebab.com\",\"@id\":\"https:\\\/\\\/sme-d.se\\\/#\\\/schema\\\/person\\\/643a10f983b385787d2918adf4e60ff8\"},\"headline\":\"Gustaf Fahl bes\u00f6kte SME-Ds VU-m\u00f6te\",\"datePublished\":\"2019-11-29T09:15:14+00:00\",\"mainEntityOfPage\":{\"@id\":\"https:\\\/\\\/sme-d.se\\\/2019\\\/11\\\/gustaf-fahl-besokte-sme-ds-vu-mote\\\/\"},\"wordCount\":61,\"commentCount\":0,\"publisher\":{\"@id\":\"https:\\\/\\\/sme-d.se\\\/#organization\"},\"image\":{\"@id\":\"https:\\\/\\\/sme-d.se\\\/2019\\\/11\\\/gustaf-fahl-besokte-sme-ds-vu-mote\\\/#primaryimage\"},\"thumbnailUrl\":\"\",\"articleSection\":[\"Okategoriserade\"],\"inLanguage\":\"en-US\",\"potentialAction\":[{\"@type\":\"CommentAction\",\"name\":\"Comment\",\"target\":[\"https:\\\/\\\/sme-d.se\\\/2019\\\/11\\\/gustaf-fahl-besokte-sme-ds-vu-mote\\\/#respond\"]}]},{\"@type\":\"WebPage\",\"@id\":\"https:\\\/\\\/sme-d.se\\\/2019\\\/11\\\/gustaf-fahl-besokte-sme-ds-vu-mote\\\/\",\"url\":\"https:\\\/\\\/sme-d.se\\\/2019\\\/11\\\/gustaf-fahl-besokte-sme-ds-vu-mote\\\/\",\"name\":\"Gustaf Fahl bes\u00f6kte SME-Ds VU-m\u00f6te - SME-D\",\"isPartOf\":{\"@id\":\"https:\\\/\\\/sme-d.se\\\/#website\"},\"primaryImageOfPage\":{\"@id\":\"https:\\\/\\\/sme-d.se\\\/2019\\\/11\\\/gustaf-fahl-besokte-sme-ds-vu-mote\\\/#primaryimage\"},\"image\":{\"@id\":\"https:\\\/\\\/sme-d.se\\\/2019\\\/11\\\/gustaf-fahl-besokte-sme-ds-vu-mote\\\/#primaryimage\"},\"thumbnailUrl\":\"\",\"datePublished\":\"2019-11-29T09:15:14+00:00\",\"breadcrumb\":{\"@id\":\"https:\\\/\\\/sme-d.se\\\/2019\\\/11\\\/gustaf-fahl-besokte-sme-ds-vu-mote\\\/#breadcrumb\"},\"inLanguage\":\"en-US\",\"potentialAction\":[{\"@type\":\"ReadAction\",\"target\":[\"https:\\\/\\\/sme-d.se\\\/2019\\\/11\\\/gustaf-fahl-besokte-sme-ds-vu-mote\\\/\"]}]},{\"@type\":\"ImageObject\",\"inLanguage\":\"en-US\",\"@id\":\"https:\\\/\\\/sme-d.se\\\/2019\\\/11\\\/gustaf-fahl-besokte-sme-ds-vu-mote\\\/#primaryimage\",\"url\":\"\",\"contentUrl\":\"\"},{\"@type\":\"BreadcrumbList\",\"@id\":\"https:\\\/\\\/sme-d.se\\\/2019\\\/11\\\/gustaf-fahl-besokte-sme-ds-vu-mote\\\/#breadcrumb\",\"itemListElement\":[{\"@type\":\"ListItem\",\"position\":1,\"name\":\"Home\",\"item\":\"https:\\\/\\\/sme-d.se\\\/\"},{\"@type\":\"ListItem\",\"position\":2,\"name\":\"Gustaf Fahl bes\u00f6kte SME-Ds VU-m\u00f6te\"}]},{\"@type\":\"WebSite\",\"@id\":\"https:\\\/\\\/sme-d.se\\\/#website\",\"url\":\"https:\\\/\\\/sme-d.se\\\/\",\"name\":\"SME-D\",\"description\":\"Branschorganisationen f\u00f6r sm\u00e5 och medelstora f\u00f6retag (SME) inom svensk f\u00f6rsvarssektor\",\"publisher\":{\"@id\":\"https:\\\/\\\/sme-d.se\\\/#organization\"},\"potentialAction\":[{\"@type\":\"SearchAction\",\"target\":{\"@type\":\"EntryPoint\",\"urlTemplate\":\"https:\\\/\\\/sme-d.se\\\/?s={search_term_string}\"},\"query-input\":{\"@type\":\"PropertyValueSpecification\",\"valueRequired\":true,\"valueName\":\"search_term_string\"}}],\"inLanguage\":\"en-US\"},{\"@type\":\"Organization\",\"@id\":\"https:\\\/\\\/sme-d.se\\\/#organization\",\"name\":\"SME-D\",\"url\":\"https:\\\/\\\/sme-d.se\\\/\",\"logo\":{\"@type\":\"ImageObject\",\"inLanguage\":\"en-US\",\"@id\":\"https:\\\/\\\/sme-d.se\\\/#\\\/schema\\\/logo\\\/image\\\/\",\"url\":\"https:\\\/\\\/sme-d.se\\\/wp-content\\\/uploads\\\/2023\\\/12\\\/SME-logga-ny2-1.png\",\"contentUrl\":\"https:\\\/\\\/sme-d.se\\\/wp-content\\\/uploads\\\/2023\\\/12\\\/SME-logga-ny2-1.png\",\"width\":200,\"height\":58,\"caption\":\"SME-D\"},\"image\":{\"@id\":\"https:\\\/\\\/sme-d.se\\\/#\\\/schema\\\/logo\\\/image\\\/\"}},{\"@type\":\"Person\",\"@id\":\"https:\\\/\\\/sme-d.se\\\/#\\\/schema\\\/person\\\/643a10f983b385787d2918adf4e60ff8\",\"name\":\"hamid.ershad@tebab.com\",\"image\":{\"@type\":\"ImageObject\",\"inLanguage\":\"en-US\",\"@id\":\"https:\\\/\\\/secure.gravatar.com\\\/avatar\\\/a6b278cd0d3c3106f8f9591855817f81ee2cdcabe13d18be42aa40d1e8c57082?s=96&d=mm&r=g\",\"url\":\"https:\\\/\\\/secure.gravatar.com\\\/avatar\\\/a6b278cd0d3c3106f8f9591855817f81ee2cdcabe13d18be42aa40d1e8c57082?s=96&d=mm&r=g\",\"contentUrl\":\"https:\\\/\\\/secure.gravatar.com\\\/avatar\\\/a6b278cd0d3c3106f8f9591855817f81ee2cdcabe13d18be42aa40d1e8c57082?s=96&d=mm&r=g\",\"caption\":\"hamid.ershad@tebab.com\"},\"url\":\"https:\\\/\\\/sme-d.se\\\/en\\\/author\\\/hamid-ershadtebab-com\\\/\"}]}<\/script>\n<!-- \/ Yoast SEO plugin. -->","yoast_head_json":{"title":"Gustaf Fahl visited SME-D&#039;s VU meeting - SME-D","robots":{"index":"index","follow":"follow","max-snippet":"max-snippet:-1","max-image-preview":"max-image-preview:large","max-video-preview":"max-video-preview:-1"},"canonical":"https:\/\/sme-d.se\/en\/2019\/11\/gustaf-fahl-besokte-sme-ds-vu-mote\/","og_locale":"en_US","og_type":"article","og_title":"Gustaf Fahl bes\u00f6kte SME-Ds VU-m\u00f6te - SME-D","og_description":"Gustaf Fahl, Teknisk Direkt\u00f6r \/ Chef Systemledningsavdelningen, FMV \u2013 F\u00f6rsvarets materielverk kom till SME-Ds VU-m\u00f6te den 28 nov och ber\u00e4ttade om &#8221;N\u00e4ringslivs st\u00f6d till totalf\u00f6rsvaret\u201d. Efter presentationen blev det bra diskussioner i \u00e4mnet mellan medlemmarna i SME-D och Gustaf Fahl. Bild: Eliza \u00d6berg, Expisoft AB och Gustaf Fahl, FMV. &nbsp;","og_url":"https:\/\/sme-d.se\/en\/2019\/11\/gustaf-fahl-besokte-sme-ds-vu-mote\/","og_site_name":"SME-D","article_published_time":"2019-11-29T09:15:14+00:00","author":"hamid.ershad@tebab.com","twitter_card":"summary_large_image","twitter_misc":{"Written by":"hamid.ershad@tebab.com"},"schema":{"@context":"https:\/\/schema.org","@graph":[{"@type":"Article","@id":"https:\/\/sme-d.se\/2019\/11\/gustaf-fahl-besokte-sme-ds-vu-mote\/#article","isPartOf":{"@id":"https:\/\/sme-d.se\/2019\/11\/gustaf-fahl-besokte-sme-ds-vu-mote\/"},"author":{"name":"hamid.ershad@tebab.com","@id":"https:\/\/sme-d.se\/#\/schema\/person\/643a10f983b385787d2918adf4e60ff8"},"headline":"Gustaf Fahl bes\u00f6kte SME-Ds VU-m\u00f6te","datePublished":"2019-11-29T09:15:14+00:00","mainEntityOfPage":{"@id":"https:\/\/sme-d.se\/2019\/11\/gustaf-fahl-besokte-sme-ds-vu-mote\/"},"wordCount":61,"commentCount":0,"publisher":{"@id":"https:\/\/sme-d.se\/#organization"},"image":{"@id":"https:\/\/sme-d.se\/2019\/11\/gustaf-fahl-besokte-sme-ds-vu-mote\/#primaryimage"},"thumbnailUrl":"","articleSection":["Okategoriserade"],"inLanguage":"en-US","potentialAction":[{"@type":"CommentAction","name":"Comment","target":["https:\/\/sme-d.se\/2019\/11\/gustaf-fahl-besokte-sme-ds-vu-mote\/#respond"]}]},{"@type":"WebPage","@id":"https:\/\/sme-d.se\/2019\/11\/gustaf-fahl-besokte-sme-ds-vu-mote\/","url":"https:\/\/sme-d.se\/2019\/11\/gustaf-fahl-besokte-sme-ds-vu-mote\/","name":"Gustaf Fahl visited SME-D&#039;s VU meeting - SME-D","isPartOf":{"@id":"https:\/\/sme-d.se\/#website"},"primaryImageOfPage":{"@id":"https:\/\/sme-d.se\/2019\/11\/gustaf-fahl-besokte-sme-ds-vu-mote\/#primaryimage"},"image":{"@id":"https:\/\/sme-d.se\/2019\/11\/gustaf-fahl-besokte-sme-ds-vu-mote\/#primaryimage"},"thumbnailUrl":"","datePublished":"2019-11-29T09:15:14+00:00","breadcrumb":{"@id":"https:\/\/sme-d.se\/2019\/11\/gustaf-fahl-besokte-sme-ds-vu-mote\/#breadcrumb"},"inLanguage":"en-US","potentialAction":[{"@type":"ReadAction","target":["https:\/\/sme-d.se\/2019\/11\/gustaf-fahl-besokte-sme-ds-vu-mote\/"]}]},{"@type":"ImageObject","inLanguage":"en-US","@id":"https:\/\/sme-d.se\/2019\/11\/gustaf-fahl-besokte-sme-ds-vu-mote\/#primaryimage","url":"","contentUrl":""},{"@type":"BreadcrumbList","@id":"https:\/\/sme-d.se\/2019\/11\/gustaf-fahl-besokte-sme-ds-vu-mote\/#breadcrumb","itemListElement":[{"@type":"ListItem","position":1,"name":"Home","item":"https:\/\/sme-d.se\/"},{"@type":"ListItem","position":2,"name":"Gustaf Fahl bes\u00f6kte SME-Ds VU-m\u00f6te"}]},{"@type":"WebSite","@id":"https:\/\/sme-d.se\/#website","url":"https:\/\/sme-d.se\/","name":"SMITH","description":"The industry association for small and medium-sized enterprises (SMEs) in the Swedish defense sector","publisher":{"@id":"https:\/\/sme-d.se\/#organization"},"potentialAction":[{"@type":"SearchAction","target":{"@type":"EntryPoint","urlTemplate":"https:\/\/sme-d.se\/?s={search_term_string}"},"query-input":{"@type":"PropertyValueSpecification","valueRequired":true,"valueName":"search_term_string"}}],"inLanguage":"en-US"},{"@type":"Organization","@id":"https:\/\/sme-d.se\/#organization","name":"SMITH","url":"https:\/\/sme-d.se\/","logo":{"@type":"ImageObject","inLanguage":"en-US","@id":"https:\/\/sme-d.se\/#\/schema\/logo\/image\/","url":"https:\/\/sme-d.se\/wp-content\/uploads\/2023\/12\/SME-logga-ny2-1.png","contentUrl":"https:\/\/sme-d.se\/wp-content\/uploads\/2023\/12\/SME-logga-ny2-1.png","width":200,"height":58,"caption":"SME-D"},"image":{"@id":"https:\/\/sme-d.se\/#\/schema\/logo\/image\/"}},{"@type":"Person","@id":"https:\/\/sme-d.se\/#\/schema\/person\/643a10f983b385787d2918adf4e60ff8","name":"hamid.ershad@tebab.com","image":{"@type":"ImageObject","inLanguage":"en-US","@id":"https:\/\/secure.gravatar.com\/avatar\/a6b278cd0d3c3106f8f9591855817f81ee2cdcabe13d18be42aa40d1e8c57082?s=96&d=mm&r=g","url":"https:\/\/secure.gravatar.com\/avatar\/a6b278cd0d3c3106f8f9591855817f81ee2cdcabe13d18be42aa40d1e8c57082?s=96&d=mm&r=g","contentUrl":"https:\/\/secure.gravatar.com\/avatar\/a6b278cd0d3c3106f8f9591855817f81ee2cdcabe13d18be42aa40d1e8c57082?s=96&d=mm&r=g","caption":"hamid.ershad@tebab.com"},"url":"https:\/\/sme-d.se\/en\/author\/hamid-ershadtebab-com\/"}]}},"_links":{"self":[{"href":"https:\/\/sme-d.se\/en\/wp-json\/wp\/v2\/posts\/662224","targetHints":{"allow":["GET"]}}],"collection":[{"href":"https:\/\/sme-d.se\/en\/wp-json\/wp\/v2\/posts"}],"about":[{"href":"https:\/\/sme-d.se\/en\/wp-json\/wp\/v2\/types\/post"}],"author":[{"embeddable":true,"href":"https:\/\/sme-d.se\/en\/wp-json\/wp\/v2\/users\/2"}],"replies":[{"embeddable":true,"href":"https:\/\/sme-d.se\/en\/wp-json\/wp\/v2\/comments?post=662224"}],"version-history":[{"count":0,"href":"https:\/\/sme-d.se\/en\/wp-json\/wp\/v2\/posts\/662224\/revisions"}],"wp:featuredmedia":[{"embeddable":true,"href":"https:\/\/sme-d.se\/en\/wp-json\/"}],"wp:attachment":[{"href":"https:\/\/sme-d.se\/en\/wp-json\/wp\/v2\/media?parent=662224"}],"wp:term":[{"taxonomy":"category","embeddable":true,"href":"https:\/\/sme-d.se\/en\/wp-json\/wp\/v2\/categories?post=662224"},{"taxonomy":"post_tag","embeddable":true,"href":"https:\/\/sme-d.se\/en\/wp-json\/wp\/v2\/tags?post=662224"}],"curies":[{"name":"wp","href":"https:\/\/api.w.org\/{rel}","templated":true}]}}