{"id":662125,"date":"2019-05-15T10:19:27","date_gmt":"2019-05-15T08:19:27","guid":{"rendered":"https:\/\/www.sme-d.se\/?p=662125"},"modified":"2019-05-15T10:19:27","modified_gmt":"2019-05-15T08:19:27","slug":"bra-engagemang-pa-vu-motet","status":"publish","type":"post","link":"https:\/\/sme-d.se\/en\/2019\/05\/bra-engagemang-pa-vu-motet\/","title":{"rendered":"Good engagement at the VU meeting"},"content":{"rendered":"<p>It was a well-attended meeting where many of SME-D&#039;s members came and networked.<\/p>\n<p>Commander-in-Chief, Micael Byd\u00e9n, gave a presentation on the future of the Swedish Armed Forces and the role of companies. Members were given time to discuss and ask questions at the end of the presentation.<\/p>\n<p>The evening ended with mingling and networking.<\/p>\n<div style=\"width: 640px;\" class=\"wp-video\"><video class=\"wp-video-shortcode\" id=\"video-662125-1\" width=\"640\" height=\"360\" preload=\"metadata\" controls=\"controls\"><source type=\"video\/mp4\" src=\"http:\/\/www.sme-d.se\/wp-content\/uploads\/sites\/3\/2019\/05\/SME-Ds-VU-m\u00f6te-maj-2019.mp4?_=1\" \/><a href=\"http:\/\/www.sme-d.se\/wp-content\/uploads\/sites\/3\/2019\/05\/SME-Ds-VU-m\u00f6te-maj-2019.mp4\">http:\/\/www.sme-d.se\/wp-content\/uploads\/sites\/3\/2019\/05\/SME-Ds-VU-m\u00f6te-maj-2019.mp4<\/a><\/video><\/div>","protected":false},"excerpt":{"rendered":"<p>It was a well-attended meeting where many of SME-D&#039;s members came and networked. Commander-in-Chief, Micael Byd\u00e9n, gave a presentation on the future of the Swedish Armed Forces and the role of companies. The members had time to discuss and ask questions at the end of the presentation. The evening ended with mingling and networking.<\/p>","protected":false},"author":2,"featured_media":662128,"comment_status":"open","ping_status":"open","sticky":false,"template":"","format":"standard","meta":{"footnotes":""},"categories":[1],"tags":[],"class_list":["post-662125","post","type-post","status-publish","format-standard","has-post-thumbnail","hentry","category-okategoriserade"],"acf":[],"yoast_head":"<!-- This site is optimized with the Yoast SEO plugin v27.5 - https:\/\/yoast.com\/product\/yoast-seo-wordpress\/ -->\n<title>Bra engagemang p\u00e5 VU-m\u00f6tet - SME-D<\/title>\n<meta name=\"robots\" content=\"index, follow, max-snippet:-1, max-image-preview:large, max-video-preview:-1\" \/>\n<link rel=\"canonical\" href=\"https:\/\/sme-d.se\/en\/2019\/05\/bra-engagemang-pa-vu-motet\/\" \/>\n<meta property=\"og:locale\" content=\"en_US\" \/>\n<meta property=\"og:type\" content=\"article\" \/>\n<meta property=\"og:title\" content=\"Bra engagemang p\u00e5 VU-m\u00f6tet - SME-D\" \/>\n<meta property=\"og:description\" content=\"Det var ett v\u00e4l bes\u00f6kt m\u00f6te d\u00e4r m\u00e5nga av SME-Ds medlemmar kom och n\u00e4tverkade. \u00d6verbef\u00e4lhavare, Micael Byd\u00e9n, h\u00f6ll en presentation om F\u00f6rsvarets framtidsfr\u00e5gor och f\u00f6retagens roll. Medlemmarna fick tid att diskutera och fr\u00e5ga fr\u00e5gor vid slutet av presentationen. Kv\u00e4llen avslutades med mingel och n\u00e4tverkande.\" \/>\n<meta property=\"og:url\" content=\"https:\/\/sme-d.se\/en\/2019\/05\/bra-engagemang-pa-vu-motet\/\" \/>\n<meta property=\"og:site_name\" content=\"SME-D\" \/>\n<meta property=\"article:published_time\" content=\"2019-05-15T08:19:27+00:00\" \/>\n<meta name=\"author\" content=\"hamid.ershad@tebab.com\" \/>\n<meta name=\"twitter:card\" content=\"summary_large_image\" \/>\n<meta name=\"twitter:label1\" content=\"Written by\" \/>\n\t<meta name=\"twitter:data1\" content=\"hamid.ershad@tebab.com\" \/>\n<script type=\"application\/ld+json\" class=\"yoast-schema-graph\">{\"@context\":\"https:\\\/\\\/schema.org\",\"@graph\":[{\"@type\":\"Article\",\"@id\":\"https:\\\/\\\/sme-d.se\\\/2019\\\/05\\\/bra-engagemang-pa-vu-motet\\\/#article\",\"isPartOf\":{\"@id\":\"https:\\\/\\\/sme-d.se\\\/2019\\\/05\\\/bra-engagemang-pa-vu-motet\\\/\"},\"author\":{\"name\":\"hamid.ershad@tebab.com\",\"@id\":\"https:\\\/\\\/sme-d.se\\\/#\\\/schema\\\/person\\\/643a10f983b385787d2918adf4e60ff8\"},\"headline\":\"Bra engagemang p\u00e5 VU-m\u00f6tet\",\"datePublished\":\"2019-05-15T08:19:27+00:00\",\"mainEntityOfPage\":{\"@id\":\"https:\\\/\\\/sme-d.se\\\/2019\\\/05\\\/bra-engagemang-pa-vu-motet\\\/\"},\"wordCount\":80,\"commentCount\":0,\"publisher\":{\"@id\":\"https:\\\/\\\/sme-d.se\\\/#organization\"},\"image\":{\"@id\":\"https:\\\/\\\/sme-d.se\\\/2019\\\/05\\\/bra-engagemang-pa-vu-motet\\\/#primaryimage\"},\"thumbnailUrl\":\"\",\"articleSection\":[\"Okategoriserade\"],\"inLanguage\":\"en-US\",\"potentialAction\":[{\"@type\":\"CommentAction\",\"name\":\"Comment\",\"target\":[\"https:\\\/\\\/sme-d.se\\\/2019\\\/05\\\/bra-engagemang-pa-vu-motet\\\/#respond\"]}]},{\"@type\":\"WebPage\",\"@id\":\"https:\\\/\\\/sme-d.se\\\/2019\\\/05\\\/bra-engagemang-pa-vu-motet\\\/\",\"url\":\"https:\\\/\\\/sme-d.se\\\/2019\\\/05\\\/bra-engagemang-pa-vu-motet\\\/\",\"name\":\"Bra engagemang p\u00e5 VU-m\u00f6tet - SME-D\",\"isPartOf\":{\"@id\":\"https:\\\/\\\/sme-d.se\\\/#website\"},\"primaryImageOfPage\":{\"@id\":\"https:\\\/\\\/sme-d.se\\\/2019\\\/05\\\/bra-engagemang-pa-vu-motet\\\/#primaryimage\"},\"image\":{\"@id\":\"https:\\\/\\\/sme-d.se\\\/2019\\\/05\\\/bra-engagemang-pa-vu-motet\\\/#primaryimage\"},\"thumbnailUrl\":\"\",\"datePublished\":\"2019-05-15T08:19:27+00:00\",\"breadcrumb\":{\"@id\":\"https:\\\/\\\/sme-d.se\\\/2019\\\/05\\\/bra-engagemang-pa-vu-motet\\\/#breadcrumb\"},\"inLanguage\":\"en-US\",\"potentialAction\":[{\"@type\":\"ReadAction\",\"target\":[\"https:\\\/\\\/sme-d.se\\\/2019\\\/05\\\/bra-engagemang-pa-vu-motet\\\/\"]}]},{\"@type\":\"ImageObject\",\"inLanguage\":\"en-US\",\"@id\":\"https:\\\/\\\/sme-d.se\\\/2019\\\/05\\\/bra-engagemang-pa-vu-motet\\\/#primaryimage\",\"url\":\"\",\"contentUrl\":\"\"},{\"@type\":\"BreadcrumbList\",\"@id\":\"https:\\\/\\\/sme-d.se\\\/2019\\\/05\\\/bra-engagemang-pa-vu-motet\\\/#breadcrumb\",\"itemListElement\":[{\"@type\":\"ListItem\",\"position\":1,\"name\":\"Home\",\"item\":\"https:\\\/\\\/sme-d.se\\\/\"},{\"@type\":\"ListItem\",\"position\":2,\"name\":\"Bra engagemang p\u00e5 VU-m\u00f6tet\"}]},{\"@type\":\"WebSite\",\"@id\":\"https:\\\/\\\/sme-d.se\\\/#website\",\"url\":\"https:\\\/\\\/sme-d.se\\\/\",\"name\":\"SME-D\",\"description\":\"Branschorganisationen f\u00f6r sm\u00e5 och medelstora f\u00f6retag (SME) inom svensk f\u00f6rsvarssektor\",\"publisher\":{\"@id\":\"https:\\\/\\\/sme-d.se\\\/#organization\"},\"potentialAction\":[{\"@type\":\"SearchAction\",\"target\":{\"@type\":\"EntryPoint\",\"urlTemplate\":\"https:\\\/\\\/sme-d.se\\\/?s={search_term_string}\"},\"query-input\":{\"@type\":\"PropertyValueSpecification\",\"valueRequired\":true,\"valueName\":\"search_term_string\"}}],\"inLanguage\":\"en-US\"},{\"@type\":\"Organization\",\"@id\":\"https:\\\/\\\/sme-d.se\\\/#organization\",\"name\":\"SME-D\",\"url\":\"https:\\\/\\\/sme-d.se\\\/\",\"logo\":{\"@type\":\"ImageObject\",\"inLanguage\":\"en-US\",\"@id\":\"https:\\\/\\\/sme-d.se\\\/#\\\/schema\\\/logo\\\/image\\\/\",\"url\":\"https:\\\/\\\/sme-d.se\\\/wp-content\\\/uploads\\\/2023\\\/12\\\/SME-logga-ny2-1.png\",\"contentUrl\":\"https:\\\/\\\/sme-d.se\\\/wp-content\\\/uploads\\\/2023\\\/12\\\/SME-logga-ny2-1.png\",\"width\":200,\"height\":58,\"caption\":\"SME-D\"},\"image\":{\"@id\":\"https:\\\/\\\/sme-d.se\\\/#\\\/schema\\\/logo\\\/image\\\/\"}},{\"@type\":\"Person\",\"@id\":\"https:\\\/\\\/sme-d.se\\\/#\\\/schema\\\/person\\\/643a10f983b385787d2918adf4e60ff8\",\"name\":\"hamid.ershad@tebab.com\",\"image\":{\"@type\":\"ImageObject\",\"inLanguage\":\"en-US\",\"@id\":\"https:\\\/\\\/secure.gravatar.com\\\/avatar\\\/a6b278cd0d3c3106f8f9591855817f81ee2cdcabe13d18be42aa40d1e8c57082?s=96&d=mm&r=g\",\"url\":\"https:\\\/\\\/secure.gravatar.com\\\/avatar\\\/a6b278cd0d3c3106f8f9591855817f81ee2cdcabe13d18be42aa40d1e8c57082?s=96&d=mm&r=g\",\"contentUrl\":\"https:\\\/\\\/secure.gravatar.com\\\/avatar\\\/a6b278cd0d3c3106f8f9591855817f81ee2cdcabe13d18be42aa40d1e8c57082?s=96&d=mm&r=g\",\"caption\":\"hamid.ershad@tebab.com\"},\"url\":\"https:\\\/\\\/sme-d.se\\\/en\\\/author\\\/hamid-ershadtebab-com\\\/\"}]}<\/script>\n<!-- \/ Yoast SEO plugin. -->","yoast_head_json":{"title":"Good engagement at the VU meeting - SME-D","robots":{"index":"index","follow":"follow","max-snippet":"max-snippet:-1","max-image-preview":"max-image-preview:large","max-video-preview":"max-video-preview:-1"},"canonical":"https:\/\/sme-d.se\/en\/2019\/05\/bra-engagemang-pa-vu-motet\/","og_locale":"en_US","og_type":"article","og_title":"Bra engagemang p\u00e5 VU-m\u00f6tet - SME-D","og_description":"Det var ett v\u00e4l bes\u00f6kt m\u00f6te d\u00e4r m\u00e5nga av SME-Ds medlemmar kom och n\u00e4tverkade. \u00d6verbef\u00e4lhavare, Micael Byd\u00e9n, h\u00f6ll en presentation om F\u00f6rsvarets framtidsfr\u00e5gor och f\u00f6retagens roll. Medlemmarna fick tid att diskutera och fr\u00e5ga fr\u00e5gor vid slutet av presentationen. Kv\u00e4llen avslutades med mingel och n\u00e4tverkande.","og_url":"https:\/\/sme-d.se\/en\/2019\/05\/bra-engagemang-pa-vu-motet\/","og_site_name":"SME-D","article_published_time":"2019-05-15T08:19:27+00:00","author":"hamid.ershad@tebab.com","twitter_card":"summary_large_image","twitter_misc":{"Written by":"hamid.ershad@tebab.com"},"schema":{"@context":"https:\/\/schema.org","@graph":[{"@type":"Article","@id":"https:\/\/sme-d.se\/2019\/05\/bra-engagemang-pa-vu-motet\/#article","isPartOf":{"@id":"https:\/\/sme-d.se\/2019\/05\/bra-engagemang-pa-vu-motet\/"},"author":{"name":"hamid.ershad@tebab.com","@id":"https:\/\/sme-d.se\/#\/schema\/person\/643a10f983b385787d2918adf4e60ff8"},"headline":"Bra engagemang p\u00e5 VU-m\u00f6tet","datePublished":"2019-05-15T08:19:27+00:00","mainEntityOfPage":{"@id":"https:\/\/sme-d.se\/2019\/05\/bra-engagemang-pa-vu-motet\/"},"wordCount":80,"commentCount":0,"publisher":{"@id":"https:\/\/sme-d.se\/#organization"},"image":{"@id":"https:\/\/sme-d.se\/2019\/05\/bra-engagemang-pa-vu-motet\/#primaryimage"},"thumbnailUrl":"","articleSection":["Okategoriserade"],"inLanguage":"en-US","potentialAction":[{"@type":"CommentAction","name":"Comment","target":["https:\/\/sme-d.se\/2019\/05\/bra-engagemang-pa-vu-motet\/#respond"]}]},{"@type":"WebPage","@id":"https:\/\/sme-d.se\/2019\/05\/bra-engagemang-pa-vu-motet\/","url":"https:\/\/sme-d.se\/2019\/05\/bra-engagemang-pa-vu-motet\/","name":"Good engagement at the VU meeting - SME-D","isPartOf":{"@id":"https:\/\/sme-d.se\/#website"},"primaryImageOfPage":{"@id":"https:\/\/sme-d.se\/2019\/05\/bra-engagemang-pa-vu-motet\/#primaryimage"},"image":{"@id":"https:\/\/sme-d.se\/2019\/05\/bra-engagemang-pa-vu-motet\/#primaryimage"},"thumbnailUrl":"","datePublished":"2019-05-15T08:19:27+00:00","breadcrumb":{"@id":"https:\/\/sme-d.se\/2019\/05\/bra-engagemang-pa-vu-motet\/#breadcrumb"},"inLanguage":"en-US","potentialAction":[{"@type":"ReadAction","target":["https:\/\/sme-d.se\/2019\/05\/bra-engagemang-pa-vu-motet\/"]}]},{"@type":"ImageObject","inLanguage":"en-US","@id":"https:\/\/sme-d.se\/2019\/05\/bra-engagemang-pa-vu-motet\/#primaryimage","url":"","contentUrl":""},{"@type":"BreadcrumbList","@id":"https:\/\/sme-d.se\/2019\/05\/bra-engagemang-pa-vu-motet\/#breadcrumb","itemListElement":[{"@type":"ListItem","position":1,"name":"Home","item":"https:\/\/sme-d.se\/"},{"@type":"ListItem","position":2,"name":"Bra engagemang p\u00e5 VU-m\u00f6tet"}]},{"@type":"WebSite","@id":"https:\/\/sme-d.se\/#website","url":"https:\/\/sme-d.se\/","name":"SMITH","description":"The industry association for small and medium-sized enterprises (SMEs) in the Swedish defense sector","publisher":{"@id":"https:\/\/sme-d.se\/#organization"},"potentialAction":[{"@type":"SearchAction","target":{"@type":"EntryPoint","urlTemplate":"https:\/\/sme-d.se\/?s={search_term_string}"},"query-input":{"@type":"PropertyValueSpecification","valueRequired":true,"valueName":"search_term_string"}}],"inLanguage":"en-US"},{"@type":"Organization","@id":"https:\/\/sme-d.se\/#organization","name":"SMITH","url":"https:\/\/sme-d.se\/","logo":{"@type":"ImageObject","inLanguage":"en-US","@id":"https:\/\/sme-d.se\/#\/schema\/logo\/image\/","url":"https:\/\/sme-d.se\/wp-content\/uploads\/2023\/12\/SME-logga-ny2-1.png","contentUrl":"https:\/\/sme-d.se\/wp-content\/uploads\/2023\/12\/SME-logga-ny2-1.png","width":200,"height":58,"caption":"SME-D"},"image":{"@id":"https:\/\/sme-d.se\/#\/schema\/logo\/image\/"}},{"@type":"Person","@id":"https:\/\/sme-d.se\/#\/schema\/person\/643a10f983b385787d2918adf4e60ff8","name":"hamid.ershad@tebab.com","image":{"@type":"ImageObject","inLanguage":"en-US","@id":"https:\/\/secure.gravatar.com\/avatar\/a6b278cd0d3c3106f8f9591855817f81ee2cdcabe13d18be42aa40d1e8c57082?s=96&d=mm&r=g","url":"https:\/\/secure.gravatar.com\/avatar\/a6b278cd0d3c3106f8f9591855817f81ee2cdcabe13d18be42aa40d1e8c57082?s=96&d=mm&r=g","contentUrl":"https:\/\/secure.gravatar.com\/avatar\/a6b278cd0d3c3106f8f9591855817f81ee2cdcabe13d18be42aa40d1e8c57082?s=96&d=mm&r=g","caption":"hamid.ershad@tebab.com"},"url":"https:\/\/sme-d.se\/en\/author\/hamid-ershadtebab-com\/"}]}},"_links":{"self":[{"href":"https:\/\/sme-d.se\/en\/wp-json\/wp\/v2\/posts\/662125","targetHints":{"allow":["GET"]}}],"collection":[{"href":"https:\/\/sme-d.se\/en\/wp-json\/wp\/v2\/posts"}],"about":[{"href":"https:\/\/sme-d.se\/en\/wp-json\/wp\/v2\/types\/post"}],"author":[{"embeddable":true,"href":"https:\/\/sme-d.se\/en\/wp-json\/wp\/v2\/users\/2"}],"replies":[{"embeddable":true,"href":"https:\/\/sme-d.se\/en\/wp-json\/wp\/v2\/comments?post=662125"}],"version-history":[{"count":0,"href":"https:\/\/sme-d.se\/en\/wp-json\/wp\/v2\/posts\/662125\/revisions"}],"wp:featuredmedia":[{"embeddable":true,"href":"https:\/\/sme-d.se\/en\/wp-json\/"}],"wp:attachment":[{"href":"https:\/\/sme-d.se\/en\/wp-json\/wp\/v2\/media?parent=662125"}],"wp:term":[{"taxonomy":"category","embeddable":true,"href":"https:\/\/sme-d.se\/en\/wp-json\/wp\/v2\/categories?post=662125"},{"taxonomy":"post_tag","embeddable":true,"href":"https:\/\/sme-d.se\/en\/wp-json\/wp\/v2\/tags?post=662125"}],"curies":[{"name":"wp","href":"https:\/\/api.w.org\/{rel}","templated":true}]}}