{"id":662062,"date":"2019-03-07T14:38:57","date_gmt":"2019-03-07T13:38:57","guid":{"rendered":"https:\/\/www.sme-d.se\/?p=662062"},"modified":"2019-03-07T14:38:57","modified_gmt":"2019-03-07T13:38:57","slug":"seminarium-om-det-nordiska-forsvarssamarbetet","status":"publish","type":"post","link":"https:\/\/sme-d.se\/en\/2019\/03\/seminarium-om-det-nordiska-forsvarssamarbetet\/","title":{"rendered":"Seminar on Nordic defense cooperation"},"content":{"rendered":"<p>Nordefco was established in 2009 with the aim of improving the countries&#039; defence capabilities and promoting a more efficient use of resources. The background to the increasing Nordic cooperation in Nordefco is the changing security situation. Peter Hultqvist spoke about the current state of cooperation and the plans to further strengthen the ability to act together. The Minister of Defence emphasised the importance of Sweden sticking to the security policy doctrine, but deepening cooperation between the Nordic countries. Ann-Sofie Dahl gave a historical look back at Nordic cooperation and the effect of not being a member of NATO. She believes that the disadvantage of being outside NATO is that security guarantees are lacking.<\/p>\n<p><a href=\"https:\/\/www.sns.se\/aktuellt\/forsvarsminister-peter-hultqvist-om-det-nordiska-forsvarssamarbetet\/\">https:\/\/www.sns.se\/aktuellt\/forsvarsminister-peter-hultqvist-om-det-nordiska-forsvarssamarbetet\/<\/a><\/p>","protected":false},"excerpt":{"rendered":"<p>Nordefco was founded in 2009 with the aim of improving the countries&#039; defense capabilities and promoting a more efficient use of resources. The background to the increasing Nordic cooperation in Nordefco is the changing security situation. Peter Hultqvist spoke about today&#039;s cooperation and the plans to further strengthen the ability to act together. The Minister of Defense emphasized the importance of the Swedish side [\u2026]<\/p>","protected":false},"author":2,"featured_media":662063,"comment_status":"open","ping_status":"open","sticky":false,"template":"","format":"standard","meta":{"footnotes":""},"categories":[1],"tags":[],"class_list":["post-662062","post","type-post","status-publish","format-standard","has-post-thumbnail","hentry","category-okategoriserade"],"acf":[],"yoast_head":"<!-- This site is optimized with the Yoast SEO plugin v27.5 - https:\/\/yoast.com\/product\/yoast-seo-wordpress\/ -->\n<title>Seminarium om det nordiska f\u00f6rsvarssamarbetet - SME-D<\/title>\n<meta name=\"robots\" content=\"index, follow, max-snippet:-1, max-image-preview:large, max-video-preview:-1\" \/>\n<link rel=\"canonical\" href=\"https:\/\/sme-d.se\/en\/2019\/03\/seminarium-om-det-nordiska-forsvarssamarbetet\/\" \/>\n<meta property=\"og:locale\" content=\"en_US\" \/>\n<meta property=\"og:type\" content=\"article\" \/>\n<meta property=\"og:title\" content=\"Seminarium om det nordiska f\u00f6rsvarssamarbetet - SME-D\" \/>\n<meta property=\"og:description\" content=\"Nordefco startades 2009 med syfte att f\u00f6rb\u00e4ttra l\u00e4ndernas f\u00f6rsvarsf\u00f6rm\u00e5ga och fr\u00e4mja ett effektivare utnyttjade av resurser. Bakgrunden till det \u00f6kande nordiska samarbetet i Nordefco \u00e4r det f\u00f6r\u00e4ndrade s\u00e4kerhetsl\u00e4get. Peter Hultqvist ber\u00e4ttade om hur dagens samarbete ser ut och planerna p\u00e5 att ytterligare st\u00e4rka f\u00f6rm\u00e5gan att agera tillsammans. F\u00f6rsvarsministern betonade vikten av att fr\u00e5n svensk sida [&hellip;]\" \/>\n<meta property=\"og:url\" content=\"https:\/\/sme-d.se\/en\/2019\/03\/seminarium-om-det-nordiska-forsvarssamarbetet\/\" \/>\n<meta property=\"og:site_name\" content=\"SME-D\" \/>\n<meta property=\"article:published_time\" content=\"2019-03-07T13:38:57+00:00\" \/>\n<meta name=\"author\" content=\"hamid.ershad@tebab.com\" \/>\n<meta name=\"twitter:card\" content=\"summary_large_image\" \/>\n<meta name=\"twitter:label1\" content=\"Written by\" \/>\n\t<meta name=\"twitter:data1\" content=\"hamid.ershad@tebab.com\" \/>\n\t<meta name=\"twitter:label2\" content=\"Est. reading time\" \/>\n\t<meta name=\"twitter:data2\" content=\"1 minute\" \/>\n<script type=\"application\/ld+json\" class=\"yoast-schema-graph\">{\"@context\":\"https:\\\/\\\/schema.org\",\"@graph\":[{\"@type\":\"Article\",\"@id\":\"https:\\\/\\\/sme-d.se\\\/2019\\\/03\\\/seminarium-om-det-nordiska-forsvarssamarbetet\\\/#article\",\"isPartOf\":{\"@id\":\"https:\\\/\\\/sme-d.se\\\/2019\\\/03\\\/seminarium-om-det-nordiska-forsvarssamarbetet\\\/\"},\"author\":{\"name\":\"hamid.ershad@tebab.com\",\"@id\":\"https:\\\/\\\/sme-d.se\\\/#\\\/schema\\\/person\\\/643a10f983b385787d2918adf4e60ff8\"},\"headline\":\"Seminarium om det nordiska f\u00f6rsvarssamarbetet\",\"datePublished\":\"2019-03-07T13:38:57+00:00\",\"mainEntityOfPage\":{\"@id\":\"https:\\\/\\\/sme-d.se\\\/2019\\\/03\\\/seminarium-om-det-nordiska-forsvarssamarbetet\\\/\"},\"wordCount\":136,\"commentCount\":0,\"publisher\":{\"@id\":\"https:\\\/\\\/sme-d.se\\\/#organization\"},\"image\":{\"@id\":\"https:\\\/\\\/sme-d.se\\\/2019\\\/03\\\/seminarium-om-det-nordiska-forsvarssamarbetet\\\/#primaryimage\"},\"thumbnailUrl\":\"\",\"articleSection\":[\"Okategoriserade\"],\"inLanguage\":\"en-US\",\"potentialAction\":[{\"@type\":\"CommentAction\",\"name\":\"Comment\",\"target\":[\"https:\\\/\\\/sme-d.se\\\/2019\\\/03\\\/seminarium-om-det-nordiska-forsvarssamarbetet\\\/#respond\"]}]},{\"@type\":\"WebPage\",\"@id\":\"https:\\\/\\\/sme-d.se\\\/2019\\\/03\\\/seminarium-om-det-nordiska-forsvarssamarbetet\\\/\",\"url\":\"https:\\\/\\\/sme-d.se\\\/2019\\\/03\\\/seminarium-om-det-nordiska-forsvarssamarbetet\\\/\",\"name\":\"Seminarium om det nordiska f\u00f6rsvarssamarbetet - SME-D\",\"isPartOf\":{\"@id\":\"https:\\\/\\\/sme-d.se\\\/#website\"},\"primaryImageOfPage\":{\"@id\":\"https:\\\/\\\/sme-d.se\\\/2019\\\/03\\\/seminarium-om-det-nordiska-forsvarssamarbetet\\\/#primaryimage\"},\"image\":{\"@id\":\"https:\\\/\\\/sme-d.se\\\/2019\\\/03\\\/seminarium-om-det-nordiska-forsvarssamarbetet\\\/#primaryimage\"},\"thumbnailUrl\":\"\",\"datePublished\":\"2019-03-07T13:38:57+00:00\",\"breadcrumb\":{\"@id\":\"https:\\\/\\\/sme-d.se\\\/2019\\\/03\\\/seminarium-om-det-nordiska-forsvarssamarbetet\\\/#breadcrumb\"},\"inLanguage\":\"en-US\",\"potentialAction\":[{\"@type\":\"ReadAction\",\"target\":[\"https:\\\/\\\/sme-d.se\\\/2019\\\/03\\\/seminarium-om-det-nordiska-forsvarssamarbetet\\\/\"]}]},{\"@type\":\"ImageObject\",\"inLanguage\":\"en-US\",\"@id\":\"https:\\\/\\\/sme-d.se\\\/2019\\\/03\\\/seminarium-om-det-nordiska-forsvarssamarbetet\\\/#primaryimage\",\"url\":\"\",\"contentUrl\":\"\"},{\"@type\":\"BreadcrumbList\",\"@id\":\"https:\\\/\\\/sme-d.se\\\/2019\\\/03\\\/seminarium-om-det-nordiska-forsvarssamarbetet\\\/#breadcrumb\",\"itemListElement\":[{\"@type\":\"ListItem\",\"position\":1,\"name\":\"Home\",\"item\":\"https:\\\/\\\/sme-d.se\\\/\"},{\"@type\":\"ListItem\",\"position\":2,\"name\":\"Seminarium om det nordiska f\u00f6rsvarssamarbetet\"}]},{\"@type\":\"WebSite\",\"@id\":\"https:\\\/\\\/sme-d.se\\\/#website\",\"url\":\"https:\\\/\\\/sme-d.se\\\/\",\"name\":\"SME-D\",\"description\":\"Branschorganisationen f\u00f6r sm\u00e5 och medelstora f\u00f6retag (SME) inom svensk f\u00f6rsvarssektor\",\"publisher\":{\"@id\":\"https:\\\/\\\/sme-d.se\\\/#organization\"},\"potentialAction\":[{\"@type\":\"SearchAction\",\"target\":{\"@type\":\"EntryPoint\",\"urlTemplate\":\"https:\\\/\\\/sme-d.se\\\/?s={search_term_string}\"},\"query-input\":{\"@type\":\"PropertyValueSpecification\",\"valueRequired\":true,\"valueName\":\"search_term_string\"}}],\"inLanguage\":\"en-US\"},{\"@type\":\"Organization\",\"@id\":\"https:\\\/\\\/sme-d.se\\\/#organization\",\"name\":\"SME-D\",\"url\":\"https:\\\/\\\/sme-d.se\\\/\",\"logo\":{\"@type\":\"ImageObject\",\"inLanguage\":\"en-US\",\"@id\":\"https:\\\/\\\/sme-d.se\\\/#\\\/schema\\\/logo\\\/image\\\/\",\"url\":\"https:\\\/\\\/sme-d.se\\\/wp-content\\\/uploads\\\/2023\\\/12\\\/SME-logga-ny2-1.png\",\"contentUrl\":\"https:\\\/\\\/sme-d.se\\\/wp-content\\\/uploads\\\/2023\\\/12\\\/SME-logga-ny2-1.png\",\"width\":200,\"height\":58,\"caption\":\"SME-D\"},\"image\":{\"@id\":\"https:\\\/\\\/sme-d.se\\\/#\\\/schema\\\/logo\\\/image\\\/\"}},{\"@type\":\"Person\",\"@id\":\"https:\\\/\\\/sme-d.se\\\/#\\\/schema\\\/person\\\/643a10f983b385787d2918adf4e60ff8\",\"name\":\"hamid.ershad@tebab.com\",\"image\":{\"@type\":\"ImageObject\",\"inLanguage\":\"en-US\",\"@id\":\"https:\\\/\\\/secure.gravatar.com\\\/avatar\\\/a6b278cd0d3c3106f8f9591855817f81ee2cdcabe13d18be42aa40d1e8c57082?s=96&d=mm&r=g\",\"url\":\"https:\\\/\\\/secure.gravatar.com\\\/avatar\\\/a6b278cd0d3c3106f8f9591855817f81ee2cdcabe13d18be42aa40d1e8c57082?s=96&d=mm&r=g\",\"contentUrl\":\"https:\\\/\\\/secure.gravatar.com\\\/avatar\\\/a6b278cd0d3c3106f8f9591855817f81ee2cdcabe13d18be42aa40d1e8c57082?s=96&d=mm&r=g\",\"caption\":\"hamid.ershad@tebab.com\"},\"url\":\"https:\\\/\\\/sme-d.se\\\/en\\\/author\\\/hamid-ershadtebab-com\\\/\"}]}<\/script>\n<!-- \/ Yoast SEO plugin. -->","yoast_head_json":{"title":"Seminar on Nordic defense cooperation - SME-D","robots":{"index":"index","follow":"follow","max-snippet":"max-snippet:-1","max-image-preview":"max-image-preview:large","max-video-preview":"max-video-preview:-1"},"canonical":"https:\/\/sme-d.se\/en\/2019\/03\/seminarium-om-det-nordiska-forsvarssamarbetet\/","og_locale":"en_US","og_type":"article","og_title":"Seminarium om det nordiska f\u00f6rsvarssamarbetet - SME-D","og_description":"Nordefco startades 2009 med syfte att f\u00f6rb\u00e4ttra l\u00e4ndernas f\u00f6rsvarsf\u00f6rm\u00e5ga och fr\u00e4mja ett effektivare utnyttjade av resurser. Bakgrunden till det \u00f6kande nordiska samarbetet i Nordefco \u00e4r det f\u00f6r\u00e4ndrade s\u00e4kerhetsl\u00e4get. Peter Hultqvist ber\u00e4ttade om hur dagens samarbete ser ut och planerna p\u00e5 att ytterligare st\u00e4rka f\u00f6rm\u00e5gan att agera tillsammans. F\u00f6rsvarsministern betonade vikten av att fr\u00e5n svensk sida [&hellip;]","og_url":"https:\/\/sme-d.se\/en\/2019\/03\/seminarium-om-det-nordiska-forsvarssamarbetet\/","og_site_name":"SME-D","article_published_time":"2019-03-07T13:38:57+00:00","author":"hamid.ershad@tebab.com","twitter_card":"summary_large_image","twitter_misc":{"Written by":"hamid.ershad@tebab.com","Est. reading time":"1 minute"},"schema":{"@context":"https:\/\/schema.org","@graph":[{"@type":"Article","@id":"https:\/\/sme-d.se\/2019\/03\/seminarium-om-det-nordiska-forsvarssamarbetet\/#article","isPartOf":{"@id":"https:\/\/sme-d.se\/2019\/03\/seminarium-om-det-nordiska-forsvarssamarbetet\/"},"author":{"name":"hamid.ershad@tebab.com","@id":"https:\/\/sme-d.se\/#\/schema\/person\/643a10f983b385787d2918adf4e60ff8"},"headline":"Seminarium om det nordiska f\u00f6rsvarssamarbetet","datePublished":"2019-03-07T13:38:57+00:00","mainEntityOfPage":{"@id":"https:\/\/sme-d.se\/2019\/03\/seminarium-om-det-nordiska-forsvarssamarbetet\/"},"wordCount":136,"commentCount":0,"publisher":{"@id":"https:\/\/sme-d.se\/#organization"},"image":{"@id":"https:\/\/sme-d.se\/2019\/03\/seminarium-om-det-nordiska-forsvarssamarbetet\/#primaryimage"},"thumbnailUrl":"","articleSection":["Okategoriserade"],"inLanguage":"en-US","potentialAction":[{"@type":"CommentAction","name":"Comment","target":["https:\/\/sme-d.se\/2019\/03\/seminarium-om-det-nordiska-forsvarssamarbetet\/#respond"]}]},{"@type":"WebPage","@id":"https:\/\/sme-d.se\/2019\/03\/seminarium-om-det-nordiska-forsvarssamarbetet\/","url":"https:\/\/sme-d.se\/2019\/03\/seminarium-om-det-nordiska-forsvarssamarbetet\/","name":"Seminar on Nordic defense cooperation - SME-D","isPartOf":{"@id":"https:\/\/sme-d.se\/#website"},"primaryImageOfPage":{"@id":"https:\/\/sme-d.se\/2019\/03\/seminarium-om-det-nordiska-forsvarssamarbetet\/#primaryimage"},"image":{"@id":"https:\/\/sme-d.se\/2019\/03\/seminarium-om-det-nordiska-forsvarssamarbetet\/#primaryimage"},"thumbnailUrl":"","datePublished":"2019-03-07T13:38:57+00:00","breadcrumb":{"@id":"https:\/\/sme-d.se\/2019\/03\/seminarium-om-det-nordiska-forsvarssamarbetet\/#breadcrumb"},"inLanguage":"en-US","potentialAction":[{"@type":"ReadAction","target":["https:\/\/sme-d.se\/2019\/03\/seminarium-om-det-nordiska-forsvarssamarbetet\/"]}]},{"@type":"ImageObject","inLanguage":"en-US","@id":"https:\/\/sme-d.se\/2019\/03\/seminarium-om-det-nordiska-forsvarssamarbetet\/#primaryimage","url":"","contentUrl":""},{"@type":"BreadcrumbList","@id":"https:\/\/sme-d.se\/2019\/03\/seminarium-om-det-nordiska-forsvarssamarbetet\/#breadcrumb","itemListElement":[{"@type":"ListItem","position":1,"name":"Home","item":"https:\/\/sme-d.se\/"},{"@type":"ListItem","position":2,"name":"Seminarium om det nordiska f\u00f6rsvarssamarbetet"}]},{"@type":"WebSite","@id":"https:\/\/sme-d.se\/#website","url":"https:\/\/sme-d.se\/","name":"SMITH","description":"The industry association for small and medium-sized enterprises (SMEs) in the Swedish defense sector","publisher":{"@id":"https:\/\/sme-d.se\/#organization"},"potentialAction":[{"@type":"SearchAction","target":{"@type":"EntryPoint","urlTemplate":"https:\/\/sme-d.se\/?s={search_term_string}"},"query-input":{"@type":"PropertyValueSpecification","valueRequired":true,"valueName":"search_term_string"}}],"inLanguage":"en-US"},{"@type":"Organization","@id":"https:\/\/sme-d.se\/#organization","name":"SMITH","url":"https:\/\/sme-d.se\/","logo":{"@type":"ImageObject","inLanguage":"en-US","@id":"https:\/\/sme-d.se\/#\/schema\/logo\/image\/","url":"https:\/\/sme-d.se\/wp-content\/uploads\/2023\/12\/SME-logga-ny2-1.png","contentUrl":"https:\/\/sme-d.se\/wp-content\/uploads\/2023\/12\/SME-logga-ny2-1.png","width":200,"height":58,"caption":"SME-D"},"image":{"@id":"https:\/\/sme-d.se\/#\/schema\/logo\/image\/"}},{"@type":"Person","@id":"https:\/\/sme-d.se\/#\/schema\/person\/643a10f983b385787d2918adf4e60ff8","name":"hamid.ershad@tebab.com","image":{"@type":"ImageObject","inLanguage":"en-US","@id":"https:\/\/secure.gravatar.com\/avatar\/a6b278cd0d3c3106f8f9591855817f81ee2cdcabe13d18be42aa40d1e8c57082?s=96&d=mm&r=g","url":"https:\/\/secure.gravatar.com\/avatar\/a6b278cd0d3c3106f8f9591855817f81ee2cdcabe13d18be42aa40d1e8c57082?s=96&d=mm&r=g","contentUrl":"https:\/\/secure.gravatar.com\/avatar\/a6b278cd0d3c3106f8f9591855817f81ee2cdcabe13d18be42aa40d1e8c57082?s=96&d=mm&r=g","caption":"hamid.ershad@tebab.com"},"url":"https:\/\/sme-d.se\/en\/author\/hamid-ershadtebab-com\/"}]}},"_links":{"self":[{"href":"https:\/\/sme-d.se\/en\/wp-json\/wp\/v2\/posts\/662062","targetHints":{"allow":["GET"]}}],"collection":[{"href":"https:\/\/sme-d.se\/en\/wp-json\/wp\/v2\/posts"}],"about":[{"href":"https:\/\/sme-d.se\/en\/wp-json\/wp\/v2\/types\/post"}],"author":[{"embeddable":true,"href":"https:\/\/sme-d.se\/en\/wp-json\/wp\/v2\/users\/2"}],"replies":[{"embeddable":true,"href":"https:\/\/sme-d.se\/en\/wp-json\/wp\/v2\/comments?post=662062"}],"version-history":[{"count":0,"href":"https:\/\/sme-d.se\/en\/wp-json\/wp\/v2\/posts\/662062\/revisions"}],"wp:featuredmedia":[{"embeddable":true,"href":"https:\/\/sme-d.se\/en\/wp-json\/"}],"wp:attachment":[{"href":"https:\/\/sme-d.se\/en\/wp-json\/wp\/v2\/media?parent=662062"}],"wp:term":[{"taxonomy":"category","embeddable":true,"href":"https:\/\/sme-d.se\/en\/wp-json\/wp\/v2\/categories?post=662062"},{"taxonomy":"post_tag","embeddable":true,"href":"https:\/\/sme-d.se\/en\/wp-json\/wp\/v2\/tags?post=662062"}],"curies":[{"name":"wp","href":"https:\/\/api.w.org\/{rel}","templated":true}]}}