{"id":661804,"date":"2018-05-29T11:42:41","date_gmt":"2018-05-29T09:42:41","guid":{"rendered":"http:\/\/www.sme-d.se\/?p=661804"},"modified":"2018-05-29T11:42:41","modified_gmt":"2018-05-29T09:42:41","slug":"overste-mats-klintang-besokte-sme-d-25-maj","status":"publish","type":"post","link":"https:\/\/sme-d.se\/en\/2018\/05\/overste-mats-klintang-besokte-sme-d-25-maj\/","title":{"rendered":"Colonel Mats Klint\u00e4ng visited SME-D on May 25"},"content":{"rendered":"<p>Several of SME-D&#039;s member companies were present when Colonel Mats Klint\u00e4ng, the Swedish Armed Forces, spoke about the development of total defense, where both the Swedish Armed Forces and MSB collaborate. We also heard about the role of the business community in total defense. The seminar was very interesting and was followed by a discussion on the topic at hand.<\/p>\n<div id=\"attachment_661805\" style=\"width: 232px\" class=\"wp-caption alignleft\"><img loading=\"lazy\" decoding=\"async\" aria-describedby=\"caption-attachment-661805\" class=\"wp-image-661805 size-medium\" src=\"http:\/\/www.sme-d.se\/wp-content\/uploads\/sites\/3\/2018\/05\/Magnus-Sj\u00f6land-och-Mats-Klint\u00e4ng-SMED-180525-b-222x300.jpg\" alt=\"\" width=\"222\" height=\"300\" \/><p id=\"caption-attachment-661805\" class=\"wp-caption-text\">Chairman of the Board Magnus Sj\u00f6land (SME-D) and Colonel Mats Klint\u00e4ng (Defense Forces)<\/p><\/div>\n<p>After the seminar, the SME-D association held its annual meeting.<\/p>\n<p><strong>Among the points was the composition of the board.<\/strong><\/p>\n<p><strong>In 2018, SME-D&#039;s board will be as follows:<\/strong><br \/>\nMagnus Sj\u00f6land Chairman (re-election)<br \/>\nMats Thorstenson Vice President, KnowIT Dataunit AB<br \/>\nLars Pettersson Secretary, Teleanalys AB<br \/>\nPeter Johnsson, Peter Johnsson IT-Konsult AB<br \/>\nMagnus S\u00f6derstr\u00f6m (new election) CAG Novus Consulting AB<br \/>\nBo Tiderman (new election) Airwatergreen AB<\/p>\n<p>The meeting thanked the outgoing Mikael Tjernlund for his work on the board.<\/p>\n<p>&nbsp;<\/p>\n<p><strong>The Nomination Committee in 2018 will be as follows:<\/strong><br \/>\nJaan Haabma, Basesoft AB<br \/>\nErik Ekl\u00f6f, NESP AB<\/p>","protected":false},"excerpt":{"rendered":"<p>Several of SME-D&#039;s member companies were present when Colonel Mats Klint\u00e4ng, the Armed Forces, spoke about the development of total defense, where both the Armed Forces and MSB collaborate. We also heard about the role of the business community in total defense. The seminar was very interesting and was followed by a discussion on the topic at hand. After the seminar, the SME-D association held its annual meeting. Among the items on the agenda was the composition of the board. [\u2026]<\/p>","protected":false},"author":2,"featured_media":0,"comment_status":"open","ping_status":"open","sticky":false,"template":"","format":"standard","meta":{"footnotes":""},"categories":[1],"tags":[],"class_list":["post-661804","post","type-post","status-publish","format-standard","hentry","category-okategoriserade"],"acf":[],"yoast_head":"<!-- This site is optimized with the Yoast SEO plugin v27.5 - https:\/\/yoast.com\/product\/yoast-seo-wordpress\/ -->\n<title>\u00d6verste Mats Klint\u00e4ng bes\u00f6kte SME-D 25 maj - SME-D<\/title>\n<meta name=\"robots\" content=\"index, follow, max-snippet:-1, max-image-preview:large, max-video-preview:-1\" \/>\n<link rel=\"canonical\" href=\"https:\/\/sme-d.se\/en\/2018\/05\/overste-mats-klintang-besokte-sme-d-25-maj\/\" \/>\n<meta property=\"og:locale\" content=\"en_US\" \/>\n<meta property=\"og:type\" content=\"article\" \/>\n<meta property=\"og:title\" content=\"\u00d6verste Mats Klint\u00e4ng bes\u00f6kte SME-D 25 maj - SME-D\" \/>\n<meta property=\"og:description\" content=\"Flera av SME-D:s medlemsf\u00f6retag fanns p\u00e5 plats n\u00e4r\u00a0\u00d6verste Mats Klint\u00e4ng, F\u00f6rsvarsmakten talade om totalf\u00f6rsvarets utveckling d\u00e4r b\u00e5de F\u00f6rsvarsmakten och MSB samverkar. Vi fick ocks\u00e5 bland annat h\u00f6ra om n\u00e4ringslivets roll i totalf\u00f6rsvaret. Seminariet var mycket intressant och f\u00f6ljdes av diskussion i det aktuella \u00e4mnet. Efter seminariet h\u00f6ll f\u00f6reningen SME-D \u00e5rsm\u00f6te. Bland punkterna var styrelsens sammans\u00e4ttning. [&hellip;]\" \/>\n<meta property=\"og:url\" content=\"https:\/\/sme-d.se\/en\/2018\/05\/overste-mats-klintang-besokte-sme-d-25-maj\/\" \/>\n<meta property=\"og:site_name\" content=\"SME-D\" \/>\n<meta property=\"article:published_time\" content=\"2018-05-29T09:42:41+00:00\" \/>\n<meta name=\"author\" content=\"hamid.ershad@tebab.com\" \/>\n<meta name=\"twitter:card\" content=\"summary_large_image\" \/>\n<meta name=\"twitter:label1\" content=\"Written by\" \/>\n\t<meta name=\"twitter:data1\" content=\"hamid.ershad@tebab.com\" \/>\n\t<meta name=\"twitter:label2\" content=\"Est. reading time\" \/>\n\t<meta name=\"twitter:data2\" content=\"1 minute\" \/>\n<script type=\"application\/ld+json\" class=\"yoast-schema-graph\">{\"@context\":\"https:\\\/\\\/schema.org\",\"@graph\":[{\"@type\":\"Article\",\"@id\":\"https:\\\/\\\/sme-d.se\\\/2018\\\/05\\\/overste-mats-klintang-besokte-sme-d-25-maj\\\/#article\",\"isPartOf\":{\"@id\":\"https:\\\/\\\/sme-d.se\\\/2018\\\/05\\\/overste-mats-klintang-besokte-sme-d-25-maj\\\/\"},\"author\":{\"name\":\"hamid.ershad@tebab.com\",\"@id\":\"https:\\\/\\\/sme-d.se\\\/#\\\/schema\\\/person\\\/643a10f983b385787d2918adf4e60ff8\"},\"headline\":\"\u00d6verste Mats Klint\u00e4ng bes\u00f6kte SME-D 25 maj\",\"datePublished\":\"2018-05-29T09:42:41+00:00\",\"mainEntityOfPage\":{\"@id\":\"https:\\\/\\\/sme-d.se\\\/2018\\\/05\\\/overste-mats-klintang-besokte-sme-d-25-maj\\\/\"},\"wordCount\":183,\"commentCount\":0,\"publisher\":{\"@id\":\"https:\\\/\\\/sme-d.se\\\/#organization\"},\"articleSection\":[\"Okategoriserade\"],\"inLanguage\":\"en-US\",\"potentialAction\":[{\"@type\":\"CommentAction\",\"name\":\"Comment\",\"target\":[\"https:\\\/\\\/sme-d.se\\\/2018\\\/05\\\/overste-mats-klintang-besokte-sme-d-25-maj\\\/#respond\"]}]},{\"@type\":\"WebPage\",\"@id\":\"https:\\\/\\\/sme-d.se\\\/2018\\\/05\\\/overste-mats-klintang-besokte-sme-d-25-maj\\\/\",\"url\":\"https:\\\/\\\/sme-d.se\\\/2018\\\/05\\\/overste-mats-klintang-besokte-sme-d-25-maj\\\/\",\"name\":\"\u00d6verste Mats Klint\u00e4ng bes\u00f6kte SME-D 25 maj - SME-D\",\"isPartOf\":{\"@id\":\"https:\\\/\\\/sme-d.se\\\/#website\"},\"datePublished\":\"2018-05-29T09:42:41+00:00\",\"breadcrumb\":{\"@id\":\"https:\\\/\\\/sme-d.se\\\/2018\\\/05\\\/overste-mats-klintang-besokte-sme-d-25-maj\\\/#breadcrumb\"},\"inLanguage\":\"en-US\",\"potentialAction\":[{\"@type\":\"ReadAction\",\"target\":[\"https:\\\/\\\/sme-d.se\\\/2018\\\/05\\\/overste-mats-klintang-besokte-sme-d-25-maj\\\/\"]}]},{\"@type\":\"BreadcrumbList\",\"@id\":\"https:\\\/\\\/sme-d.se\\\/2018\\\/05\\\/overste-mats-klintang-besokte-sme-d-25-maj\\\/#breadcrumb\",\"itemListElement\":[{\"@type\":\"ListItem\",\"position\":1,\"name\":\"Home\",\"item\":\"https:\\\/\\\/sme-d.se\\\/\"},{\"@type\":\"ListItem\",\"position\":2,\"name\":\"\u00d6verste Mats Klint\u00e4ng bes\u00f6kte SME-D 25 maj\"}]},{\"@type\":\"WebSite\",\"@id\":\"https:\\\/\\\/sme-d.se\\\/#website\",\"url\":\"https:\\\/\\\/sme-d.se\\\/\",\"name\":\"SME-D\",\"description\":\"Branschorganisationen f\u00f6r sm\u00e5 och medelstora f\u00f6retag (SME) inom svensk f\u00f6rsvarssektor\",\"publisher\":{\"@id\":\"https:\\\/\\\/sme-d.se\\\/#organization\"},\"potentialAction\":[{\"@type\":\"SearchAction\",\"target\":{\"@type\":\"EntryPoint\",\"urlTemplate\":\"https:\\\/\\\/sme-d.se\\\/?s={search_term_string}\"},\"query-input\":{\"@type\":\"PropertyValueSpecification\",\"valueRequired\":true,\"valueName\":\"search_term_string\"}}],\"inLanguage\":\"en-US\"},{\"@type\":\"Organization\",\"@id\":\"https:\\\/\\\/sme-d.se\\\/#organization\",\"name\":\"SME-D\",\"url\":\"https:\\\/\\\/sme-d.se\\\/\",\"logo\":{\"@type\":\"ImageObject\",\"inLanguage\":\"en-US\",\"@id\":\"https:\\\/\\\/sme-d.se\\\/#\\\/schema\\\/logo\\\/image\\\/\",\"url\":\"https:\\\/\\\/sme-d.se\\\/wp-content\\\/uploads\\\/2023\\\/12\\\/SME-logga-ny2-1.png\",\"contentUrl\":\"https:\\\/\\\/sme-d.se\\\/wp-content\\\/uploads\\\/2023\\\/12\\\/SME-logga-ny2-1.png\",\"width\":200,\"height\":58,\"caption\":\"SME-D\"},\"image\":{\"@id\":\"https:\\\/\\\/sme-d.se\\\/#\\\/schema\\\/logo\\\/image\\\/\"}},{\"@type\":\"Person\",\"@id\":\"https:\\\/\\\/sme-d.se\\\/#\\\/schema\\\/person\\\/643a10f983b385787d2918adf4e60ff8\",\"name\":\"hamid.ershad@tebab.com\",\"image\":{\"@type\":\"ImageObject\",\"inLanguage\":\"en-US\",\"@id\":\"https:\\\/\\\/secure.gravatar.com\\\/avatar\\\/a6b278cd0d3c3106f8f9591855817f81ee2cdcabe13d18be42aa40d1e8c57082?s=96&d=mm&r=g\",\"url\":\"https:\\\/\\\/secure.gravatar.com\\\/avatar\\\/a6b278cd0d3c3106f8f9591855817f81ee2cdcabe13d18be42aa40d1e8c57082?s=96&d=mm&r=g\",\"contentUrl\":\"https:\\\/\\\/secure.gravatar.com\\\/avatar\\\/a6b278cd0d3c3106f8f9591855817f81ee2cdcabe13d18be42aa40d1e8c57082?s=96&d=mm&r=g\",\"caption\":\"hamid.ershad@tebab.com\"},\"url\":\"https:\\\/\\\/sme-d.se\\\/en\\\/author\\\/hamid-ershadtebab-com\\\/\"}]}<\/script>\n<!-- \/ Yoast SEO plugin. -->","yoast_head_json":{"title":"Colonel Mats Klint\u00e4ng visited SME-D on May 25 - SME-D","robots":{"index":"index","follow":"follow","max-snippet":"max-snippet:-1","max-image-preview":"max-image-preview:large","max-video-preview":"max-video-preview:-1"},"canonical":"https:\/\/sme-d.se\/en\/2018\/05\/overste-mats-klintang-besokte-sme-d-25-maj\/","og_locale":"en_US","og_type":"article","og_title":"\u00d6verste Mats Klint\u00e4ng bes\u00f6kte SME-D 25 maj - SME-D","og_description":"Flera av SME-D:s medlemsf\u00f6retag fanns p\u00e5 plats n\u00e4r\u00a0\u00d6verste Mats Klint\u00e4ng, F\u00f6rsvarsmakten talade om totalf\u00f6rsvarets utveckling d\u00e4r b\u00e5de F\u00f6rsvarsmakten och MSB samverkar. Vi fick ocks\u00e5 bland annat h\u00f6ra om n\u00e4ringslivets roll i totalf\u00f6rsvaret. Seminariet var mycket intressant och f\u00f6ljdes av diskussion i det aktuella \u00e4mnet. Efter seminariet h\u00f6ll f\u00f6reningen SME-D \u00e5rsm\u00f6te. Bland punkterna var styrelsens sammans\u00e4ttning. [&hellip;]","og_url":"https:\/\/sme-d.se\/en\/2018\/05\/overste-mats-klintang-besokte-sme-d-25-maj\/","og_site_name":"SME-D","article_published_time":"2018-05-29T09:42:41+00:00","author":"hamid.ershad@tebab.com","twitter_card":"summary_large_image","twitter_misc":{"Written by":"hamid.ershad@tebab.com","Est. reading time":"1 minute"},"schema":{"@context":"https:\/\/schema.org","@graph":[{"@type":"Article","@id":"https:\/\/sme-d.se\/2018\/05\/overste-mats-klintang-besokte-sme-d-25-maj\/#article","isPartOf":{"@id":"https:\/\/sme-d.se\/2018\/05\/overste-mats-klintang-besokte-sme-d-25-maj\/"},"author":{"name":"hamid.ershad@tebab.com","@id":"https:\/\/sme-d.se\/#\/schema\/person\/643a10f983b385787d2918adf4e60ff8"},"headline":"\u00d6verste Mats Klint\u00e4ng bes\u00f6kte SME-D 25 maj","datePublished":"2018-05-29T09:42:41+00:00","mainEntityOfPage":{"@id":"https:\/\/sme-d.se\/2018\/05\/overste-mats-klintang-besokte-sme-d-25-maj\/"},"wordCount":183,"commentCount":0,"publisher":{"@id":"https:\/\/sme-d.se\/#organization"},"articleSection":["Okategoriserade"],"inLanguage":"en-US","potentialAction":[{"@type":"CommentAction","name":"Comment","target":["https:\/\/sme-d.se\/2018\/05\/overste-mats-klintang-besokte-sme-d-25-maj\/#respond"]}]},{"@type":"WebPage","@id":"https:\/\/sme-d.se\/2018\/05\/overste-mats-klintang-besokte-sme-d-25-maj\/","url":"https:\/\/sme-d.se\/2018\/05\/overste-mats-klintang-besokte-sme-d-25-maj\/","name":"Colonel Mats Klint\u00e4ng visited SME-D on May 25 - SME-D","isPartOf":{"@id":"https:\/\/sme-d.se\/#website"},"datePublished":"2018-05-29T09:42:41+00:00","breadcrumb":{"@id":"https:\/\/sme-d.se\/2018\/05\/overste-mats-klintang-besokte-sme-d-25-maj\/#breadcrumb"},"inLanguage":"en-US","potentialAction":[{"@type":"ReadAction","target":["https:\/\/sme-d.se\/2018\/05\/overste-mats-klintang-besokte-sme-d-25-maj\/"]}]},{"@type":"BreadcrumbList","@id":"https:\/\/sme-d.se\/2018\/05\/overste-mats-klintang-besokte-sme-d-25-maj\/#breadcrumb","itemListElement":[{"@type":"ListItem","position":1,"name":"Home","item":"https:\/\/sme-d.se\/"},{"@type":"ListItem","position":2,"name":"\u00d6verste Mats Klint\u00e4ng bes\u00f6kte SME-D 25 maj"}]},{"@type":"WebSite","@id":"https:\/\/sme-d.se\/#website","url":"https:\/\/sme-d.se\/","name":"SMITH","description":"The industry association for small and medium-sized enterprises (SMEs) in the Swedish defense sector","publisher":{"@id":"https:\/\/sme-d.se\/#organization"},"potentialAction":[{"@type":"SearchAction","target":{"@type":"EntryPoint","urlTemplate":"https:\/\/sme-d.se\/?s={search_term_string}"},"query-input":{"@type":"PropertyValueSpecification","valueRequired":true,"valueName":"search_term_string"}}],"inLanguage":"en-US"},{"@type":"Organization","@id":"https:\/\/sme-d.se\/#organization","name":"SMITH","url":"https:\/\/sme-d.se\/","logo":{"@type":"ImageObject","inLanguage":"en-US","@id":"https:\/\/sme-d.se\/#\/schema\/logo\/image\/","url":"https:\/\/sme-d.se\/wp-content\/uploads\/2023\/12\/SME-logga-ny2-1.png","contentUrl":"https:\/\/sme-d.se\/wp-content\/uploads\/2023\/12\/SME-logga-ny2-1.png","width":200,"height":58,"caption":"SME-D"},"image":{"@id":"https:\/\/sme-d.se\/#\/schema\/logo\/image\/"}},{"@type":"Person","@id":"https:\/\/sme-d.se\/#\/schema\/person\/643a10f983b385787d2918adf4e60ff8","name":"hamid.ershad@tebab.com","image":{"@type":"ImageObject","inLanguage":"en-US","@id":"https:\/\/secure.gravatar.com\/avatar\/a6b278cd0d3c3106f8f9591855817f81ee2cdcabe13d18be42aa40d1e8c57082?s=96&d=mm&r=g","url":"https:\/\/secure.gravatar.com\/avatar\/a6b278cd0d3c3106f8f9591855817f81ee2cdcabe13d18be42aa40d1e8c57082?s=96&d=mm&r=g","contentUrl":"https:\/\/secure.gravatar.com\/avatar\/a6b278cd0d3c3106f8f9591855817f81ee2cdcabe13d18be42aa40d1e8c57082?s=96&d=mm&r=g","caption":"hamid.ershad@tebab.com"},"url":"https:\/\/sme-d.se\/en\/author\/hamid-ershadtebab-com\/"}]}},"_links":{"self":[{"href":"https:\/\/sme-d.se\/en\/wp-json\/wp\/v2\/posts\/661804","targetHints":{"allow":["GET"]}}],"collection":[{"href":"https:\/\/sme-d.se\/en\/wp-json\/wp\/v2\/posts"}],"about":[{"href":"https:\/\/sme-d.se\/en\/wp-json\/wp\/v2\/types\/post"}],"author":[{"embeddable":true,"href":"https:\/\/sme-d.se\/en\/wp-json\/wp\/v2\/users\/2"}],"replies":[{"embeddable":true,"href":"https:\/\/sme-d.se\/en\/wp-json\/wp\/v2\/comments?post=661804"}],"version-history":[{"count":0,"href":"https:\/\/sme-d.se\/en\/wp-json\/wp\/v2\/posts\/661804\/revisions"}],"wp:attachment":[{"href":"https:\/\/sme-d.se\/en\/wp-json\/wp\/v2\/media?parent=661804"}],"wp:term":[{"taxonomy":"category","embeddable":true,"href":"https:\/\/sme-d.se\/en\/wp-json\/wp\/v2\/categories?post=661804"},{"taxonomy":"post_tag","embeddable":true,"href":"https:\/\/sme-d.se\/en\/wp-json\/wp\/v2\/tags?post=661804"}],"curies":[{"name":"wp","href":"https:\/\/api.w.org\/{rel}","templated":true}]}}