{"id":661799,"date":"2018-05-25T14:45:04","date_gmt":"2018-05-25T12:45:04","guid":{"rendered":"http:\/\/www.sme-d.se\/?p=661799"},"modified":"2018-05-25T14:45:04","modified_gmt":"2018-05-25T12:45:04","slug":"sme-d-varnar-om-personlig-integritet","status":"publish","type":"post","link":"https:\/\/sme-d.se\/en\/2018\/05\/sme-d-varnar-om-personlig-integritet\/","title":{"rendered":"SME-D protects personal privacy"},"content":{"rendered":"<p>The new General Data Protection Regulation (GDPR) comes into effect on May 25, 2018 and replaces the Personal Data Act. The regulation tightens the way personal data may be processed.<\/p>\n<p>Read about how we process personal data in our privacy policy. <a href=\"https:\/\/sme-d.se\/en\/om-sme-d\/gdpr\/\" target=\"_blank\" rel=\"noopener\">here<\/a>. If you have any questions or concerns, you are welcome to contact us at the SME-D office: sme-d@tebab.com<\/p>","protected":false},"excerpt":{"rendered":"<p>The new General Data Protection Regulation (GDPR) comes into effect on May 25, 2018 and replaces the Personal Data Act. The regulation tightens the way personal data may be processed. Read about how we process personal data in our personal data policy here. If you have any questions or concerns, you are welcome to contact us at SME-D&#039;s office: sme-d@tebab.com<\/p>","protected":false},"author":2,"featured_media":661800,"comment_status":"open","ping_status":"open","sticky":false,"template":"","format":"standard","meta":{"footnotes":""},"categories":[1],"tags":[],"class_list":["post-661799","post","type-post","status-publish","format-standard","has-post-thumbnail","hentry","category-okategoriserade"],"acf":[],"yoast_head":"<!-- This site is optimized with the Yoast SEO plugin v27.5 - https:\/\/yoast.com\/product\/yoast-seo-wordpress\/ -->\n<title>SME-D v\u00e4rnar om personlig integritet - SME-D<\/title>\n<meta name=\"robots\" content=\"index, follow, max-snippet:-1, max-image-preview:large, max-video-preview:-1\" \/>\n<link rel=\"canonical\" href=\"https:\/\/sme-d.se\/en\/2018\/05\/sme-d-varnar-om-personlig-integritet\/\" \/>\n<meta property=\"og:locale\" content=\"en_US\" \/>\n<meta property=\"og:type\" content=\"article\" \/>\n<meta property=\"og:title\" content=\"SME-D v\u00e4rnar om personlig integritet - SME-D\" \/>\n<meta property=\"og:description\" content=\"Den nya Dataskyddsf\u00f6rordningen (GDPR) b\u00f6rjar g\u00e4lla den 25 maj 2018\u00a0och ers\u00e4tter personuppgiftslagen. F\u00f6rordningen inneb\u00e4r en sk\u00e4rpning av hur personuppgifter f\u00e5r behandlas. L\u00e4s om hur vi behandlar personuppgifter i v\u00e5r personuppgiftspolicy h\u00e4r. Om du har n\u00e5gra fr\u00e5gor eller funderingar \u00e4r du varmt v\u00e4lkommen att kontakta oss p\u00e5 SME-Ds kansli: sme-d@tebab.com\" \/>\n<meta property=\"og:url\" content=\"https:\/\/sme-d.se\/en\/2018\/05\/sme-d-varnar-om-personlig-integritet\/\" \/>\n<meta property=\"og:site_name\" content=\"SME-D\" \/>\n<meta property=\"article:published_time\" content=\"2018-05-25T12:45:04+00:00\" \/>\n<meta name=\"author\" content=\"hamid.ershad@tebab.com\" \/>\n<meta name=\"twitter:card\" content=\"summary_large_image\" \/>\n<meta name=\"twitter:label1\" content=\"Written by\" \/>\n\t<meta name=\"twitter:data1\" content=\"hamid.ershad@tebab.com\" \/>\n<script type=\"application\/ld+json\" class=\"yoast-schema-graph\">{\"@context\":\"https:\\\/\\\/schema.org\",\"@graph\":[{\"@type\":\"Article\",\"@id\":\"https:\\\/\\\/sme-d.se\\\/2018\\\/05\\\/sme-d-varnar-om-personlig-integritet\\\/#article\",\"isPartOf\":{\"@id\":\"https:\\\/\\\/sme-d.se\\\/2018\\\/05\\\/sme-d-varnar-om-personlig-integritet\\\/\"},\"author\":{\"name\":\"hamid.ershad@tebab.com\",\"@id\":\"https:\\\/\\\/sme-d.se\\\/#\\\/schema\\\/person\\\/643a10f983b385787d2918adf4e60ff8\"},\"headline\":\"SME-D v\u00e4rnar om personlig integritet\",\"datePublished\":\"2018-05-25T12:45:04+00:00\",\"mainEntityOfPage\":{\"@id\":\"https:\\\/\\\/sme-d.se\\\/2018\\\/05\\\/sme-d-varnar-om-personlig-integritet\\\/\"},\"wordCount\":70,\"commentCount\":0,\"publisher\":{\"@id\":\"https:\\\/\\\/sme-d.se\\\/#organization\"},\"image\":{\"@id\":\"https:\\\/\\\/sme-d.se\\\/2018\\\/05\\\/sme-d-varnar-om-personlig-integritet\\\/#primaryimage\"},\"thumbnailUrl\":\"\",\"articleSection\":[\"Okategoriserade\"],\"inLanguage\":\"en-US\",\"potentialAction\":[{\"@type\":\"CommentAction\",\"name\":\"Comment\",\"target\":[\"https:\\\/\\\/sme-d.se\\\/2018\\\/05\\\/sme-d-varnar-om-personlig-integritet\\\/#respond\"]}]},{\"@type\":\"WebPage\",\"@id\":\"https:\\\/\\\/sme-d.se\\\/2018\\\/05\\\/sme-d-varnar-om-personlig-integritet\\\/\",\"url\":\"https:\\\/\\\/sme-d.se\\\/2018\\\/05\\\/sme-d-varnar-om-personlig-integritet\\\/\",\"name\":\"SME-D v\u00e4rnar om personlig integritet - SME-D\",\"isPartOf\":{\"@id\":\"https:\\\/\\\/sme-d.se\\\/#website\"},\"primaryImageOfPage\":{\"@id\":\"https:\\\/\\\/sme-d.se\\\/2018\\\/05\\\/sme-d-varnar-om-personlig-integritet\\\/#primaryimage\"},\"image\":{\"@id\":\"https:\\\/\\\/sme-d.se\\\/2018\\\/05\\\/sme-d-varnar-om-personlig-integritet\\\/#primaryimage\"},\"thumbnailUrl\":\"\",\"datePublished\":\"2018-05-25T12:45:04+00:00\",\"breadcrumb\":{\"@id\":\"https:\\\/\\\/sme-d.se\\\/2018\\\/05\\\/sme-d-varnar-om-personlig-integritet\\\/#breadcrumb\"},\"inLanguage\":\"en-US\",\"potentialAction\":[{\"@type\":\"ReadAction\",\"target\":[\"https:\\\/\\\/sme-d.se\\\/2018\\\/05\\\/sme-d-varnar-om-personlig-integritet\\\/\"]}]},{\"@type\":\"ImageObject\",\"inLanguage\":\"en-US\",\"@id\":\"https:\\\/\\\/sme-d.se\\\/2018\\\/05\\\/sme-d-varnar-om-personlig-integritet\\\/#primaryimage\",\"url\":\"\",\"contentUrl\":\"\"},{\"@type\":\"BreadcrumbList\",\"@id\":\"https:\\\/\\\/sme-d.se\\\/2018\\\/05\\\/sme-d-varnar-om-personlig-integritet\\\/#breadcrumb\",\"itemListElement\":[{\"@type\":\"ListItem\",\"position\":1,\"name\":\"Home\",\"item\":\"https:\\\/\\\/sme-d.se\\\/\"},{\"@type\":\"ListItem\",\"position\":2,\"name\":\"SME-D v\u00e4rnar om personlig integritet\"}]},{\"@type\":\"WebSite\",\"@id\":\"https:\\\/\\\/sme-d.se\\\/#website\",\"url\":\"https:\\\/\\\/sme-d.se\\\/\",\"name\":\"SME-D\",\"description\":\"Branschorganisationen f\u00f6r sm\u00e5 och medelstora f\u00f6retag (SME) inom svensk f\u00f6rsvarssektor\",\"publisher\":{\"@id\":\"https:\\\/\\\/sme-d.se\\\/#organization\"},\"potentialAction\":[{\"@type\":\"SearchAction\",\"target\":{\"@type\":\"EntryPoint\",\"urlTemplate\":\"https:\\\/\\\/sme-d.se\\\/?s={search_term_string}\"},\"query-input\":{\"@type\":\"PropertyValueSpecification\",\"valueRequired\":true,\"valueName\":\"search_term_string\"}}],\"inLanguage\":\"en-US\"},{\"@type\":\"Organization\",\"@id\":\"https:\\\/\\\/sme-d.se\\\/#organization\",\"name\":\"SME-D\",\"url\":\"https:\\\/\\\/sme-d.se\\\/\",\"logo\":{\"@type\":\"ImageObject\",\"inLanguage\":\"en-US\",\"@id\":\"https:\\\/\\\/sme-d.se\\\/#\\\/schema\\\/logo\\\/image\\\/\",\"url\":\"https:\\\/\\\/sme-d.se\\\/wp-content\\\/uploads\\\/2023\\\/12\\\/SME-logga-ny2-1.png\",\"contentUrl\":\"https:\\\/\\\/sme-d.se\\\/wp-content\\\/uploads\\\/2023\\\/12\\\/SME-logga-ny2-1.png\",\"width\":200,\"height\":58,\"caption\":\"SME-D\"},\"image\":{\"@id\":\"https:\\\/\\\/sme-d.se\\\/#\\\/schema\\\/logo\\\/image\\\/\"}},{\"@type\":\"Person\",\"@id\":\"https:\\\/\\\/sme-d.se\\\/#\\\/schema\\\/person\\\/643a10f983b385787d2918adf4e60ff8\",\"name\":\"hamid.ershad@tebab.com\",\"image\":{\"@type\":\"ImageObject\",\"inLanguage\":\"en-US\",\"@id\":\"https:\\\/\\\/secure.gravatar.com\\\/avatar\\\/a6b278cd0d3c3106f8f9591855817f81ee2cdcabe13d18be42aa40d1e8c57082?s=96&d=mm&r=g\",\"url\":\"https:\\\/\\\/secure.gravatar.com\\\/avatar\\\/a6b278cd0d3c3106f8f9591855817f81ee2cdcabe13d18be42aa40d1e8c57082?s=96&d=mm&r=g\",\"contentUrl\":\"https:\\\/\\\/secure.gravatar.com\\\/avatar\\\/a6b278cd0d3c3106f8f9591855817f81ee2cdcabe13d18be42aa40d1e8c57082?s=96&d=mm&r=g\",\"caption\":\"hamid.ershad@tebab.com\"},\"url\":\"https:\\\/\\\/sme-d.se\\\/en\\\/author\\\/hamid-ershadtebab-com\\\/\"}]}<\/script>\n<!-- \/ Yoast SEO plugin. -->","yoast_head_json":{"title":"SME-D protects personal privacy - SME-D","robots":{"index":"index","follow":"follow","max-snippet":"max-snippet:-1","max-image-preview":"max-image-preview:large","max-video-preview":"max-video-preview:-1"},"canonical":"https:\/\/sme-d.se\/en\/2018\/05\/sme-d-varnar-om-personlig-integritet\/","og_locale":"en_US","og_type":"article","og_title":"SME-D v\u00e4rnar om personlig integritet - SME-D","og_description":"Den nya Dataskyddsf\u00f6rordningen (GDPR) b\u00f6rjar g\u00e4lla den 25 maj 2018\u00a0och ers\u00e4tter personuppgiftslagen. F\u00f6rordningen inneb\u00e4r en sk\u00e4rpning av hur personuppgifter f\u00e5r behandlas. L\u00e4s om hur vi behandlar personuppgifter i v\u00e5r personuppgiftspolicy h\u00e4r. Om du har n\u00e5gra fr\u00e5gor eller funderingar \u00e4r du varmt v\u00e4lkommen att kontakta oss p\u00e5 SME-Ds kansli: sme-d@tebab.com","og_url":"https:\/\/sme-d.se\/en\/2018\/05\/sme-d-varnar-om-personlig-integritet\/","og_site_name":"SME-D","article_published_time":"2018-05-25T12:45:04+00:00","author":"hamid.ershad@tebab.com","twitter_card":"summary_large_image","twitter_misc":{"Written by":"hamid.ershad@tebab.com"},"schema":{"@context":"https:\/\/schema.org","@graph":[{"@type":"Article","@id":"https:\/\/sme-d.se\/2018\/05\/sme-d-varnar-om-personlig-integritet\/#article","isPartOf":{"@id":"https:\/\/sme-d.se\/2018\/05\/sme-d-varnar-om-personlig-integritet\/"},"author":{"name":"hamid.ershad@tebab.com","@id":"https:\/\/sme-d.se\/#\/schema\/person\/643a10f983b385787d2918adf4e60ff8"},"headline":"SME-D v\u00e4rnar om personlig integritet","datePublished":"2018-05-25T12:45:04+00:00","mainEntityOfPage":{"@id":"https:\/\/sme-d.se\/2018\/05\/sme-d-varnar-om-personlig-integritet\/"},"wordCount":70,"commentCount":0,"publisher":{"@id":"https:\/\/sme-d.se\/#organization"},"image":{"@id":"https:\/\/sme-d.se\/2018\/05\/sme-d-varnar-om-personlig-integritet\/#primaryimage"},"thumbnailUrl":"","articleSection":["Okategoriserade"],"inLanguage":"en-US","potentialAction":[{"@type":"CommentAction","name":"Comment","target":["https:\/\/sme-d.se\/2018\/05\/sme-d-varnar-om-personlig-integritet\/#respond"]}]},{"@type":"WebPage","@id":"https:\/\/sme-d.se\/2018\/05\/sme-d-varnar-om-personlig-integritet\/","url":"https:\/\/sme-d.se\/2018\/05\/sme-d-varnar-om-personlig-integritet\/","name":"SME-D protects personal privacy - SME-D","isPartOf":{"@id":"https:\/\/sme-d.se\/#website"},"primaryImageOfPage":{"@id":"https:\/\/sme-d.se\/2018\/05\/sme-d-varnar-om-personlig-integritet\/#primaryimage"},"image":{"@id":"https:\/\/sme-d.se\/2018\/05\/sme-d-varnar-om-personlig-integritet\/#primaryimage"},"thumbnailUrl":"","datePublished":"2018-05-25T12:45:04+00:00","breadcrumb":{"@id":"https:\/\/sme-d.se\/2018\/05\/sme-d-varnar-om-personlig-integritet\/#breadcrumb"},"inLanguage":"en-US","potentialAction":[{"@type":"ReadAction","target":["https:\/\/sme-d.se\/2018\/05\/sme-d-varnar-om-personlig-integritet\/"]}]},{"@type":"ImageObject","inLanguage":"en-US","@id":"https:\/\/sme-d.se\/2018\/05\/sme-d-varnar-om-personlig-integritet\/#primaryimage","url":"","contentUrl":""},{"@type":"BreadcrumbList","@id":"https:\/\/sme-d.se\/2018\/05\/sme-d-varnar-om-personlig-integritet\/#breadcrumb","itemListElement":[{"@type":"ListItem","position":1,"name":"Home","item":"https:\/\/sme-d.se\/"},{"@type":"ListItem","position":2,"name":"SME-D v\u00e4rnar om personlig integritet"}]},{"@type":"WebSite","@id":"https:\/\/sme-d.se\/#website","url":"https:\/\/sme-d.se\/","name":"SMITH","description":"The industry association for small and medium-sized enterprises (SMEs) in the Swedish defense sector","publisher":{"@id":"https:\/\/sme-d.se\/#organization"},"potentialAction":[{"@type":"SearchAction","target":{"@type":"EntryPoint","urlTemplate":"https:\/\/sme-d.se\/?s={search_term_string}"},"query-input":{"@type":"PropertyValueSpecification","valueRequired":true,"valueName":"search_term_string"}}],"inLanguage":"en-US"},{"@type":"Organization","@id":"https:\/\/sme-d.se\/#organization","name":"SMITH","url":"https:\/\/sme-d.se\/","logo":{"@type":"ImageObject","inLanguage":"en-US","@id":"https:\/\/sme-d.se\/#\/schema\/logo\/image\/","url":"https:\/\/sme-d.se\/wp-content\/uploads\/2023\/12\/SME-logga-ny2-1.png","contentUrl":"https:\/\/sme-d.se\/wp-content\/uploads\/2023\/12\/SME-logga-ny2-1.png","width":200,"height":58,"caption":"SME-D"},"image":{"@id":"https:\/\/sme-d.se\/#\/schema\/logo\/image\/"}},{"@type":"Person","@id":"https:\/\/sme-d.se\/#\/schema\/person\/643a10f983b385787d2918adf4e60ff8","name":"hamid.ershad@tebab.com","image":{"@type":"ImageObject","inLanguage":"en-US","@id":"https:\/\/secure.gravatar.com\/avatar\/a6b278cd0d3c3106f8f9591855817f81ee2cdcabe13d18be42aa40d1e8c57082?s=96&d=mm&r=g","url":"https:\/\/secure.gravatar.com\/avatar\/a6b278cd0d3c3106f8f9591855817f81ee2cdcabe13d18be42aa40d1e8c57082?s=96&d=mm&r=g","contentUrl":"https:\/\/secure.gravatar.com\/avatar\/a6b278cd0d3c3106f8f9591855817f81ee2cdcabe13d18be42aa40d1e8c57082?s=96&d=mm&r=g","caption":"hamid.ershad@tebab.com"},"url":"https:\/\/sme-d.se\/en\/author\/hamid-ershadtebab-com\/"}]}},"_links":{"self":[{"href":"https:\/\/sme-d.se\/en\/wp-json\/wp\/v2\/posts\/661799","targetHints":{"allow":["GET"]}}],"collection":[{"href":"https:\/\/sme-d.se\/en\/wp-json\/wp\/v2\/posts"}],"about":[{"href":"https:\/\/sme-d.se\/en\/wp-json\/wp\/v2\/types\/post"}],"author":[{"embeddable":true,"href":"https:\/\/sme-d.se\/en\/wp-json\/wp\/v2\/users\/2"}],"replies":[{"embeddable":true,"href":"https:\/\/sme-d.se\/en\/wp-json\/wp\/v2\/comments?post=661799"}],"version-history":[{"count":0,"href":"https:\/\/sme-d.se\/en\/wp-json\/wp\/v2\/posts\/661799\/revisions"}],"wp:featuredmedia":[{"embeddable":true,"href":"https:\/\/sme-d.se\/en\/wp-json\/"}],"wp:attachment":[{"href":"https:\/\/sme-d.se\/en\/wp-json\/wp\/v2\/media?parent=661799"}],"wp:term":[{"taxonomy":"category","embeddable":true,"href":"https:\/\/sme-d.se\/en\/wp-json\/wp\/v2\/categories?post=661799"},{"taxonomy":"post_tag","embeddable":true,"href":"https:\/\/sme-d.se\/en\/wp-json\/wp\/v2\/tags?post=661799"}],"curies":[{"name":"wp","href":"https:\/\/api.w.org\/{rel}","templated":true}]}}