{"id":661772,"date":"2018-04-18T16:43:27","date_gmt":"2018-04-18T14:43:27","guid":{"rendered":"http:\/\/www.sme-d.se\/?p=661772"},"modified":"2018-04-18T16:43:27","modified_gmt":"2018-04-18T14:43:27","slug":"fordjupningsseminarier-2018-samlade-manga-deltagare","status":"publish","type":"post","link":"https:\/\/sme-d.se\/en\/2018\/04\/fordjupningsseminarier-2018-samlade-manga-deltagare\/","title":{"rendered":"In-depth seminars in 2018 brought together many participants"},"content":{"rendered":"<p><strong>The seminars, which are held every year, are a continuation of the Defence Companies Days and are organized by SME-D together with SOFF, FMV and the Swedish Armed Forces, and were held at Teknikf\u00f6retagen in Stockholm. <\/strong><\/p>\n<p><img loading=\"lazy\" decoding=\"async\" class=\"alignnone wp-image-661773 size-large\" src=\"http:\/\/www.sme-d.se\/wp-content\/uploads\/sites\/3\/2018\/04\/Inledning-F\u00f6rdjupningsseminarier-2018-1024x715.jpg\" alt=\"\" width=\"700\" height=\"489\" \/><\/p>\n<p>More information about the seminar schedule can be found on FMV&#039;s website.<strong> <a href=\"http:\/\/www.fmv.se\/sv\/Nyheter-och-press\/Courses-and-seminars\/Forsvarsforetagsdagarna-2017-1\/\" target=\"_blank\" rel=\"noopener\">here<\/a>.<\/strong><\/p>\n<p>Most of the seminars were fully booked, which shows great interest from both industry and authorities. SME-D&#039;s chairman Magnus Sj\u00f6land was on the panel on 11 April in connection with the seminar on Innovation, Research and Development. The panel also included representatives from the Armed Forces, FMV and SOFF. Several of the presentations that were shown can be read <a href=\"https:\/\/soff.se\/presentationer-fran-fordjupningsseminarier-2018\/\" target=\"_blank\" rel=\"noopener\">here<\/a>.<\/p>\n<p>A total of seven different seminars were held:<\/p>\n<p>April 9th morning: <a href=\"http:\/\/www.sme-d.se\/wp-content\/uploads\/sites\/3\/2018\/03\/9-april-2018-SPL_Logistik-program-f\u00f6rdjupningsseminarier-2018_v2.pdf\" target=\"_blank\" rel=\"noopener\">Logistics<\/a><\/p>\n<p>April 9 afternoon: <a href=\"http:\/\/www.sme-d.se\/wp-content\/uploads\/sites\/3\/2018\/03\/9-april-2018-SPL-Kommersiellt-program-f\u00f6rdjupningsseminarier.pdf\" target=\"_blank\" rel=\"noopener\">Commercially<\/a><\/p>\n<p>April 10 morning: <a href=\"http:\/\/www.sme-d.se\/wp-content\/uploads\/sites\/3\/2018\/03\/10-april-2018-SPL_Arm\u00e9_program-f\u00f6rdjupningsseminarier.pdf\" target=\"_blank\" rel=\"noopener\">Army<\/a><\/p>\n<p>April 10 afternoon: <a href=\"http:\/\/www.sme-d.se\/wp-content\/uploads\/sites\/3\/2018\/03\/10-april-2018-SPL-Marin_program-f\u00f6rdjupningsseminarier.pdf\" target=\"_blank\" rel=\"noopener\">Marine<\/a><\/p>\n<p>April 11 morning: <a href=\"http:\/\/www.sme-d.se\/wp-content\/uploads\/sites\/3\/2018\/03\/11-april-2018-SPL_Ledningssystem_program-f\u00f6rdjupningsseminarier-2018.pdf\" target=\"_blank\" rel=\"noopener\">Management system<\/a><\/p>\n<p>April 11 afternoon: <a href=\"http:\/\/www.sme-d.se\/wp-content\/uploads\/sites\/3\/2018\/03\/11-april-2018-SPL_Innovation_FOU_program-f\u00f6rdjupningsseminarier.pdf\" target=\"_blank\" rel=\"noopener\">Innovation, Research and Development<\/a><\/p>\n<p>April 17 morning: <a href=\"http:\/\/www.sme-d.se\/wp-content\/uploads\/sites\/3\/2018\/03\/17-april-2018-SPL_Flyg_program-f\u00f6rdjupningsseminarier.pdf\" target=\"_blank\" rel=\"noopener\">Flight<\/a><\/p>","protected":false},"excerpt":{"rendered":"<p>The seminars, which are held every year, are a continuation of the Defence Companies Days and are organised by SME-D together with SOFF, FMV and the Swedish Armed Forces, and were held at Teknikf\u00f6retagen in Stockholm. More information about the seminar schedule can be found on FMV&#039;s website here. Most of the seminars were fully booked, which shows great interest from both industry and authorities. SME-D&#039;s chairman [\u2026]<\/p>","protected":false},"author":2,"featured_media":57760,"comment_status":"open","ping_status":"open","sticky":false,"template":"","format":"standard","meta":{"footnotes":""},"categories":[1],"tags":[],"class_list":["post-661772","post","type-post","status-publish","format-standard","has-post-thumbnail","hentry","category-okategoriserade"],"acf":[],"yoast_head":"<!-- This site is optimized with the Yoast SEO plugin v27.5 - https:\/\/yoast.com\/product\/yoast-seo-wordpress\/ -->\n<title>F\u00f6rdjupningsseminarier 2018 samlade m\u00e5nga deltagare - SME-D<\/title>\n<meta name=\"robots\" content=\"index, follow, max-snippet:-1, max-image-preview:large, max-video-preview:-1\" \/>\n<link rel=\"canonical\" href=\"https:\/\/sme-d.se\/en\/2018\/04\/fordjupningsseminarier-2018-samlade-manga-deltagare\/\" \/>\n<meta property=\"og:locale\" content=\"en_US\" \/>\n<meta property=\"og:type\" content=\"article\" \/>\n<meta property=\"og:title\" content=\"F\u00f6rdjupningsseminarier 2018 samlade m\u00e5nga deltagare - SME-D\" \/>\n<meta property=\"og:description\" content=\"Seminarierna som genomf\u00f6rs varje \u00e5r, som \u00e4r en forts\u00e4ttning p\u00e5 F\u00f6rsvarsf\u00f6retagsdagarna och d\u00e4r SME-D tillsammans med SOFF, FMV och F\u00f6rsvarsmakten \u00e4r arrang\u00f6rerna, h\u00f6lls p\u00e5 Teknikf\u00f6retagen i Stockholm. Mer information om uppl\u00e4gget av seminarier kan l\u00e4sas p\u00e5 FMV:s hemsida h\u00e4r. Flertalet seminarier var fullbokade, vilket visar p\u00e5 stort intresse b\u00e5de fr\u00e5n industrin och myndigheterna. SME-D:s ordf\u00f6rande [&hellip;]\" \/>\n<meta property=\"og:url\" content=\"https:\/\/sme-d.se\/en\/2018\/04\/fordjupningsseminarier-2018-samlade-manga-deltagare\/\" \/>\n<meta property=\"og:site_name\" content=\"SME-D\" \/>\n<meta property=\"article:published_time\" content=\"2018-04-18T14:43:27+00:00\" \/>\n<meta name=\"author\" content=\"hamid.ershad@tebab.com\" \/>\n<meta name=\"twitter:card\" content=\"summary_large_image\" \/>\n<meta name=\"twitter:label1\" content=\"Written by\" \/>\n\t<meta name=\"twitter:data1\" content=\"hamid.ershad@tebab.com\" \/>\n\t<meta name=\"twitter:label2\" content=\"Est. reading time\" \/>\n\t<meta name=\"twitter:data2\" content=\"1 minute\" \/>\n<script type=\"application\/ld+json\" class=\"yoast-schema-graph\">{\"@context\":\"https:\\\/\\\/schema.org\",\"@graph\":[{\"@type\":\"Article\",\"@id\":\"https:\\\/\\\/sme-d.se\\\/2018\\\/04\\\/fordjupningsseminarier-2018-samlade-manga-deltagare\\\/#article\",\"isPartOf\":{\"@id\":\"https:\\\/\\\/sme-d.se\\\/2018\\\/04\\\/fordjupningsseminarier-2018-samlade-manga-deltagare\\\/\"},\"author\":{\"name\":\"hamid.ershad@tebab.com\",\"@id\":\"https:\\\/\\\/sme-d.se\\\/#\\\/schema\\\/person\\\/643a10f983b385787d2918adf4e60ff8\"},\"headline\":\"F\u00f6rdjupningsseminarier 2018 samlade m\u00e5nga deltagare\",\"datePublished\":\"2018-04-18T14:43:27+00:00\",\"mainEntityOfPage\":{\"@id\":\"https:\\\/\\\/sme-d.se\\\/2018\\\/04\\\/fordjupningsseminarier-2018-samlade-manga-deltagare\\\/\"},\"wordCount\":154,\"commentCount\":0,\"publisher\":{\"@id\":\"https:\\\/\\\/sme-d.se\\\/#organization\"},\"image\":{\"@id\":\"https:\\\/\\\/sme-d.se\\\/2018\\\/04\\\/fordjupningsseminarier-2018-samlade-manga-deltagare\\\/#primaryimage\"},\"thumbnailUrl\":\"\",\"articleSection\":[\"Okategoriserade\"],\"inLanguage\":\"en-US\",\"potentialAction\":[{\"@type\":\"CommentAction\",\"name\":\"Comment\",\"target\":[\"https:\\\/\\\/sme-d.se\\\/2018\\\/04\\\/fordjupningsseminarier-2018-samlade-manga-deltagare\\\/#respond\"]}]},{\"@type\":\"WebPage\",\"@id\":\"https:\\\/\\\/sme-d.se\\\/2018\\\/04\\\/fordjupningsseminarier-2018-samlade-manga-deltagare\\\/\",\"url\":\"https:\\\/\\\/sme-d.se\\\/2018\\\/04\\\/fordjupningsseminarier-2018-samlade-manga-deltagare\\\/\",\"name\":\"F\u00f6rdjupningsseminarier 2018 samlade m\u00e5nga deltagare - SME-D\",\"isPartOf\":{\"@id\":\"https:\\\/\\\/sme-d.se\\\/#website\"},\"primaryImageOfPage\":{\"@id\":\"https:\\\/\\\/sme-d.se\\\/2018\\\/04\\\/fordjupningsseminarier-2018-samlade-manga-deltagare\\\/#primaryimage\"},\"image\":{\"@id\":\"https:\\\/\\\/sme-d.se\\\/2018\\\/04\\\/fordjupningsseminarier-2018-samlade-manga-deltagare\\\/#primaryimage\"},\"thumbnailUrl\":\"\",\"datePublished\":\"2018-04-18T14:43:27+00:00\",\"breadcrumb\":{\"@id\":\"https:\\\/\\\/sme-d.se\\\/2018\\\/04\\\/fordjupningsseminarier-2018-samlade-manga-deltagare\\\/#breadcrumb\"},\"inLanguage\":\"en-US\",\"potentialAction\":[{\"@type\":\"ReadAction\",\"target\":[\"https:\\\/\\\/sme-d.se\\\/2018\\\/04\\\/fordjupningsseminarier-2018-samlade-manga-deltagare\\\/\"]}]},{\"@type\":\"ImageObject\",\"inLanguage\":\"en-US\",\"@id\":\"https:\\\/\\\/sme-d.se\\\/2018\\\/04\\\/fordjupningsseminarier-2018-samlade-manga-deltagare\\\/#primaryimage\",\"url\":\"\",\"contentUrl\":\"\"},{\"@type\":\"BreadcrumbList\",\"@id\":\"https:\\\/\\\/sme-d.se\\\/2018\\\/04\\\/fordjupningsseminarier-2018-samlade-manga-deltagare\\\/#breadcrumb\",\"itemListElement\":[{\"@type\":\"ListItem\",\"position\":1,\"name\":\"Home\",\"item\":\"https:\\\/\\\/sme-d.se\\\/\"},{\"@type\":\"ListItem\",\"position\":2,\"name\":\"F\u00f6rdjupningsseminarier 2018 samlade m\u00e5nga deltagare\"}]},{\"@type\":\"WebSite\",\"@id\":\"https:\\\/\\\/sme-d.se\\\/#website\",\"url\":\"https:\\\/\\\/sme-d.se\\\/\",\"name\":\"SME-D\",\"description\":\"Branschorganisationen f\u00f6r sm\u00e5 och medelstora f\u00f6retag (SME) inom svensk f\u00f6rsvarssektor\",\"publisher\":{\"@id\":\"https:\\\/\\\/sme-d.se\\\/#organization\"},\"potentialAction\":[{\"@type\":\"SearchAction\",\"target\":{\"@type\":\"EntryPoint\",\"urlTemplate\":\"https:\\\/\\\/sme-d.se\\\/?s={search_term_string}\"},\"query-input\":{\"@type\":\"PropertyValueSpecification\",\"valueRequired\":true,\"valueName\":\"search_term_string\"}}],\"inLanguage\":\"en-US\"},{\"@type\":\"Organization\",\"@id\":\"https:\\\/\\\/sme-d.se\\\/#organization\",\"name\":\"SME-D\",\"url\":\"https:\\\/\\\/sme-d.se\\\/\",\"logo\":{\"@type\":\"ImageObject\",\"inLanguage\":\"en-US\",\"@id\":\"https:\\\/\\\/sme-d.se\\\/#\\\/schema\\\/logo\\\/image\\\/\",\"url\":\"https:\\\/\\\/sme-d.se\\\/wp-content\\\/uploads\\\/2023\\\/12\\\/SME-logga-ny2-1.png\",\"contentUrl\":\"https:\\\/\\\/sme-d.se\\\/wp-content\\\/uploads\\\/2023\\\/12\\\/SME-logga-ny2-1.png\",\"width\":200,\"height\":58,\"caption\":\"SME-D\"},\"image\":{\"@id\":\"https:\\\/\\\/sme-d.se\\\/#\\\/schema\\\/logo\\\/image\\\/\"}},{\"@type\":\"Person\",\"@id\":\"https:\\\/\\\/sme-d.se\\\/#\\\/schema\\\/person\\\/643a10f983b385787d2918adf4e60ff8\",\"name\":\"hamid.ershad@tebab.com\",\"image\":{\"@type\":\"ImageObject\",\"inLanguage\":\"en-US\",\"@id\":\"https:\\\/\\\/secure.gravatar.com\\\/avatar\\\/a6b278cd0d3c3106f8f9591855817f81ee2cdcabe13d18be42aa40d1e8c57082?s=96&d=mm&r=g\",\"url\":\"https:\\\/\\\/secure.gravatar.com\\\/avatar\\\/a6b278cd0d3c3106f8f9591855817f81ee2cdcabe13d18be42aa40d1e8c57082?s=96&d=mm&r=g\",\"contentUrl\":\"https:\\\/\\\/secure.gravatar.com\\\/avatar\\\/a6b278cd0d3c3106f8f9591855817f81ee2cdcabe13d18be42aa40d1e8c57082?s=96&d=mm&r=g\",\"caption\":\"hamid.ershad@tebab.com\"},\"url\":\"https:\\\/\\\/sme-d.se\\\/en\\\/author\\\/hamid-ershadtebab-com\\\/\"}]}<\/script>\n<!-- \/ Yoast SEO plugin. -->","yoast_head_json":{"title":"In-depth seminars in 2018 gathered many participants - SME-D","robots":{"index":"index","follow":"follow","max-snippet":"max-snippet:-1","max-image-preview":"max-image-preview:large","max-video-preview":"max-video-preview:-1"},"canonical":"https:\/\/sme-d.se\/en\/2018\/04\/fordjupningsseminarier-2018-samlade-manga-deltagare\/","og_locale":"en_US","og_type":"article","og_title":"F\u00f6rdjupningsseminarier 2018 samlade m\u00e5nga deltagare - SME-D","og_description":"Seminarierna som genomf\u00f6rs varje \u00e5r, som \u00e4r en forts\u00e4ttning p\u00e5 F\u00f6rsvarsf\u00f6retagsdagarna och d\u00e4r SME-D tillsammans med SOFF, FMV och F\u00f6rsvarsmakten \u00e4r arrang\u00f6rerna, h\u00f6lls p\u00e5 Teknikf\u00f6retagen i Stockholm. Mer information om uppl\u00e4gget av seminarier kan l\u00e4sas p\u00e5 FMV:s hemsida h\u00e4r. Flertalet seminarier var fullbokade, vilket visar p\u00e5 stort intresse b\u00e5de fr\u00e5n industrin och myndigheterna. SME-D:s ordf\u00f6rande [&hellip;]","og_url":"https:\/\/sme-d.se\/en\/2018\/04\/fordjupningsseminarier-2018-samlade-manga-deltagare\/","og_site_name":"SME-D","article_published_time":"2018-04-18T14:43:27+00:00","author":"hamid.ershad@tebab.com","twitter_card":"summary_large_image","twitter_misc":{"Written by":"hamid.ershad@tebab.com","Est. reading time":"1 minute"},"schema":{"@context":"https:\/\/schema.org","@graph":[{"@type":"Article","@id":"https:\/\/sme-d.se\/2018\/04\/fordjupningsseminarier-2018-samlade-manga-deltagare\/#article","isPartOf":{"@id":"https:\/\/sme-d.se\/2018\/04\/fordjupningsseminarier-2018-samlade-manga-deltagare\/"},"author":{"name":"hamid.ershad@tebab.com","@id":"https:\/\/sme-d.se\/#\/schema\/person\/643a10f983b385787d2918adf4e60ff8"},"headline":"F\u00f6rdjupningsseminarier 2018 samlade m\u00e5nga deltagare","datePublished":"2018-04-18T14:43:27+00:00","mainEntityOfPage":{"@id":"https:\/\/sme-d.se\/2018\/04\/fordjupningsseminarier-2018-samlade-manga-deltagare\/"},"wordCount":154,"commentCount":0,"publisher":{"@id":"https:\/\/sme-d.se\/#organization"},"image":{"@id":"https:\/\/sme-d.se\/2018\/04\/fordjupningsseminarier-2018-samlade-manga-deltagare\/#primaryimage"},"thumbnailUrl":"","articleSection":["Okategoriserade"],"inLanguage":"en-US","potentialAction":[{"@type":"CommentAction","name":"Comment","target":["https:\/\/sme-d.se\/2018\/04\/fordjupningsseminarier-2018-samlade-manga-deltagare\/#respond"]}]},{"@type":"WebPage","@id":"https:\/\/sme-d.se\/2018\/04\/fordjupningsseminarier-2018-samlade-manga-deltagare\/","url":"https:\/\/sme-d.se\/2018\/04\/fordjupningsseminarier-2018-samlade-manga-deltagare\/","name":"In-depth seminars in 2018 gathered many participants - SME-D","isPartOf":{"@id":"https:\/\/sme-d.se\/#website"},"primaryImageOfPage":{"@id":"https:\/\/sme-d.se\/2018\/04\/fordjupningsseminarier-2018-samlade-manga-deltagare\/#primaryimage"},"image":{"@id":"https:\/\/sme-d.se\/2018\/04\/fordjupningsseminarier-2018-samlade-manga-deltagare\/#primaryimage"},"thumbnailUrl":"","datePublished":"2018-04-18T14:43:27+00:00","breadcrumb":{"@id":"https:\/\/sme-d.se\/2018\/04\/fordjupningsseminarier-2018-samlade-manga-deltagare\/#breadcrumb"},"inLanguage":"en-US","potentialAction":[{"@type":"ReadAction","target":["https:\/\/sme-d.se\/2018\/04\/fordjupningsseminarier-2018-samlade-manga-deltagare\/"]}]},{"@type":"ImageObject","inLanguage":"en-US","@id":"https:\/\/sme-d.se\/2018\/04\/fordjupningsseminarier-2018-samlade-manga-deltagare\/#primaryimage","url":"","contentUrl":""},{"@type":"BreadcrumbList","@id":"https:\/\/sme-d.se\/2018\/04\/fordjupningsseminarier-2018-samlade-manga-deltagare\/#breadcrumb","itemListElement":[{"@type":"ListItem","position":1,"name":"Home","item":"https:\/\/sme-d.se\/"},{"@type":"ListItem","position":2,"name":"F\u00f6rdjupningsseminarier 2018 samlade m\u00e5nga deltagare"}]},{"@type":"WebSite","@id":"https:\/\/sme-d.se\/#website","url":"https:\/\/sme-d.se\/","name":"SMITH","description":"The industry association for small and medium-sized enterprises (SMEs) in the Swedish defense sector","publisher":{"@id":"https:\/\/sme-d.se\/#organization"},"potentialAction":[{"@type":"SearchAction","target":{"@type":"EntryPoint","urlTemplate":"https:\/\/sme-d.se\/?s={search_term_string}"},"query-input":{"@type":"PropertyValueSpecification","valueRequired":true,"valueName":"search_term_string"}}],"inLanguage":"en-US"},{"@type":"Organization","@id":"https:\/\/sme-d.se\/#organization","name":"SMITH","url":"https:\/\/sme-d.se\/","logo":{"@type":"ImageObject","inLanguage":"en-US","@id":"https:\/\/sme-d.se\/#\/schema\/logo\/image\/","url":"https:\/\/sme-d.se\/wp-content\/uploads\/2023\/12\/SME-logga-ny2-1.png","contentUrl":"https:\/\/sme-d.se\/wp-content\/uploads\/2023\/12\/SME-logga-ny2-1.png","width":200,"height":58,"caption":"SME-D"},"image":{"@id":"https:\/\/sme-d.se\/#\/schema\/logo\/image\/"}},{"@type":"Person","@id":"https:\/\/sme-d.se\/#\/schema\/person\/643a10f983b385787d2918adf4e60ff8","name":"hamid.ershad@tebab.com","image":{"@type":"ImageObject","inLanguage":"en-US","@id":"https:\/\/secure.gravatar.com\/avatar\/a6b278cd0d3c3106f8f9591855817f81ee2cdcabe13d18be42aa40d1e8c57082?s=96&d=mm&r=g","url":"https:\/\/secure.gravatar.com\/avatar\/a6b278cd0d3c3106f8f9591855817f81ee2cdcabe13d18be42aa40d1e8c57082?s=96&d=mm&r=g","contentUrl":"https:\/\/secure.gravatar.com\/avatar\/a6b278cd0d3c3106f8f9591855817f81ee2cdcabe13d18be42aa40d1e8c57082?s=96&d=mm&r=g","caption":"hamid.ershad@tebab.com"},"url":"https:\/\/sme-d.se\/en\/author\/hamid-ershadtebab-com\/"}]}},"_links":{"self":[{"href":"https:\/\/sme-d.se\/en\/wp-json\/wp\/v2\/posts\/661772","targetHints":{"allow":["GET"]}}],"collection":[{"href":"https:\/\/sme-d.se\/en\/wp-json\/wp\/v2\/posts"}],"about":[{"href":"https:\/\/sme-d.se\/en\/wp-json\/wp\/v2\/types\/post"}],"author":[{"embeddable":true,"href":"https:\/\/sme-d.se\/en\/wp-json\/wp\/v2\/users\/2"}],"replies":[{"embeddable":true,"href":"https:\/\/sme-d.se\/en\/wp-json\/wp\/v2\/comments?post=661772"}],"version-history":[{"count":0,"href":"https:\/\/sme-d.se\/en\/wp-json\/wp\/v2\/posts\/661772\/revisions"}],"wp:featuredmedia":[{"embeddable":true,"href":"https:\/\/sme-d.se\/en\/wp-json\/"}],"wp:attachment":[{"href":"https:\/\/sme-d.se\/en\/wp-json\/wp\/v2\/media?parent=661772"}],"wp:term":[{"taxonomy":"category","embeddable":true,"href":"https:\/\/sme-d.se\/en\/wp-json\/wp\/v2\/categories?post=661772"},{"taxonomy":"post_tag","embeddable":true,"href":"https:\/\/sme-d.se\/en\/wp-json\/wp\/v2\/tags?post=661772"}],"curies":[{"name":"wp","href":"https:\/\/api.w.org\/{rel}","templated":true}]}}