{"id":661567,"date":"2017-11-06T14:35:48","date_gmt":"2017-11-06T13:35:48","guid":{"rendered":"http:\/\/www.sme-d.se\/?p=661567"},"modified":"2017-11-06T14:35:48","modified_gmt":"2017-11-06T13:35:48","slug":"branschdag-om-tekniska-konsulter","status":"publish","type":"post","link":"https:\/\/sme-d.se\/en\/2017\/11\/branschdag-om-tekniska-konsulter\/","title":{"rendered":"Industry Day about Technical Consultants"},"content":{"rendered":"<p>On Tuesday, November 7, 2017, nearly 100 stakeholders with an interest in how technical consultants contribute to strengthening defense capabilities will gather. We will discuss roles, forms and agreements.<\/p>\n<p>FMV is conducting a <strong>Industry Day \u2013 Technical Consultants<\/strong> together with SOFF and SME-D.<\/p>\n<p>&nbsp;<\/p>\n<p>Read more in SME-D&#039;s <a href=\"https:\/\/sme-d.se\/en\/event\/branschdag-tekniska-konsulter\/\" target=\"_blank\" rel=\"noopener\">calendar<\/a>.<\/p>","protected":false},"excerpt":{"rendered":"<p>On Tuesday, November 7, 2017, nearly 100 stakeholders with an interest in how technical consultants contribute to strengthening defense capabilities will gather. We will discuss roles, forms and agreements. FMV is holding an Industry Day \u2013 technical consultants together with SOFF and SME-D. Read more in SME-D&#039;s calendar.<\/p>","protected":false},"author":2,"featured_media":334735,"comment_status":"open","ping_status":"open","sticky":false,"template":"","format":"standard","meta":{"footnotes":""},"categories":[1],"tags":[],"class_list":["post-661567","post","type-post","status-publish","format-standard","has-post-thumbnail","hentry","category-okategoriserade"],"acf":[],"yoast_head":"<!-- This site is optimized with the Yoast SEO plugin v27.5 - https:\/\/yoast.com\/product\/yoast-seo-wordpress\/ -->\n<title>Branschdag om Tekniska konsulter - SME-D<\/title>\n<meta name=\"robots\" content=\"index, follow, max-snippet:-1, max-image-preview:large, max-video-preview:-1\" \/>\n<link rel=\"canonical\" href=\"https:\/\/sme-d.se\/en\/2017\/11\/branschdag-om-tekniska-konsulter\/\" \/>\n<meta property=\"og:locale\" content=\"en_US\" \/>\n<meta property=\"og:type\" content=\"article\" \/>\n<meta property=\"og:title\" content=\"Branschdag om Tekniska konsulter - SME-D\" \/>\n<meta property=\"og:description\" content=\"P\u00e5 tisdag den 7 november 2017 samlas n\u00e4rmare 100 akt\u00f6rer med intresse f\u00f6r hur\u00a0tekniska konsulter bidrar till att st\u00e4rka f\u00f6rsvarets f\u00f6rm\u00e5ga. Vi diskuterar roller, former och avtal. FMV genomf\u00f6r en Branschdag \u2013 tekniska konsulter tillsammans med SOFF och SME-D. &nbsp; L\u00e4s mer i SME-D:s kalendarium.\" \/>\n<meta property=\"og:url\" content=\"https:\/\/sme-d.se\/en\/2017\/11\/branschdag-om-tekniska-konsulter\/\" \/>\n<meta property=\"og:site_name\" content=\"SME-D\" \/>\n<meta property=\"article:published_time\" content=\"2017-11-06T13:35:48+00:00\" \/>\n<meta name=\"author\" content=\"hamid.ershad@tebab.com\" \/>\n<meta name=\"twitter:card\" content=\"summary_large_image\" \/>\n<meta name=\"twitter:label1\" content=\"Written by\" \/>\n\t<meta name=\"twitter:data1\" content=\"hamid.ershad@tebab.com\" \/>\n<script type=\"application\/ld+json\" class=\"yoast-schema-graph\">{\"@context\":\"https:\\\/\\\/schema.org\",\"@graph\":[{\"@type\":\"Article\",\"@id\":\"https:\\\/\\\/sme-d.se\\\/2017\\\/11\\\/branschdag-om-tekniska-konsulter\\\/#article\",\"isPartOf\":{\"@id\":\"https:\\\/\\\/sme-d.se\\\/2017\\\/11\\\/branschdag-om-tekniska-konsulter\\\/\"},\"author\":{\"name\":\"hamid.ershad@tebab.com\",\"@id\":\"https:\\\/\\\/sme-d.se\\\/#\\\/schema\\\/person\\\/643a10f983b385787d2918adf4e60ff8\"},\"headline\":\"Branschdag om Tekniska konsulter\",\"datePublished\":\"2017-11-06T13:35:48+00:00\",\"mainEntityOfPage\":{\"@id\":\"https:\\\/\\\/sme-d.se\\\/2017\\\/11\\\/branschdag-om-tekniska-konsulter\\\/\"},\"wordCount\":56,\"commentCount\":0,\"publisher\":{\"@id\":\"https:\\\/\\\/sme-d.se\\\/#organization\"},\"image\":{\"@id\":\"https:\\\/\\\/sme-d.se\\\/2017\\\/11\\\/branschdag-om-tekniska-konsulter\\\/#primaryimage\"},\"thumbnailUrl\":\"\",\"articleSection\":[\"Okategoriserade\"],\"inLanguage\":\"en-US\",\"potentialAction\":[{\"@type\":\"CommentAction\",\"name\":\"Comment\",\"target\":[\"https:\\\/\\\/sme-d.se\\\/2017\\\/11\\\/branschdag-om-tekniska-konsulter\\\/#respond\"]}]},{\"@type\":\"WebPage\",\"@id\":\"https:\\\/\\\/sme-d.se\\\/2017\\\/11\\\/branschdag-om-tekniska-konsulter\\\/\",\"url\":\"https:\\\/\\\/sme-d.se\\\/2017\\\/11\\\/branschdag-om-tekniska-konsulter\\\/\",\"name\":\"Branschdag om Tekniska konsulter - SME-D\",\"isPartOf\":{\"@id\":\"https:\\\/\\\/sme-d.se\\\/#website\"},\"primaryImageOfPage\":{\"@id\":\"https:\\\/\\\/sme-d.se\\\/2017\\\/11\\\/branschdag-om-tekniska-konsulter\\\/#primaryimage\"},\"image\":{\"@id\":\"https:\\\/\\\/sme-d.se\\\/2017\\\/11\\\/branschdag-om-tekniska-konsulter\\\/#primaryimage\"},\"thumbnailUrl\":\"\",\"datePublished\":\"2017-11-06T13:35:48+00:00\",\"breadcrumb\":{\"@id\":\"https:\\\/\\\/sme-d.se\\\/2017\\\/11\\\/branschdag-om-tekniska-konsulter\\\/#breadcrumb\"},\"inLanguage\":\"en-US\",\"potentialAction\":[{\"@type\":\"ReadAction\",\"target\":[\"https:\\\/\\\/sme-d.se\\\/2017\\\/11\\\/branschdag-om-tekniska-konsulter\\\/\"]}]},{\"@type\":\"ImageObject\",\"inLanguage\":\"en-US\",\"@id\":\"https:\\\/\\\/sme-d.se\\\/2017\\\/11\\\/branschdag-om-tekniska-konsulter\\\/#primaryimage\",\"url\":\"\",\"contentUrl\":\"\"},{\"@type\":\"BreadcrumbList\",\"@id\":\"https:\\\/\\\/sme-d.se\\\/2017\\\/11\\\/branschdag-om-tekniska-konsulter\\\/#breadcrumb\",\"itemListElement\":[{\"@type\":\"ListItem\",\"position\":1,\"name\":\"Home\",\"item\":\"https:\\\/\\\/sme-d.se\\\/\"},{\"@type\":\"ListItem\",\"position\":2,\"name\":\"Branschdag om Tekniska konsulter\"}]},{\"@type\":\"WebSite\",\"@id\":\"https:\\\/\\\/sme-d.se\\\/#website\",\"url\":\"https:\\\/\\\/sme-d.se\\\/\",\"name\":\"SME-D\",\"description\":\"Branschorganisationen f\u00f6r sm\u00e5 och medelstora f\u00f6retag (SME) inom svensk f\u00f6rsvarssektor\",\"publisher\":{\"@id\":\"https:\\\/\\\/sme-d.se\\\/#organization\"},\"potentialAction\":[{\"@type\":\"SearchAction\",\"target\":{\"@type\":\"EntryPoint\",\"urlTemplate\":\"https:\\\/\\\/sme-d.se\\\/?s={search_term_string}\"},\"query-input\":{\"@type\":\"PropertyValueSpecification\",\"valueRequired\":true,\"valueName\":\"search_term_string\"}}],\"inLanguage\":\"en-US\"},{\"@type\":\"Organization\",\"@id\":\"https:\\\/\\\/sme-d.se\\\/#organization\",\"name\":\"SME-D\",\"url\":\"https:\\\/\\\/sme-d.se\\\/\",\"logo\":{\"@type\":\"ImageObject\",\"inLanguage\":\"en-US\",\"@id\":\"https:\\\/\\\/sme-d.se\\\/#\\\/schema\\\/logo\\\/image\\\/\",\"url\":\"https:\\\/\\\/sme-d.se\\\/wp-content\\\/uploads\\\/2023\\\/12\\\/SME-logga-ny2-1.png\",\"contentUrl\":\"https:\\\/\\\/sme-d.se\\\/wp-content\\\/uploads\\\/2023\\\/12\\\/SME-logga-ny2-1.png\",\"width\":200,\"height\":58,\"caption\":\"SME-D\"},\"image\":{\"@id\":\"https:\\\/\\\/sme-d.se\\\/#\\\/schema\\\/logo\\\/image\\\/\"}},{\"@type\":\"Person\",\"@id\":\"https:\\\/\\\/sme-d.se\\\/#\\\/schema\\\/person\\\/643a10f983b385787d2918adf4e60ff8\",\"name\":\"hamid.ershad@tebab.com\",\"image\":{\"@type\":\"ImageObject\",\"inLanguage\":\"en-US\",\"@id\":\"https:\\\/\\\/secure.gravatar.com\\\/avatar\\\/a6b278cd0d3c3106f8f9591855817f81ee2cdcabe13d18be42aa40d1e8c57082?s=96&d=mm&r=g\",\"url\":\"https:\\\/\\\/secure.gravatar.com\\\/avatar\\\/a6b278cd0d3c3106f8f9591855817f81ee2cdcabe13d18be42aa40d1e8c57082?s=96&d=mm&r=g\",\"contentUrl\":\"https:\\\/\\\/secure.gravatar.com\\\/avatar\\\/a6b278cd0d3c3106f8f9591855817f81ee2cdcabe13d18be42aa40d1e8c57082?s=96&d=mm&r=g\",\"caption\":\"hamid.ershad@tebab.com\"},\"url\":\"https:\\\/\\\/sme-d.se\\\/en\\\/author\\\/hamid-ershadtebab-com\\\/\"}]}<\/script>\n<!-- \/ Yoast SEO plugin. -->","yoast_head_json":{"title":"Industry Day on Technical Consultants - SME-D","robots":{"index":"index","follow":"follow","max-snippet":"max-snippet:-1","max-image-preview":"max-image-preview:large","max-video-preview":"max-video-preview:-1"},"canonical":"https:\/\/sme-d.se\/en\/2017\/11\/branschdag-om-tekniska-konsulter\/","og_locale":"en_US","og_type":"article","og_title":"Branschdag om Tekniska konsulter - SME-D","og_description":"P\u00e5 tisdag den 7 november 2017 samlas n\u00e4rmare 100 akt\u00f6rer med intresse f\u00f6r hur\u00a0tekniska konsulter bidrar till att st\u00e4rka f\u00f6rsvarets f\u00f6rm\u00e5ga. Vi diskuterar roller, former och avtal. FMV genomf\u00f6r en Branschdag \u2013 tekniska konsulter tillsammans med SOFF och SME-D. &nbsp; L\u00e4s mer i SME-D:s kalendarium.","og_url":"https:\/\/sme-d.se\/en\/2017\/11\/branschdag-om-tekniska-konsulter\/","og_site_name":"SME-D","article_published_time":"2017-11-06T13:35:48+00:00","author":"hamid.ershad@tebab.com","twitter_card":"summary_large_image","twitter_misc":{"Written by":"hamid.ershad@tebab.com"},"schema":{"@context":"https:\/\/schema.org","@graph":[{"@type":"Article","@id":"https:\/\/sme-d.se\/2017\/11\/branschdag-om-tekniska-konsulter\/#article","isPartOf":{"@id":"https:\/\/sme-d.se\/2017\/11\/branschdag-om-tekniska-konsulter\/"},"author":{"name":"hamid.ershad@tebab.com","@id":"https:\/\/sme-d.se\/#\/schema\/person\/643a10f983b385787d2918adf4e60ff8"},"headline":"Branschdag om Tekniska konsulter","datePublished":"2017-11-06T13:35:48+00:00","mainEntityOfPage":{"@id":"https:\/\/sme-d.se\/2017\/11\/branschdag-om-tekniska-konsulter\/"},"wordCount":56,"commentCount":0,"publisher":{"@id":"https:\/\/sme-d.se\/#organization"},"image":{"@id":"https:\/\/sme-d.se\/2017\/11\/branschdag-om-tekniska-konsulter\/#primaryimage"},"thumbnailUrl":"","articleSection":["Okategoriserade"],"inLanguage":"en-US","potentialAction":[{"@type":"CommentAction","name":"Comment","target":["https:\/\/sme-d.se\/2017\/11\/branschdag-om-tekniska-konsulter\/#respond"]}]},{"@type":"WebPage","@id":"https:\/\/sme-d.se\/2017\/11\/branschdag-om-tekniska-konsulter\/","url":"https:\/\/sme-d.se\/2017\/11\/branschdag-om-tekniska-konsulter\/","name":"Industry Day on Technical Consultants - SME-D","isPartOf":{"@id":"https:\/\/sme-d.se\/#website"},"primaryImageOfPage":{"@id":"https:\/\/sme-d.se\/2017\/11\/branschdag-om-tekniska-konsulter\/#primaryimage"},"image":{"@id":"https:\/\/sme-d.se\/2017\/11\/branschdag-om-tekniska-konsulter\/#primaryimage"},"thumbnailUrl":"","datePublished":"2017-11-06T13:35:48+00:00","breadcrumb":{"@id":"https:\/\/sme-d.se\/2017\/11\/branschdag-om-tekniska-konsulter\/#breadcrumb"},"inLanguage":"en-US","potentialAction":[{"@type":"ReadAction","target":["https:\/\/sme-d.se\/2017\/11\/branschdag-om-tekniska-konsulter\/"]}]},{"@type":"ImageObject","inLanguage":"en-US","@id":"https:\/\/sme-d.se\/2017\/11\/branschdag-om-tekniska-konsulter\/#primaryimage","url":"","contentUrl":""},{"@type":"BreadcrumbList","@id":"https:\/\/sme-d.se\/2017\/11\/branschdag-om-tekniska-konsulter\/#breadcrumb","itemListElement":[{"@type":"ListItem","position":1,"name":"Home","item":"https:\/\/sme-d.se\/"},{"@type":"ListItem","position":2,"name":"Branschdag om Tekniska konsulter"}]},{"@type":"WebSite","@id":"https:\/\/sme-d.se\/#website","url":"https:\/\/sme-d.se\/","name":"SMITH","description":"The industry association for small and medium-sized enterprises (SMEs) in the Swedish defense sector","publisher":{"@id":"https:\/\/sme-d.se\/#organization"},"potentialAction":[{"@type":"SearchAction","target":{"@type":"EntryPoint","urlTemplate":"https:\/\/sme-d.se\/?s={search_term_string}"},"query-input":{"@type":"PropertyValueSpecification","valueRequired":true,"valueName":"search_term_string"}}],"inLanguage":"en-US"},{"@type":"Organization","@id":"https:\/\/sme-d.se\/#organization","name":"SMITH","url":"https:\/\/sme-d.se\/","logo":{"@type":"ImageObject","inLanguage":"en-US","@id":"https:\/\/sme-d.se\/#\/schema\/logo\/image\/","url":"https:\/\/sme-d.se\/wp-content\/uploads\/2023\/12\/SME-logga-ny2-1.png","contentUrl":"https:\/\/sme-d.se\/wp-content\/uploads\/2023\/12\/SME-logga-ny2-1.png","width":200,"height":58,"caption":"SME-D"},"image":{"@id":"https:\/\/sme-d.se\/#\/schema\/logo\/image\/"}},{"@type":"Person","@id":"https:\/\/sme-d.se\/#\/schema\/person\/643a10f983b385787d2918adf4e60ff8","name":"hamid.ershad@tebab.com","image":{"@type":"ImageObject","inLanguage":"en-US","@id":"https:\/\/secure.gravatar.com\/avatar\/a6b278cd0d3c3106f8f9591855817f81ee2cdcabe13d18be42aa40d1e8c57082?s=96&d=mm&r=g","url":"https:\/\/secure.gravatar.com\/avatar\/a6b278cd0d3c3106f8f9591855817f81ee2cdcabe13d18be42aa40d1e8c57082?s=96&d=mm&r=g","contentUrl":"https:\/\/secure.gravatar.com\/avatar\/a6b278cd0d3c3106f8f9591855817f81ee2cdcabe13d18be42aa40d1e8c57082?s=96&d=mm&r=g","caption":"hamid.ershad@tebab.com"},"url":"https:\/\/sme-d.se\/en\/author\/hamid-ershadtebab-com\/"}]}},"_links":{"self":[{"href":"https:\/\/sme-d.se\/en\/wp-json\/wp\/v2\/posts\/661567","targetHints":{"allow":["GET"]}}],"collection":[{"href":"https:\/\/sme-d.se\/en\/wp-json\/wp\/v2\/posts"}],"about":[{"href":"https:\/\/sme-d.se\/en\/wp-json\/wp\/v2\/types\/post"}],"author":[{"embeddable":true,"href":"https:\/\/sme-d.se\/en\/wp-json\/wp\/v2\/users\/2"}],"replies":[{"embeddable":true,"href":"https:\/\/sme-d.se\/en\/wp-json\/wp\/v2\/comments?post=661567"}],"version-history":[{"count":0,"href":"https:\/\/sme-d.se\/en\/wp-json\/wp\/v2\/posts\/661567\/revisions"}],"wp:featuredmedia":[{"embeddable":true,"href":"https:\/\/sme-d.se\/en\/wp-json\/"}],"wp:attachment":[{"href":"https:\/\/sme-d.se\/en\/wp-json\/wp\/v2\/media?parent=661567"}],"wp:term":[{"taxonomy":"category","embeddable":true,"href":"https:\/\/sme-d.se\/en\/wp-json\/wp\/v2\/categories?post=661567"},{"taxonomy":"post_tag","embeddable":true,"href":"https:\/\/sme-d.se\/en\/wp-json\/wp\/v2\/tags?post=661567"}],"curies":[{"name":"wp","href":"https:\/\/api.w.org\/{rel}","templated":true}]}}