{"id":506198,"date":"2017-05-15T16:37:25","date_gmt":"2017-05-15T14:37:25","guid":{"rendered":"http:\/\/www.sme-d.se\/?p=506198"},"modified":"2017-05-15T16:37:25","modified_gmt":"2017-05-15T14:37:25","slug":"pressmeddelande-regeringen-hojer-ambitionen-arbetet-med-att-starka-totalforsvaret","status":"publish","type":"post","link":"https:\/\/sme-d.se\/en\/2017\/05\/pressmeddelande-regeringen-hojer-ambitionen-arbetet-med-att-starka-totalforsvaret\/","title":{"rendered":"Press release: The government raises its ambition in the work to strengthen total defense"},"content":{"rendered":"<p>The government decided on 11 May 2017 to instruct the Swedish Armed Forces and the Swedish Civil Contingencies Agency (MSB) to further promote and develop coherent planning for total defence. The decision means that the government is raising its ambitions when it comes to the agencies&#039; work on war deployment and planning and collaboration on total defence issues.<\/p>\n<p>Read the full press release <a href=\"http:\/\/www.regeringen.se\/pressmeddelanden\/2017\/05\/regeringen-hojer-ambitionen-i-arbetet-med-att-starka-totalforsvaret\/\" target=\"_blank\" rel=\"noopener noreferrer\">here<\/a>.<\/p>","protected":false},"excerpt":{"rendered":"<p>The Government decided on 11 May 2017 to instruct the Swedish Armed Forces and the Swedish Civil Contingencies Agency (MSB) to further promote and develop coherent planning for total defence. The decision means that the Government is raising its ambitions when it comes to the authorities&#039; work on war deployment and planning and collaboration on total defence issues. Read the full press release here.<\/p>","protected":false},"author":2,"featured_media":506199,"comment_status":"open","ping_status":"open","sticky":false,"template":"","format":"standard","meta":{"footnotes":""},"categories":[1],"tags":[],"class_list":["post-506198","post","type-post","status-publish","format-standard","has-post-thumbnail","hentry","category-okategoriserade"],"acf":[],"yoast_head":"<!-- This site is optimized with the Yoast SEO plugin v27.5 - https:\/\/yoast.com\/product\/yoast-seo-wordpress\/ -->\n<title>Pressmeddelande: Regeringen h\u00f6jer ambitionen i arbetet med att st\u00e4rka totalf\u00f6rsvaret - SME-D<\/title>\n<meta name=\"robots\" content=\"index, follow, max-snippet:-1, max-image-preview:large, max-video-preview:-1\" \/>\n<link rel=\"canonical\" href=\"https:\/\/sme-d.se\/en\/2017\/05\/pressmeddelande-regeringen-hojer-ambitionen-arbetet-med-att-starka-totalforsvaret\/\" \/>\n<meta property=\"og:locale\" content=\"en_US\" \/>\n<meta property=\"og:type\" content=\"article\" \/>\n<meta property=\"og:title\" content=\"Pressmeddelande: Regeringen h\u00f6jer ambitionen i arbetet med att st\u00e4rka totalf\u00f6rsvaret - SME-D\" \/>\n<meta property=\"og:description\" content=\"Regeringen beslutade den 11 maj 2017 om att uppdra \u00e5t F\u00f6rsvarsmakten och Myndigheten f\u00f6r samh\u00e4llsskydd och beredskap (MSB) att ytterligare fr\u00e4mja och utveckla en sammanh\u00e4ngande planering f\u00f6r totalf\u00f6rsvaret. Beslutet inneb\u00e4r att regeringen h\u00f6jer ambitionerna n\u00e4r det kommer till myndigheternas arbete med krigsplacering och med planering och samverkan i totalf\u00f6rsvarsfr\u00e5gor. L\u00e4s hela pressmeddelandet h\u00e4r.\" \/>\n<meta property=\"og:url\" content=\"https:\/\/sme-d.se\/en\/2017\/05\/pressmeddelande-regeringen-hojer-ambitionen-arbetet-med-att-starka-totalforsvaret\/\" \/>\n<meta property=\"og:site_name\" content=\"SME-D\" \/>\n<meta property=\"article:published_time\" content=\"2017-05-15T14:37:25+00:00\" \/>\n<meta name=\"author\" content=\"hamid.ershad@tebab.com\" \/>\n<meta name=\"twitter:card\" content=\"summary_large_image\" \/>\n<meta name=\"twitter:label1\" content=\"Written by\" \/>\n\t<meta name=\"twitter:data1\" content=\"hamid.ershad@tebab.com\" \/>\n<script type=\"application\/ld+json\" class=\"yoast-schema-graph\">{\"@context\":\"https:\\\/\\\/schema.org\",\"@graph\":[{\"@type\":\"Article\",\"@id\":\"https:\\\/\\\/sme-d.se\\\/2017\\\/05\\\/pressmeddelande-regeringen-hojer-ambitionen-arbetet-med-att-starka-totalforsvaret\\\/#article\",\"isPartOf\":{\"@id\":\"https:\\\/\\\/sme-d.se\\\/2017\\\/05\\\/pressmeddelande-regeringen-hojer-ambitionen-arbetet-med-att-starka-totalforsvaret\\\/\"},\"author\":{\"name\":\"hamid.ershad@tebab.com\",\"@id\":\"https:\\\/\\\/sme-d.se\\\/#\\\/schema\\\/person\\\/643a10f983b385787d2918adf4e60ff8\"},\"headline\":\"Pressmeddelande: Regeringen h\u00f6jer ambitionen i arbetet med att st\u00e4rka totalf\u00f6rsvaret\",\"datePublished\":\"2017-05-15T14:37:25+00:00\",\"mainEntityOfPage\":{\"@id\":\"https:\\\/\\\/sme-d.se\\\/2017\\\/05\\\/pressmeddelande-regeringen-hojer-ambitionen-arbetet-med-att-starka-totalforsvaret\\\/\"},\"wordCount\":78,\"commentCount\":0,\"publisher\":{\"@id\":\"https:\\\/\\\/sme-d.se\\\/#organization\"},\"image\":{\"@id\":\"https:\\\/\\\/sme-d.se\\\/2017\\\/05\\\/pressmeddelande-regeringen-hojer-ambitionen-arbetet-med-att-starka-totalforsvaret\\\/#primaryimage\"},\"thumbnailUrl\":\"\",\"articleSection\":[\"Okategoriserade\"],\"inLanguage\":\"en-US\",\"potentialAction\":[{\"@type\":\"CommentAction\",\"name\":\"Comment\",\"target\":[\"https:\\\/\\\/sme-d.se\\\/2017\\\/05\\\/pressmeddelande-regeringen-hojer-ambitionen-arbetet-med-att-starka-totalforsvaret\\\/#respond\"]}]},{\"@type\":\"WebPage\",\"@id\":\"https:\\\/\\\/sme-d.se\\\/2017\\\/05\\\/pressmeddelande-regeringen-hojer-ambitionen-arbetet-med-att-starka-totalforsvaret\\\/\",\"url\":\"https:\\\/\\\/sme-d.se\\\/2017\\\/05\\\/pressmeddelande-regeringen-hojer-ambitionen-arbetet-med-att-starka-totalforsvaret\\\/\",\"name\":\"Pressmeddelande: Regeringen h\u00f6jer ambitionen i arbetet med att st\u00e4rka totalf\u00f6rsvaret - SME-D\",\"isPartOf\":{\"@id\":\"https:\\\/\\\/sme-d.se\\\/#website\"},\"primaryImageOfPage\":{\"@id\":\"https:\\\/\\\/sme-d.se\\\/2017\\\/05\\\/pressmeddelande-regeringen-hojer-ambitionen-arbetet-med-att-starka-totalforsvaret\\\/#primaryimage\"},\"image\":{\"@id\":\"https:\\\/\\\/sme-d.se\\\/2017\\\/05\\\/pressmeddelande-regeringen-hojer-ambitionen-arbetet-med-att-starka-totalforsvaret\\\/#primaryimage\"},\"thumbnailUrl\":\"\",\"datePublished\":\"2017-05-15T14:37:25+00:00\",\"breadcrumb\":{\"@id\":\"https:\\\/\\\/sme-d.se\\\/2017\\\/05\\\/pressmeddelande-regeringen-hojer-ambitionen-arbetet-med-att-starka-totalforsvaret\\\/#breadcrumb\"},\"inLanguage\":\"en-US\",\"potentialAction\":[{\"@type\":\"ReadAction\",\"target\":[\"https:\\\/\\\/sme-d.se\\\/2017\\\/05\\\/pressmeddelande-regeringen-hojer-ambitionen-arbetet-med-att-starka-totalforsvaret\\\/\"]}]},{\"@type\":\"ImageObject\",\"inLanguage\":\"en-US\",\"@id\":\"https:\\\/\\\/sme-d.se\\\/2017\\\/05\\\/pressmeddelande-regeringen-hojer-ambitionen-arbetet-med-att-starka-totalforsvaret\\\/#primaryimage\",\"url\":\"\",\"contentUrl\":\"\"},{\"@type\":\"BreadcrumbList\",\"@id\":\"https:\\\/\\\/sme-d.se\\\/2017\\\/05\\\/pressmeddelande-regeringen-hojer-ambitionen-arbetet-med-att-starka-totalforsvaret\\\/#breadcrumb\",\"itemListElement\":[{\"@type\":\"ListItem\",\"position\":1,\"name\":\"Home\",\"item\":\"https:\\\/\\\/sme-d.se\\\/\"},{\"@type\":\"ListItem\",\"position\":2,\"name\":\"Pressmeddelande: Regeringen h\u00f6jer ambitionen i arbetet med att st\u00e4rka totalf\u00f6rsvaret\"}]},{\"@type\":\"WebSite\",\"@id\":\"https:\\\/\\\/sme-d.se\\\/#website\",\"url\":\"https:\\\/\\\/sme-d.se\\\/\",\"name\":\"SME-D\",\"description\":\"Branschorganisationen f\u00f6r sm\u00e5 och medelstora f\u00f6retag (SME) inom svensk f\u00f6rsvarssektor\",\"publisher\":{\"@id\":\"https:\\\/\\\/sme-d.se\\\/#organization\"},\"potentialAction\":[{\"@type\":\"SearchAction\",\"target\":{\"@type\":\"EntryPoint\",\"urlTemplate\":\"https:\\\/\\\/sme-d.se\\\/?s={search_term_string}\"},\"query-input\":{\"@type\":\"PropertyValueSpecification\",\"valueRequired\":true,\"valueName\":\"search_term_string\"}}],\"inLanguage\":\"en-US\"},{\"@type\":\"Organization\",\"@id\":\"https:\\\/\\\/sme-d.se\\\/#organization\",\"name\":\"SME-D\",\"url\":\"https:\\\/\\\/sme-d.se\\\/\",\"logo\":{\"@type\":\"ImageObject\",\"inLanguage\":\"en-US\",\"@id\":\"https:\\\/\\\/sme-d.se\\\/#\\\/schema\\\/logo\\\/image\\\/\",\"url\":\"https:\\\/\\\/sme-d.se\\\/wp-content\\\/uploads\\\/2023\\\/12\\\/SME-logga-ny2-1.png\",\"contentUrl\":\"https:\\\/\\\/sme-d.se\\\/wp-content\\\/uploads\\\/2023\\\/12\\\/SME-logga-ny2-1.png\",\"width\":200,\"height\":58,\"caption\":\"SME-D\"},\"image\":{\"@id\":\"https:\\\/\\\/sme-d.se\\\/#\\\/schema\\\/logo\\\/image\\\/\"}},{\"@type\":\"Person\",\"@id\":\"https:\\\/\\\/sme-d.se\\\/#\\\/schema\\\/person\\\/643a10f983b385787d2918adf4e60ff8\",\"name\":\"hamid.ershad@tebab.com\",\"image\":{\"@type\":\"ImageObject\",\"inLanguage\":\"en-US\",\"@id\":\"https:\\\/\\\/secure.gravatar.com\\\/avatar\\\/a6b278cd0d3c3106f8f9591855817f81ee2cdcabe13d18be42aa40d1e8c57082?s=96&d=mm&r=g\",\"url\":\"https:\\\/\\\/secure.gravatar.com\\\/avatar\\\/a6b278cd0d3c3106f8f9591855817f81ee2cdcabe13d18be42aa40d1e8c57082?s=96&d=mm&r=g\",\"contentUrl\":\"https:\\\/\\\/secure.gravatar.com\\\/avatar\\\/a6b278cd0d3c3106f8f9591855817f81ee2cdcabe13d18be42aa40d1e8c57082?s=96&d=mm&r=g\",\"caption\":\"hamid.ershad@tebab.com\"},\"url\":\"https:\\\/\\\/sme-d.se\\\/en\\\/author\\\/hamid-ershadtebab-com\\\/\"}]}<\/script>\n<!-- \/ Yoast SEO plugin. -->","yoast_head_json":{"title":"Press release: The Government raises the ambition in the work to strengthen total defense - SME-D","robots":{"index":"index","follow":"follow","max-snippet":"max-snippet:-1","max-image-preview":"max-image-preview:large","max-video-preview":"max-video-preview:-1"},"canonical":"https:\/\/sme-d.se\/en\/2017\/05\/pressmeddelande-regeringen-hojer-ambitionen-arbetet-med-att-starka-totalforsvaret\/","og_locale":"en_US","og_type":"article","og_title":"Pressmeddelande: Regeringen h\u00f6jer ambitionen i arbetet med att st\u00e4rka totalf\u00f6rsvaret - SME-D","og_description":"Regeringen beslutade den 11 maj 2017 om att uppdra \u00e5t F\u00f6rsvarsmakten och Myndigheten f\u00f6r samh\u00e4llsskydd och beredskap (MSB) att ytterligare fr\u00e4mja och utveckla en sammanh\u00e4ngande planering f\u00f6r totalf\u00f6rsvaret. Beslutet inneb\u00e4r att regeringen h\u00f6jer ambitionerna n\u00e4r det kommer till myndigheternas arbete med krigsplacering och med planering och samverkan i totalf\u00f6rsvarsfr\u00e5gor. L\u00e4s hela pressmeddelandet h\u00e4r.","og_url":"https:\/\/sme-d.se\/en\/2017\/05\/pressmeddelande-regeringen-hojer-ambitionen-arbetet-med-att-starka-totalforsvaret\/","og_site_name":"SME-D","article_published_time":"2017-05-15T14:37:25+00:00","author":"hamid.ershad@tebab.com","twitter_card":"summary_large_image","twitter_misc":{"Written by":"hamid.ershad@tebab.com"},"schema":{"@context":"https:\/\/schema.org","@graph":[{"@type":"Article","@id":"https:\/\/sme-d.se\/2017\/05\/pressmeddelande-regeringen-hojer-ambitionen-arbetet-med-att-starka-totalforsvaret\/#article","isPartOf":{"@id":"https:\/\/sme-d.se\/2017\/05\/pressmeddelande-regeringen-hojer-ambitionen-arbetet-med-att-starka-totalforsvaret\/"},"author":{"name":"hamid.ershad@tebab.com","@id":"https:\/\/sme-d.se\/#\/schema\/person\/643a10f983b385787d2918adf4e60ff8"},"headline":"Pressmeddelande: Regeringen h\u00f6jer ambitionen i arbetet med att st\u00e4rka totalf\u00f6rsvaret","datePublished":"2017-05-15T14:37:25+00:00","mainEntityOfPage":{"@id":"https:\/\/sme-d.se\/2017\/05\/pressmeddelande-regeringen-hojer-ambitionen-arbetet-med-att-starka-totalforsvaret\/"},"wordCount":78,"commentCount":0,"publisher":{"@id":"https:\/\/sme-d.se\/#organization"},"image":{"@id":"https:\/\/sme-d.se\/2017\/05\/pressmeddelande-regeringen-hojer-ambitionen-arbetet-med-att-starka-totalforsvaret\/#primaryimage"},"thumbnailUrl":"","articleSection":["Okategoriserade"],"inLanguage":"en-US","potentialAction":[{"@type":"CommentAction","name":"Comment","target":["https:\/\/sme-d.se\/2017\/05\/pressmeddelande-regeringen-hojer-ambitionen-arbetet-med-att-starka-totalforsvaret\/#respond"]}]},{"@type":"WebPage","@id":"https:\/\/sme-d.se\/2017\/05\/pressmeddelande-regeringen-hojer-ambitionen-arbetet-med-att-starka-totalforsvaret\/","url":"https:\/\/sme-d.se\/2017\/05\/pressmeddelande-regeringen-hojer-ambitionen-arbetet-med-att-starka-totalforsvaret\/","name":"Press release: The Government raises the ambition in the work to strengthen total defense - SME-D","isPartOf":{"@id":"https:\/\/sme-d.se\/#website"},"primaryImageOfPage":{"@id":"https:\/\/sme-d.se\/2017\/05\/pressmeddelande-regeringen-hojer-ambitionen-arbetet-med-att-starka-totalforsvaret\/#primaryimage"},"image":{"@id":"https:\/\/sme-d.se\/2017\/05\/pressmeddelande-regeringen-hojer-ambitionen-arbetet-med-att-starka-totalforsvaret\/#primaryimage"},"thumbnailUrl":"","datePublished":"2017-05-15T14:37:25+00:00","breadcrumb":{"@id":"https:\/\/sme-d.se\/2017\/05\/pressmeddelande-regeringen-hojer-ambitionen-arbetet-med-att-starka-totalforsvaret\/#breadcrumb"},"inLanguage":"en-US","potentialAction":[{"@type":"ReadAction","target":["https:\/\/sme-d.se\/2017\/05\/pressmeddelande-regeringen-hojer-ambitionen-arbetet-med-att-starka-totalforsvaret\/"]}]},{"@type":"ImageObject","inLanguage":"en-US","@id":"https:\/\/sme-d.se\/2017\/05\/pressmeddelande-regeringen-hojer-ambitionen-arbetet-med-att-starka-totalforsvaret\/#primaryimage","url":"","contentUrl":""},{"@type":"BreadcrumbList","@id":"https:\/\/sme-d.se\/2017\/05\/pressmeddelande-regeringen-hojer-ambitionen-arbetet-med-att-starka-totalforsvaret\/#breadcrumb","itemListElement":[{"@type":"ListItem","position":1,"name":"Home","item":"https:\/\/sme-d.se\/"},{"@type":"ListItem","position":2,"name":"Pressmeddelande: Regeringen h\u00f6jer ambitionen i arbetet med att st\u00e4rka totalf\u00f6rsvaret"}]},{"@type":"WebSite","@id":"https:\/\/sme-d.se\/#website","url":"https:\/\/sme-d.se\/","name":"SMITH","description":"The industry association for small and medium-sized enterprises (SMEs) in the Swedish defense sector","publisher":{"@id":"https:\/\/sme-d.se\/#organization"},"potentialAction":[{"@type":"SearchAction","target":{"@type":"EntryPoint","urlTemplate":"https:\/\/sme-d.se\/?s={search_term_string}"},"query-input":{"@type":"PropertyValueSpecification","valueRequired":true,"valueName":"search_term_string"}}],"inLanguage":"en-US"},{"@type":"Organization","@id":"https:\/\/sme-d.se\/#organization","name":"SMITH","url":"https:\/\/sme-d.se\/","logo":{"@type":"ImageObject","inLanguage":"en-US","@id":"https:\/\/sme-d.se\/#\/schema\/logo\/image\/","url":"https:\/\/sme-d.se\/wp-content\/uploads\/2023\/12\/SME-logga-ny2-1.png","contentUrl":"https:\/\/sme-d.se\/wp-content\/uploads\/2023\/12\/SME-logga-ny2-1.png","width":200,"height":58,"caption":"SME-D"},"image":{"@id":"https:\/\/sme-d.se\/#\/schema\/logo\/image\/"}},{"@type":"Person","@id":"https:\/\/sme-d.se\/#\/schema\/person\/643a10f983b385787d2918adf4e60ff8","name":"hamid.ershad@tebab.com","image":{"@type":"ImageObject","inLanguage":"en-US","@id":"https:\/\/secure.gravatar.com\/avatar\/a6b278cd0d3c3106f8f9591855817f81ee2cdcabe13d18be42aa40d1e8c57082?s=96&d=mm&r=g","url":"https:\/\/secure.gravatar.com\/avatar\/a6b278cd0d3c3106f8f9591855817f81ee2cdcabe13d18be42aa40d1e8c57082?s=96&d=mm&r=g","contentUrl":"https:\/\/secure.gravatar.com\/avatar\/a6b278cd0d3c3106f8f9591855817f81ee2cdcabe13d18be42aa40d1e8c57082?s=96&d=mm&r=g","caption":"hamid.ershad@tebab.com"},"url":"https:\/\/sme-d.se\/en\/author\/hamid-ershadtebab-com\/"}]}},"_links":{"self":[{"href":"https:\/\/sme-d.se\/en\/wp-json\/wp\/v2\/posts\/506198","targetHints":{"allow":["GET"]}}],"collection":[{"href":"https:\/\/sme-d.se\/en\/wp-json\/wp\/v2\/posts"}],"about":[{"href":"https:\/\/sme-d.se\/en\/wp-json\/wp\/v2\/types\/post"}],"author":[{"embeddable":true,"href":"https:\/\/sme-d.se\/en\/wp-json\/wp\/v2\/users\/2"}],"replies":[{"embeddable":true,"href":"https:\/\/sme-d.se\/en\/wp-json\/wp\/v2\/comments?post=506198"}],"version-history":[{"count":0,"href":"https:\/\/sme-d.se\/en\/wp-json\/wp\/v2\/posts\/506198\/revisions"}],"wp:featuredmedia":[{"embeddable":true,"href":"https:\/\/sme-d.se\/en\/wp-json\/"}],"wp:attachment":[{"href":"https:\/\/sme-d.se\/en\/wp-json\/wp\/v2\/media?parent=506198"}],"wp:term":[{"taxonomy":"category","embeddable":true,"href":"https:\/\/sme-d.se\/en\/wp-json\/wp\/v2\/categories?post=506198"},{"taxonomy":"post_tag","embeddable":true,"href":"https:\/\/sme-d.se\/en\/wp-json\/wp\/v2\/tags?post=506198"}],"curies":[{"name":"wp","href":"https:\/\/api.w.org\/{rel}","templated":true}]}}