{"id":500506,"date":"2017-05-09T16:49:30","date_gmt":"2017-05-09T14:49:30","guid":{"rendered":"http:\/\/www.sme-d.se\/?p=500506"},"modified":"2017-05-09T16:49:30","modified_gmt":"2017-05-09T14:49:30","slug":"utredning-om-genomforande-av-nis-direktivet-overlamnad-till-inrikesminister-anders-ygeman","status":"publish","type":"post","link":"https:\/\/sme-d.se\/en\/2017\/05\/utredning-om-genomforande-av-nis-direktivet-overlamnad-till-inrikesminister-anders-ygeman\/","title":{"rendered":"Investigation into the implementation of the NIS Directive submitted to Minister of the Interior Anders Ygeman"},"content":{"rendered":"<p><strong>The inquiry into the implementation of the NIS Directive submitted the report &quot;Information security for socially important and digital services&quot; (SOU 2017:36) to Minister of the Interior Anders Ygeman this week.<\/strong><\/p>\n<p>The inquiry proposes a new law and a new regulation on information security for certain providers of essential and digital services. The proposals apply to certain public and private businesses that provide essential services in seven sectors that deserve protection: energy, transport, banking, financial market infrastructure, healthcare, supply and distribution of drinking water and digital infrastructure. Providers of digital services are also covered by the proposals. To be covered by the provisions, it is required that the service is dependent on networks or information systems and that an incident would cause a significant disruption to the provision of the service.<\/p>\n<p>Among other things, it is proposed that suppliers be required to take technical and organizational security measures and report serious IT incidents to the Swedish Agency for Civil Protection and Emergency Preparedness (MSB). It is proposed that a supervisory authority for each sector be given responsibility for monitoring that the regulations are followed and that the requirements in the legislation have had an effect on security. The supervisory authority will be given the authority to decide on sanctions.<\/p>\n<p>\u2013 I view the proposals positively, which mean that both public and private actors in sectors of particular societal importance must tighten their work with information security. This is entirely in line with the government&#039;s other initiatives in the area, says Minister of the Interior Anders Ygeman.<\/p>\n<p>The new law is proposed to enter into force on May 10, 2018.<\/p>\n<p>The news can also be read <a href=\"https:\/\/www.aktuellsakerhet.se\/utredning-om-genomforande-av-nis-direktivet-overlamnad-till-inrikesminister-anders-ygeman\/\" target=\"_blank\" rel=\"noopener noreferrer\">here<\/a>.<\/p>","protected":false},"excerpt":{"rendered":"<p>The inquiry into the implementation of the NIS Directive submitted its report \u201dInformation security for essential and digital services\u201d (SOU 2017:36) to Minister of the Interior Anders Ygeman this week. The inquiry proposes a new law and a new ordinance on information security for certain providers of essential and digital services. The proposals apply to certain public and private entities that provide essential services within seven areas of protection [\u2026]<\/p>","protected":false},"author":2,"featured_media":709,"comment_status":"open","ping_status":"open","sticky":false,"template":"","format":"standard","meta":{"footnotes":""},"categories":[1],"tags":[],"class_list":["post-500506","post","type-post","status-publish","format-standard","has-post-thumbnail","hentry","category-okategoriserade"],"acf":[],"yoast_head":"<!-- This site is optimized with the Yoast SEO plugin v27.5 - https:\/\/yoast.com\/product\/yoast-seo-wordpress\/ -->\n<title>Utredning om genomf\u00f6rande av NIS-direktivet \u00f6verl\u00e4mnad till inrikesminister Anders Ygeman - SME-D<\/title>\n<meta name=\"robots\" content=\"index, follow, max-snippet:-1, max-image-preview:large, max-video-preview:-1\" \/>\n<link rel=\"canonical\" href=\"https:\/\/sme-d.se\/en\/2017\/05\/utredning-om-genomforande-av-nis-direktivet-overlamnad-till-inrikesminister-anders-ygeman\/\" \/>\n<meta property=\"og:locale\" content=\"en_US\" \/>\n<meta property=\"og:type\" content=\"article\" \/>\n<meta property=\"og:title\" content=\"Utredning om genomf\u00f6rande av NIS-direktivet \u00f6verl\u00e4mnad till inrikesminister Anders Ygeman - SME-D\" \/>\n<meta property=\"og:description\" content=\"Utredningen om genomf\u00f6rande av NIS-direktivet l\u00e4mnade denna vecka \u00f6ver bet\u00e4nkandet \u201dInformationss\u00e4kerhet f\u00f6r samh\u00e4llsviktiga och digitala tj\u00e4nster\u201d (SOU 2017:36) till inrikesminister Anders Ygeman. Utredningen f\u00f6resl\u00e5r en ny lag och en ny f\u00f6rordning om informationss\u00e4kerhet f\u00f6r vissa leverant\u00f6rer av samh\u00e4llsviktiga och digitala tj\u00e4nster. F\u00f6rslagen g\u00e4ller vissa offentliga och enskilda verksamheter som tillhandah\u00e5ller samh\u00e4llsviktiga tj\u00e4nster inom sju skyddsv\u00e4rda [&hellip;]\" \/>\n<meta property=\"og:url\" content=\"https:\/\/sme-d.se\/en\/2017\/05\/utredning-om-genomforande-av-nis-direktivet-overlamnad-till-inrikesminister-anders-ygeman\/\" \/>\n<meta property=\"og:site_name\" content=\"SME-D\" \/>\n<meta property=\"article:published_time\" content=\"2017-05-09T14:49:30+00:00\" \/>\n<meta name=\"author\" content=\"hamid.ershad@tebab.com\" \/>\n<meta name=\"twitter:card\" content=\"summary_large_image\" \/>\n<meta name=\"twitter:label1\" content=\"Written by\" \/>\n\t<meta name=\"twitter:data1\" content=\"hamid.ershad@tebab.com\" \/>\n\t<meta name=\"twitter:label2\" content=\"Est. reading time\" \/>\n\t<meta name=\"twitter:data2\" content=\"1 minute\" \/>\n<script type=\"application\/ld+json\" class=\"yoast-schema-graph\">{\"@context\":\"https:\\\/\\\/schema.org\",\"@graph\":[{\"@type\":\"Article\",\"@id\":\"https:\\\/\\\/sme-d.se\\\/2017\\\/05\\\/utredning-om-genomforande-av-nis-direktivet-overlamnad-till-inrikesminister-anders-ygeman\\\/#article\",\"isPartOf\":{\"@id\":\"https:\\\/\\\/sme-d.se\\\/2017\\\/05\\\/utredning-om-genomforande-av-nis-direktivet-overlamnad-till-inrikesminister-anders-ygeman\\\/\"},\"author\":{\"name\":\"hamid.ershad@tebab.com\",\"@id\":\"https:\\\/\\\/sme-d.se\\\/#\\\/schema\\\/person\\\/643a10f983b385787d2918adf4e60ff8\"},\"headline\":\"Utredning om genomf\u00f6rande av NIS-direktivet \u00f6verl\u00e4mnad till inrikesminister Anders Ygeman\",\"datePublished\":\"2017-05-09T14:49:30+00:00\",\"mainEntityOfPage\":{\"@id\":\"https:\\\/\\\/sme-d.se\\\/2017\\\/05\\\/utredning-om-genomforande-av-nis-direktivet-overlamnad-till-inrikesminister-anders-ygeman\\\/\"},\"wordCount\":290,\"commentCount\":0,\"publisher\":{\"@id\":\"https:\\\/\\\/sme-d.se\\\/#organization\"},\"image\":{\"@id\":\"https:\\\/\\\/sme-d.se\\\/2017\\\/05\\\/utredning-om-genomforande-av-nis-direktivet-overlamnad-till-inrikesminister-anders-ygeman\\\/#primaryimage\"},\"thumbnailUrl\":\"\",\"articleSection\":[\"Okategoriserade\"],\"inLanguage\":\"en-US\",\"potentialAction\":[{\"@type\":\"CommentAction\",\"name\":\"Comment\",\"target\":[\"https:\\\/\\\/sme-d.se\\\/2017\\\/05\\\/utredning-om-genomforande-av-nis-direktivet-overlamnad-till-inrikesminister-anders-ygeman\\\/#respond\"]}]},{\"@type\":\"WebPage\",\"@id\":\"https:\\\/\\\/sme-d.se\\\/2017\\\/05\\\/utredning-om-genomforande-av-nis-direktivet-overlamnad-till-inrikesminister-anders-ygeman\\\/\",\"url\":\"https:\\\/\\\/sme-d.se\\\/2017\\\/05\\\/utredning-om-genomforande-av-nis-direktivet-overlamnad-till-inrikesminister-anders-ygeman\\\/\",\"name\":\"Utredning om genomf\u00f6rande av NIS-direktivet \u00f6verl\u00e4mnad till inrikesminister Anders Ygeman - SME-D\",\"isPartOf\":{\"@id\":\"https:\\\/\\\/sme-d.se\\\/#website\"},\"primaryImageOfPage\":{\"@id\":\"https:\\\/\\\/sme-d.se\\\/2017\\\/05\\\/utredning-om-genomforande-av-nis-direktivet-overlamnad-till-inrikesminister-anders-ygeman\\\/#primaryimage\"},\"image\":{\"@id\":\"https:\\\/\\\/sme-d.se\\\/2017\\\/05\\\/utredning-om-genomforande-av-nis-direktivet-overlamnad-till-inrikesminister-anders-ygeman\\\/#primaryimage\"},\"thumbnailUrl\":\"\",\"datePublished\":\"2017-05-09T14:49:30+00:00\",\"breadcrumb\":{\"@id\":\"https:\\\/\\\/sme-d.se\\\/2017\\\/05\\\/utredning-om-genomforande-av-nis-direktivet-overlamnad-till-inrikesminister-anders-ygeman\\\/#breadcrumb\"},\"inLanguage\":\"en-US\",\"potentialAction\":[{\"@type\":\"ReadAction\",\"target\":[\"https:\\\/\\\/sme-d.se\\\/2017\\\/05\\\/utredning-om-genomforande-av-nis-direktivet-overlamnad-till-inrikesminister-anders-ygeman\\\/\"]}]},{\"@type\":\"ImageObject\",\"inLanguage\":\"en-US\",\"@id\":\"https:\\\/\\\/sme-d.se\\\/2017\\\/05\\\/utredning-om-genomforande-av-nis-direktivet-overlamnad-till-inrikesminister-anders-ygeman\\\/#primaryimage\",\"url\":\"\",\"contentUrl\":\"\"},{\"@type\":\"BreadcrumbList\",\"@id\":\"https:\\\/\\\/sme-d.se\\\/2017\\\/05\\\/utredning-om-genomforande-av-nis-direktivet-overlamnad-till-inrikesminister-anders-ygeman\\\/#breadcrumb\",\"itemListElement\":[{\"@type\":\"ListItem\",\"position\":1,\"name\":\"Home\",\"item\":\"https:\\\/\\\/sme-d.se\\\/\"},{\"@type\":\"ListItem\",\"position\":2,\"name\":\"Utredning om genomf\u00f6rande av NIS-direktivet \u00f6verl\u00e4mnad till inrikesminister Anders Ygeman\"}]},{\"@type\":\"WebSite\",\"@id\":\"https:\\\/\\\/sme-d.se\\\/#website\",\"url\":\"https:\\\/\\\/sme-d.se\\\/\",\"name\":\"SME-D\",\"description\":\"Branschorganisationen f\u00f6r sm\u00e5 och medelstora f\u00f6retag (SME) inom svensk f\u00f6rsvarssektor\",\"publisher\":{\"@id\":\"https:\\\/\\\/sme-d.se\\\/#organization\"},\"potentialAction\":[{\"@type\":\"SearchAction\",\"target\":{\"@type\":\"EntryPoint\",\"urlTemplate\":\"https:\\\/\\\/sme-d.se\\\/?s={search_term_string}\"},\"query-input\":{\"@type\":\"PropertyValueSpecification\",\"valueRequired\":true,\"valueName\":\"search_term_string\"}}],\"inLanguage\":\"en-US\"},{\"@type\":\"Organization\",\"@id\":\"https:\\\/\\\/sme-d.se\\\/#organization\",\"name\":\"SME-D\",\"url\":\"https:\\\/\\\/sme-d.se\\\/\",\"logo\":{\"@type\":\"ImageObject\",\"inLanguage\":\"en-US\",\"@id\":\"https:\\\/\\\/sme-d.se\\\/#\\\/schema\\\/logo\\\/image\\\/\",\"url\":\"https:\\\/\\\/sme-d.se\\\/wp-content\\\/uploads\\\/2023\\\/12\\\/SME-logga-ny2-1.png\",\"contentUrl\":\"https:\\\/\\\/sme-d.se\\\/wp-content\\\/uploads\\\/2023\\\/12\\\/SME-logga-ny2-1.png\",\"width\":200,\"height\":58,\"caption\":\"SME-D\"},\"image\":{\"@id\":\"https:\\\/\\\/sme-d.se\\\/#\\\/schema\\\/logo\\\/image\\\/\"}},{\"@type\":\"Person\",\"@id\":\"https:\\\/\\\/sme-d.se\\\/#\\\/schema\\\/person\\\/643a10f983b385787d2918adf4e60ff8\",\"name\":\"hamid.ershad@tebab.com\",\"image\":{\"@type\":\"ImageObject\",\"inLanguage\":\"en-US\",\"@id\":\"https:\\\/\\\/secure.gravatar.com\\\/avatar\\\/a6b278cd0d3c3106f8f9591855817f81ee2cdcabe13d18be42aa40d1e8c57082?s=96&d=mm&r=g\",\"url\":\"https:\\\/\\\/secure.gravatar.com\\\/avatar\\\/a6b278cd0d3c3106f8f9591855817f81ee2cdcabe13d18be42aa40d1e8c57082?s=96&d=mm&r=g\",\"contentUrl\":\"https:\\\/\\\/secure.gravatar.com\\\/avatar\\\/a6b278cd0d3c3106f8f9591855817f81ee2cdcabe13d18be42aa40d1e8c57082?s=96&d=mm&r=g\",\"caption\":\"hamid.ershad@tebab.com\"},\"url\":\"https:\\\/\\\/sme-d.se\\\/en\\\/author\\\/hamid-ershadtebab-com\\\/\"}]}<\/script>\n<!-- \/ Yoast SEO plugin. -->","yoast_head_json":{"title":"Investigation into the implementation of the NIS Directive submitted to Minister of the Interior Anders Ygeman - SME-D","robots":{"index":"index","follow":"follow","max-snippet":"max-snippet:-1","max-image-preview":"max-image-preview:large","max-video-preview":"max-video-preview:-1"},"canonical":"https:\/\/sme-d.se\/en\/2017\/05\/utredning-om-genomforande-av-nis-direktivet-overlamnad-till-inrikesminister-anders-ygeman\/","og_locale":"en_US","og_type":"article","og_title":"Utredning om genomf\u00f6rande av NIS-direktivet \u00f6verl\u00e4mnad till inrikesminister Anders Ygeman - SME-D","og_description":"Utredningen om genomf\u00f6rande av NIS-direktivet l\u00e4mnade denna vecka \u00f6ver bet\u00e4nkandet \u201dInformationss\u00e4kerhet f\u00f6r samh\u00e4llsviktiga och digitala tj\u00e4nster\u201d (SOU 2017:36) till inrikesminister Anders Ygeman. Utredningen f\u00f6resl\u00e5r en ny lag och en ny f\u00f6rordning om informationss\u00e4kerhet f\u00f6r vissa leverant\u00f6rer av samh\u00e4llsviktiga och digitala tj\u00e4nster. F\u00f6rslagen g\u00e4ller vissa offentliga och enskilda verksamheter som tillhandah\u00e5ller samh\u00e4llsviktiga tj\u00e4nster inom sju skyddsv\u00e4rda [&hellip;]","og_url":"https:\/\/sme-d.se\/en\/2017\/05\/utredning-om-genomforande-av-nis-direktivet-overlamnad-till-inrikesminister-anders-ygeman\/","og_site_name":"SME-D","article_published_time":"2017-05-09T14:49:30+00:00","author":"hamid.ershad@tebab.com","twitter_card":"summary_large_image","twitter_misc":{"Written by":"hamid.ershad@tebab.com","Est. reading time":"1 minute"},"schema":{"@context":"https:\/\/schema.org","@graph":[{"@type":"Article","@id":"https:\/\/sme-d.se\/2017\/05\/utredning-om-genomforande-av-nis-direktivet-overlamnad-till-inrikesminister-anders-ygeman\/#article","isPartOf":{"@id":"https:\/\/sme-d.se\/2017\/05\/utredning-om-genomforande-av-nis-direktivet-overlamnad-till-inrikesminister-anders-ygeman\/"},"author":{"name":"hamid.ershad@tebab.com","@id":"https:\/\/sme-d.se\/#\/schema\/person\/643a10f983b385787d2918adf4e60ff8"},"headline":"Utredning om genomf\u00f6rande av NIS-direktivet \u00f6verl\u00e4mnad till inrikesminister Anders Ygeman","datePublished":"2017-05-09T14:49:30+00:00","mainEntityOfPage":{"@id":"https:\/\/sme-d.se\/2017\/05\/utredning-om-genomforande-av-nis-direktivet-overlamnad-till-inrikesminister-anders-ygeman\/"},"wordCount":290,"commentCount":0,"publisher":{"@id":"https:\/\/sme-d.se\/#organization"},"image":{"@id":"https:\/\/sme-d.se\/2017\/05\/utredning-om-genomforande-av-nis-direktivet-overlamnad-till-inrikesminister-anders-ygeman\/#primaryimage"},"thumbnailUrl":"","articleSection":["Okategoriserade"],"inLanguage":"en-US","potentialAction":[{"@type":"CommentAction","name":"Comment","target":["https:\/\/sme-d.se\/2017\/05\/utredning-om-genomforande-av-nis-direktivet-overlamnad-till-inrikesminister-anders-ygeman\/#respond"]}]},{"@type":"WebPage","@id":"https:\/\/sme-d.se\/2017\/05\/utredning-om-genomforande-av-nis-direktivet-overlamnad-till-inrikesminister-anders-ygeman\/","url":"https:\/\/sme-d.se\/2017\/05\/utredning-om-genomforande-av-nis-direktivet-overlamnad-till-inrikesminister-anders-ygeman\/","name":"Investigation into the implementation of the NIS Directive submitted to Minister of the Interior Anders Ygeman - SME-D","isPartOf":{"@id":"https:\/\/sme-d.se\/#website"},"primaryImageOfPage":{"@id":"https:\/\/sme-d.se\/2017\/05\/utredning-om-genomforande-av-nis-direktivet-overlamnad-till-inrikesminister-anders-ygeman\/#primaryimage"},"image":{"@id":"https:\/\/sme-d.se\/2017\/05\/utredning-om-genomforande-av-nis-direktivet-overlamnad-till-inrikesminister-anders-ygeman\/#primaryimage"},"thumbnailUrl":"","datePublished":"2017-05-09T14:49:30+00:00","breadcrumb":{"@id":"https:\/\/sme-d.se\/2017\/05\/utredning-om-genomforande-av-nis-direktivet-overlamnad-till-inrikesminister-anders-ygeman\/#breadcrumb"},"inLanguage":"en-US","potentialAction":[{"@type":"ReadAction","target":["https:\/\/sme-d.se\/2017\/05\/utredning-om-genomforande-av-nis-direktivet-overlamnad-till-inrikesminister-anders-ygeman\/"]}]},{"@type":"ImageObject","inLanguage":"en-US","@id":"https:\/\/sme-d.se\/2017\/05\/utredning-om-genomforande-av-nis-direktivet-overlamnad-till-inrikesminister-anders-ygeman\/#primaryimage","url":"","contentUrl":""},{"@type":"BreadcrumbList","@id":"https:\/\/sme-d.se\/2017\/05\/utredning-om-genomforande-av-nis-direktivet-overlamnad-till-inrikesminister-anders-ygeman\/#breadcrumb","itemListElement":[{"@type":"ListItem","position":1,"name":"Home","item":"https:\/\/sme-d.se\/"},{"@type":"ListItem","position":2,"name":"Utredning om genomf\u00f6rande av NIS-direktivet \u00f6verl\u00e4mnad till inrikesminister Anders Ygeman"}]},{"@type":"WebSite","@id":"https:\/\/sme-d.se\/#website","url":"https:\/\/sme-d.se\/","name":"SMITH","description":"The industry association for small and medium-sized enterprises (SMEs) in the Swedish defense sector","publisher":{"@id":"https:\/\/sme-d.se\/#organization"},"potentialAction":[{"@type":"SearchAction","target":{"@type":"EntryPoint","urlTemplate":"https:\/\/sme-d.se\/?s={search_term_string}"},"query-input":{"@type":"PropertyValueSpecification","valueRequired":true,"valueName":"search_term_string"}}],"inLanguage":"en-US"},{"@type":"Organization","@id":"https:\/\/sme-d.se\/#organization","name":"SMITH","url":"https:\/\/sme-d.se\/","logo":{"@type":"ImageObject","inLanguage":"en-US","@id":"https:\/\/sme-d.se\/#\/schema\/logo\/image\/","url":"https:\/\/sme-d.se\/wp-content\/uploads\/2023\/12\/SME-logga-ny2-1.png","contentUrl":"https:\/\/sme-d.se\/wp-content\/uploads\/2023\/12\/SME-logga-ny2-1.png","width":200,"height":58,"caption":"SME-D"},"image":{"@id":"https:\/\/sme-d.se\/#\/schema\/logo\/image\/"}},{"@type":"Person","@id":"https:\/\/sme-d.se\/#\/schema\/person\/643a10f983b385787d2918adf4e60ff8","name":"hamid.ershad@tebab.com","image":{"@type":"ImageObject","inLanguage":"en-US","@id":"https:\/\/secure.gravatar.com\/avatar\/a6b278cd0d3c3106f8f9591855817f81ee2cdcabe13d18be42aa40d1e8c57082?s=96&d=mm&r=g","url":"https:\/\/secure.gravatar.com\/avatar\/a6b278cd0d3c3106f8f9591855817f81ee2cdcabe13d18be42aa40d1e8c57082?s=96&d=mm&r=g","contentUrl":"https:\/\/secure.gravatar.com\/avatar\/a6b278cd0d3c3106f8f9591855817f81ee2cdcabe13d18be42aa40d1e8c57082?s=96&d=mm&r=g","caption":"hamid.ershad@tebab.com"},"url":"https:\/\/sme-d.se\/en\/author\/hamid-ershadtebab-com\/"}]}},"_links":{"self":[{"href":"https:\/\/sme-d.se\/en\/wp-json\/wp\/v2\/posts\/500506","targetHints":{"allow":["GET"]}}],"collection":[{"href":"https:\/\/sme-d.se\/en\/wp-json\/wp\/v2\/posts"}],"about":[{"href":"https:\/\/sme-d.se\/en\/wp-json\/wp\/v2\/types\/post"}],"author":[{"embeddable":true,"href":"https:\/\/sme-d.se\/en\/wp-json\/wp\/v2\/users\/2"}],"replies":[{"embeddable":true,"href":"https:\/\/sme-d.se\/en\/wp-json\/wp\/v2\/comments?post=500506"}],"version-history":[{"count":0,"href":"https:\/\/sme-d.se\/en\/wp-json\/wp\/v2\/posts\/500506\/revisions"}],"wp:featuredmedia":[{"embeddable":true,"href":"https:\/\/sme-d.se\/en\/wp-json\/"}],"wp:attachment":[{"href":"https:\/\/sme-d.se\/en\/wp-json\/wp\/v2\/media?parent=500506"}],"wp:term":[{"taxonomy":"category","embeddable":true,"href":"https:\/\/sme-d.se\/en\/wp-json\/wp\/v2\/categories?post=500506"},{"taxonomy":"post_tag","embeddable":true,"href":"https:\/\/sme-d.se\/en\/wp-json\/wp\/v2\/tags?post=500506"}],"curies":[{"name":"wp","href":"https:\/\/api.w.org\/{rel}","templated":true}]}}