{"id":481705,"date":"2017-04-19T09:14:19","date_gmt":"2017-04-19T07:14:19","guid":{"rendered":"http:\/\/www.sme-d.se\/?p=481705"},"modified":"2017-04-19T09:14:19","modified_gmt":"2017-04-19T07:14:19","slug":"advenica-forstarker-samarbetet-med-fmv","status":"publish","type":"post","link":"https:\/\/sme-d.se\/en\/2017\/04\/advenica-forstarker-samarbetet-med-fmv\/","title":{"rendered":"Advenica strengthens collaboration with FMV"},"content":{"rendered":"<p><strong>The Swedish Defence Materiel Administration (FMV) has ordered technical studies on solutions for protecting communications. The order value is approximately SEK 1.7 million and delivery will take place in the autumn of 2017.<\/strong>.<\/p>\n<p>Since 2002, Advenica has developed encryption solutions for the needs of the Swedish total defense. In addition to new development, Advenica has conducted system maintenance, environmental monitoring and various types of technical studies on behalf of FMV. The order that has now been placed is an addition and an expansion of an already existing order.<\/p>\n<p>\u201d&quot;After collaborating with FMV for more than a decade, Advenica has a strong position as a supplier of cybersecurity to the Swedish authorities for which FMV has procurement responsibility. Through close development cooperation with the client, both a deep insight into the needs and a long-term and trusting relationship are created. We appreciate having been selected to be part of this new assignment and we look forward to contributing our knowledge,&quot; says Andreas H\u00e4glund, VP Sales National Security, Advenica AB.<\/p>\n<p>For further information, please contact: Einar Lindquist, CEO Advenica AB, +46 (0)704 29 98 39, einar.lindquist@advenica.com<\/p>\n<p><em>This information is information that Advenica is required to disclose under the EU Market Abuse Regulation. The information was submitted for publication, through the agency of the above contact person, on 18 April 2017 at 3.45 p.m.<\/em><\/p>\n<p>The news can also be read on Adenicas <a href=\"https:\/\/advenica.com\/sv\/news\/2017-04-18\/advenica-forstarker-samarbetet-med-fmv\" target=\"_blank\" rel=\"noopener\">homepage<\/a>.<\/p>","protected":false},"excerpt":{"rendered":"<p>The Swedish Defence Materiel Administration (FMV) has ordered technical studies on solutions for protecting communications. The order value is approximately SEK 1.7 million and delivery will take place in the autumn of 2017. Advenica has been developing encryption solutions for the needs of the Swedish total defence since 2002. In addition to new development, Advenica has conducted system maintenance, environmental monitoring and various types of technical studies on [\u2026]<\/p>","protected":false},"author":2,"featured_media":473454,"comment_status":"open","ping_status":"open","sticky":false,"template":"","format":"standard","meta":{"footnotes":""},"categories":[1],"tags":[],"class_list":["post-481705","post","type-post","status-publish","format-standard","has-post-thumbnail","hentry","category-okategoriserade"],"acf":[],"yoast_head":"<!-- This site is optimized with the Yoast SEO plugin v27.5 - https:\/\/yoast.com\/product\/yoast-seo-wordpress\/ -->\n<title>Advenica f\u00f6rst\u00e4rker samarbetet med FMV - SME-D<\/title>\n<meta name=\"robots\" content=\"index, follow, max-snippet:-1, max-image-preview:large, max-video-preview:-1\" \/>\n<link rel=\"canonical\" href=\"https:\/\/sme-d.se\/en\/2017\/04\/advenica-forstarker-samarbetet-med-fmv\/\" \/>\n<meta property=\"og:locale\" content=\"en_US\" \/>\n<meta property=\"og:type\" content=\"article\" \/>\n<meta property=\"og:title\" content=\"Advenica f\u00f6rst\u00e4rker samarbetet med FMV - SME-D\" \/>\n<meta property=\"og:description\" content=\"F\u00f6rsvarets materielverk (FMV) har best\u00e4llt tekniska utredningar kring l\u00f6sningar f\u00f6r skydd av kommunikation. Orderv\u00e4rdet uppg\u00e5r till cirka 1,7 miljoner kronor och leverans kommer att ske under h\u00f6sten 2017. Advenica har alltsedan 2002 utvecklat krypteringsl\u00f6sningar f\u00f6r det svenska totalf\u00f6rsvarets behov. Ut\u00f6ver nyutveckling har Advenica bedrivit bland annat systemunderh\u00e5ll, omv\u00e4rldsbevakning och olika typer av tekniska studier p\u00e5 [&hellip;]\" \/>\n<meta property=\"og:url\" content=\"https:\/\/sme-d.se\/en\/2017\/04\/advenica-forstarker-samarbetet-med-fmv\/\" \/>\n<meta property=\"og:site_name\" content=\"SME-D\" \/>\n<meta property=\"article:published_time\" content=\"2017-04-19T07:14:19+00:00\" \/>\n<meta name=\"author\" content=\"hamid.ershad@tebab.com\" \/>\n<meta name=\"twitter:card\" content=\"summary_large_image\" \/>\n<meta name=\"twitter:label1\" content=\"Written by\" \/>\n\t<meta name=\"twitter:data1\" content=\"hamid.ershad@tebab.com\" \/>\n\t<meta name=\"twitter:label2\" content=\"Est. reading time\" \/>\n\t<meta name=\"twitter:data2\" content=\"1 minute\" \/>\n<script type=\"application\/ld+json\" class=\"yoast-schema-graph\">{\"@context\":\"https:\\\/\\\/schema.org\",\"@graph\":[{\"@type\":\"Article\",\"@id\":\"https:\\\/\\\/sme-d.se\\\/2017\\\/04\\\/advenica-forstarker-samarbetet-med-fmv\\\/#article\",\"isPartOf\":{\"@id\":\"https:\\\/\\\/sme-d.se\\\/2017\\\/04\\\/advenica-forstarker-samarbetet-med-fmv\\\/\"},\"author\":{\"name\":\"hamid.ershad@tebab.com\",\"@id\":\"https:\\\/\\\/sme-d.se\\\/#\\\/schema\\\/person\\\/643a10f983b385787d2918adf4e60ff8\"},\"headline\":\"Advenica f\u00f6rst\u00e4rker samarbetet med FMV\",\"datePublished\":\"2017-04-19T07:14:19+00:00\",\"mainEntityOfPage\":{\"@id\":\"https:\\\/\\\/sme-d.se\\\/2017\\\/04\\\/advenica-forstarker-samarbetet-med-fmv\\\/\"},\"wordCount\":244,\"commentCount\":0,\"publisher\":{\"@id\":\"https:\\\/\\\/sme-d.se\\\/#organization\"},\"image\":{\"@id\":\"https:\\\/\\\/sme-d.se\\\/2017\\\/04\\\/advenica-forstarker-samarbetet-med-fmv\\\/#primaryimage\"},\"thumbnailUrl\":\"\",\"articleSection\":[\"Okategoriserade\"],\"inLanguage\":\"en-US\",\"potentialAction\":[{\"@type\":\"CommentAction\",\"name\":\"Comment\",\"target\":[\"https:\\\/\\\/sme-d.se\\\/2017\\\/04\\\/advenica-forstarker-samarbetet-med-fmv\\\/#respond\"]}]},{\"@type\":\"WebPage\",\"@id\":\"https:\\\/\\\/sme-d.se\\\/2017\\\/04\\\/advenica-forstarker-samarbetet-med-fmv\\\/\",\"url\":\"https:\\\/\\\/sme-d.se\\\/2017\\\/04\\\/advenica-forstarker-samarbetet-med-fmv\\\/\",\"name\":\"Advenica f\u00f6rst\u00e4rker samarbetet med FMV - SME-D\",\"isPartOf\":{\"@id\":\"https:\\\/\\\/sme-d.se\\\/#website\"},\"primaryImageOfPage\":{\"@id\":\"https:\\\/\\\/sme-d.se\\\/2017\\\/04\\\/advenica-forstarker-samarbetet-med-fmv\\\/#primaryimage\"},\"image\":{\"@id\":\"https:\\\/\\\/sme-d.se\\\/2017\\\/04\\\/advenica-forstarker-samarbetet-med-fmv\\\/#primaryimage\"},\"thumbnailUrl\":\"\",\"datePublished\":\"2017-04-19T07:14:19+00:00\",\"breadcrumb\":{\"@id\":\"https:\\\/\\\/sme-d.se\\\/2017\\\/04\\\/advenica-forstarker-samarbetet-med-fmv\\\/#breadcrumb\"},\"inLanguage\":\"en-US\",\"potentialAction\":[{\"@type\":\"ReadAction\",\"target\":[\"https:\\\/\\\/sme-d.se\\\/2017\\\/04\\\/advenica-forstarker-samarbetet-med-fmv\\\/\"]}]},{\"@type\":\"ImageObject\",\"inLanguage\":\"en-US\",\"@id\":\"https:\\\/\\\/sme-d.se\\\/2017\\\/04\\\/advenica-forstarker-samarbetet-med-fmv\\\/#primaryimage\",\"url\":\"\",\"contentUrl\":\"\"},{\"@type\":\"BreadcrumbList\",\"@id\":\"https:\\\/\\\/sme-d.se\\\/2017\\\/04\\\/advenica-forstarker-samarbetet-med-fmv\\\/#breadcrumb\",\"itemListElement\":[{\"@type\":\"ListItem\",\"position\":1,\"name\":\"Home\",\"item\":\"https:\\\/\\\/sme-d.se\\\/\"},{\"@type\":\"ListItem\",\"position\":2,\"name\":\"Advenica f\u00f6rst\u00e4rker samarbetet med FMV\"}]},{\"@type\":\"WebSite\",\"@id\":\"https:\\\/\\\/sme-d.se\\\/#website\",\"url\":\"https:\\\/\\\/sme-d.se\\\/\",\"name\":\"SME-D\",\"description\":\"Branschorganisationen f\u00f6r sm\u00e5 och medelstora f\u00f6retag (SME) inom svensk f\u00f6rsvarssektor\",\"publisher\":{\"@id\":\"https:\\\/\\\/sme-d.se\\\/#organization\"},\"potentialAction\":[{\"@type\":\"SearchAction\",\"target\":{\"@type\":\"EntryPoint\",\"urlTemplate\":\"https:\\\/\\\/sme-d.se\\\/?s={search_term_string}\"},\"query-input\":{\"@type\":\"PropertyValueSpecification\",\"valueRequired\":true,\"valueName\":\"search_term_string\"}}],\"inLanguage\":\"en-US\"},{\"@type\":\"Organization\",\"@id\":\"https:\\\/\\\/sme-d.se\\\/#organization\",\"name\":\"SME-D\",\"url\":\"https:\\\/\\\/sme-d.se\\\/\",\"logo\":{\"@type\":\"ImageObject\",\"inLanguage\":\"en-US\",\"@id\":\"https:\\\/\\\/sme-d.se\\\/#\\\/schema\\\/logo\\\/image\\\/\",\"url\":\"https:\\\/\\\/sme-d.se\\\/wp-content\\\/uploads\\\/2023\\\/12\\\/SME-logga-ny2-1.png\",\"contentUrl\":\"https:\\\/\\\/sme-d.se\\\/wp-content\\\/uploads\\\/2023\\\/12\\\/SME-logga-ny2-1.png\",\"width\":200,\"height\":58,\"caption\":\"SME-D\"},\"image\":{\"@id\":\"https:\\\/\\\/sme-d.se\\\/#\\\/schema\\\/logo\\\/image\\\/\"}},{\"@type\":\"Person\",\"@id\":\"https:\\\/\\\/sme-d.se\\\/#\\\/schema\\\/person\\\/643a10f983b385787d2918adf4e60ff8\",\"name\":\"hamid.ershad@tebab.com\",\"image\":{\"@type\":\"ImageObject\",\"inLanguage\":\"en-US\",\"@id\":\"https:\\\/\\\/secure.gravatar.com\\\/avatar\\\/a6b278cd0d3c3106f8f9591855817f81ee2cdcabe13d18be42aa40d1e8c57082?s=96&d=mm&r=g\",\"url\":\"https:\\\/\\\/secure.gravatar.com\\\/avatar\\\/a6b278cd0d3c3106f8f9591855817f81ee2cdcabe13d18be42aa40d1e8c57082?s=96&d=mm&r=g\",\"contentUrl\":\"https:\\\/\\\/secure.gravatar.com\\\/avatar\\\/a6b278cd0d3c3106f8f9591855817f81ee2cdcabe13d18be42aa40d1e8c57082?s=96&d=mm&r=g\",\"caption\":\"hamid.ershad@tebab.com\"},\"url\":\"https:\\\/\\\/sme-d.se\\\/en\\\/author\\\/hamid-ershadtebab-com\\\/\"}]}<\/script>\n<!-- \/ Yoast SEO plugin. -->","yoast_head_json":{"title":"Advenica strengthens collaboration with FMV - SME-D","robots":{"index":"index","follow":"follow","max-snippet":"max-snippet:-1","max-image-preview":"max-image-preview:large","max-video-preview":"max-video-preview:-1"},"canonical":"https:\/\/sme-d.se\/en\/2017\/04\/advenica-forstarker-samarbetet-med-fmv\/","og_locale":"en_US","og_type":"article","og_title":"Advenica f\u00f6rst\u00e4rker samarbetet med FMV - SME-D","og_description":"F\u00f6rsvarets materielverk (FMV) har best\u00e4llt tekniska utredningar kring l\u00f6sningar f\u00f6r skydd av kommunikation. Orderv\u00e4rdet uppg\u00e5r till cirka 1,7 miljoner kronor och leverans kommer att ske under h\u00f6sten 2017. Advenica har alltsedan 2002 utvecklat krypteringsl\u00f6sningar f\u00f6r det svenska totalf\u00f6rsvarets behov. Ut\u00f6ver nyutveckling har Advenica bedrivit bland annat systemunderh\u00e5ll, omv\u00e4rldsbevakning och olika typer av tekniska studier p\u00e5 [&hellip;]","og_url":"https:\/\/sme-d.se\/en\/2017\/04\/advenica-forstarker-samarbetet-med-fmv\/","og_site_name":"SME-D","article_published_time":"2017-04-19T07:14:19+00:00","author":"hamid.ershad@tebab.com","twitter_card":"summary_large_image","twitter_misc":{"Written by":"hamid.ershad@tebab.com","Est. reading time":"1 minute"},"schema":{"@context":"https:\/\/schema.org","@graph":[{"@type":"Article","@id":"https:\/\/sme-d.se\/2017\/04\/advenica-forstarker-samarbetet-med-fmv\/#article","isPartOf":{"@id":"https:\/\/sme-d.se\/2017\/04\/advenica-forstarker-samarbetet-med-fmv\/"},"author":{"name":"hamid.ershad@tebab.com","@id":"https:\/\/sme-d.se\/#\/schema\/person\/643a10f983b385787d2918adf4e60ff8"},"headline":"Advenica f\u00f6rst\u00e4rker samarbetet med FMV","datePublished":"2017-04-19T07:14:19+00:00","mainEntityOfPage":{"@id":"https:\/\/sme-d.se\/2017\/04\/advenica-forstarker-samarbetet-med-fmv\/"},"wordCount":244,"commentCount":0,"publisher":{"@id":"https:\/\/sme-d.se\/#organization"},"image":{"@id":"https:\/\/sme-d.se\/2017\/04\/advenica-forstarker-samarbetet-med-fmv\/#primaryimage"},"thumbnailUrl":"","articleSection":["Okategoriserade"],"inLanguage":"en-US","potentialAction":[{"@type":"CommentAction","name":"Comment","target":["https:\/\/sme-d.se\/2017\/04\/advenica-forstarker-samarbetet-med-fmv\/#respond"]}]},{"@type":"WebPage","@id":"https:\/\/sme-d.se\/2017\/04\/advenica-forstarker-samarbetet-med-fmv\/","url":"https:\/\/sme-d.se\/2017\/04\/advenica-forstarker-samarbetet-med-fmv\/","name":"Advenica strengthens collaboration with FMV - SME-D","isPartOf":{"@id":"https:\/\/sme-d.se\/#website"},"primaryImageOfPage":{"@id":"https:\/\/sme-d.se\/2017\/04\/advenica-forstarker-samarbetet-med-fmv\/#primaryimage"},"image":{"@id":"https:\/\/sme-d.se\/2017\/04\/advenica-forstarker-samarbetet-med-fmv\/#primaryimage"},"thumbnailUrl":"","datePublished":"2017-04-19T07:14:19+00:00","breadcrumb":{"@id":"https:\/\/sme-d.se\/2017\/04\/advenica-forstarker-samarbetet-med-fmv\/#breadcrumb"},"inLanguage":"en-US","potentialAction":[{"@type":"ReadAction","target":["https:\/\/sme-d.se\/2017\/04\/advenica-forstarker-samarbetet-med-fmv\/"]}]},{"@type":"ImageObject","inLanguage":"en-US","@id":"https:\/\/sme-d.se\/2017\/04\/advenica-forstarker-samarbetet-med-fmv\/#primaryimage","url":"","contentUrl":""},{"@type":"BreadcrumbList","@id":"https:\/\/sme-d.se\/2017\/04\/advenica-forstarker-samarbetet-med-fmv\/#breadcrumb","itemListElement":[{"@type":"ListItem","position":1,"name":"Home","item":"https:\/\/sme-d.se\/"},{"@type":"ListItem","position":2,"name":"Advenica f\u00f6rst\u00e4rker samarbetet med FMV"}]},{"@type":"WebSite","@id":"https:\/\/sme-d.se\/#website","url":"https:\/\/sme-d.se\/","name":"SMITH","description":"The industry association for small and medium-sized enterprises (SMEs) in the Swedish defense sector","publisher":{"@id":"https:\/\/sme-d.se\/#organization"},"potentialAction":[{"@type":"SearchAction","target":{"@type":"EntryPoint","urlTemplate":"https:\/\/sme-d.se\/?s={search_term_string}"},"query-input":{"@type":"PropertyValueSpecification","valueRequired":true,"valueName":"search_term_string"}}],"inLanguage":"en-US"},{"@type":"Organization","@id":"https:\/\/sme-d.se\/#organization","name":"SMITH","url":"https:\/\/sme-d.se\/","logo":{"@type":"ImageObject","inLanguage":"en-US","@id":"https:\/\/sme-d.se\/#\/schema\/logo\/image\/","url":"https:\/\/sme-d.se\/wp-content\/uploads\/2023\/12\/SME-logga-ny2-1.png","contentUrl":"https:\/\/sme-d.se\/wp-content\/uploads\/2023\/12\/SME-logga-ny2-1.png","width":200,"height":58,"caption":"SME-D"},"image":{"@id":"https:\/\/sme-d.se\/#\/schema\/logo\/image\/"}},{"@type":"Person","@id":"https:\/\/sme-d.se\/#\/schema\/person\/643a10f983b385787d2918adf4e60ff8","name":"hamid.ershad@tebab.com","image":{"@type":"ImageObject","inLanguage":"en-US","@id":"https:\/\/secure.gravatar.com\/avatar\/a6b278cd0d3c3106f8f9591855817f81ee2cdcabe13d18be42aa40d1e8c57082?s=96&d=mm&r=g","url":"https:\/\/secure.gravatar.com\/avatar\/a6b278cd0d3c3106f8f9591855817f81ee2cdcabe13d18be42aa40d1e8c57082?s=96&d=mm&r=g","contentUrl":"https:\/\/secure.gravatar.com\/avatar\/a6b278cd0d3c3106f8f9591855817f81ee2cdcabe13d18be42aa40d1e8c57082?s=96&d=mm&r=g","caption":"hamid.ershad@tebab.com"},"url":"https:\/\/sme-d.se\/en\/author\/hamid-ershadtebab-com\/"}]}},"_links":{"self":[{"href":"https:\/\/sme-d.se\/en\/wp-json\/wp\/v2\/posts\/481705","targetHints":{"allow":["GET"]}}],"collection":[{"href":"https:\/\/sme-d.se\/en\/wp-json\/wp\/v2\/posts"}],"about":[{"href":"https:\/\/sme-d.se\/en\/wp-json\/wp\/v2\/types\/post"}],"author":[{"embeddable":true,"href":"https:\/\/sme-d.se\/en\/wp-json\/wp\/v2\/users\/2"}],"replies":[{"embeddable":true,"href":"https:\/\/sme-d.se\/en\/wp-json\/wp\/v2\/comments?post=481705"}],"version-history":[{"count":0,"href":"https:\/\/sme-d.se\/en\/wp-json\/wp\/v2\/posts\/481705\/revisions"}],"wp:featuredmedia":[{"embeddable":true,"href":"https:\/\/sme-d.se\/en\/wp-json\/"}],"wp:attachment":[{"href":"https:\/\/sme-d.se\/en\/wp-json\/wp\/v2\/media?parent=481705"}],"wp:term":[{"taxonomy":"category","embeddable":true,"href":"https:\/\/sme-d.se\/en\/wp-json\/wp\/v2\/categories?post=481705"},{"taxonomy":"post_tag","embeddable":true,"href":"https:\/\/sme-d.se\/en\/wp-json\/wp\/v2\/tags?post=481705"}],"curies":[{"name":"wp","href":"https:\/\/api.w.org\/{rel}","templated":true}]}}