{"id":460255,"date":"2017-03-27T11:09:23","date_gmt":"2017-03-27T09:09:23","guid":{"rendered":"http:\/\/www.sme-d.se\/?p=460255"},"modified":"2017-03-27T11:09:23","modified_gmt":"2017-03-27T09:09:23","slug":"advenica-rekryterar-staffan-lundgren","status":"publish","type":"post","link":"https:\/\/sme-d.se\/en\/2017\/03\/advenica-rekryterar-staffan-lundgren\/","title":{"rendered":"Advenica recruits Staffan Lundgren"},"content":{"rendered":"<p>Staffan Lundgren is an experienced leader who has worked for several years with service sales and change management in the IT and Telecom sector. Staffan was also involved early on in process and system development within PLM (Product Lifecycle Management) and has a deep understanding of how to refine the value chain towards customers.<\/p>\n<p>\u201dAdvenica continues to invest in Professional Services in order to continue to offer a unique service offering for our existing and new customers. It is therefore extremely exciting for the company to welcome Staffan to our team,\u201d says Einar Lindquist, CEO, Advenica AB.<\/p>\n<p>Staffan&#039;s most recent employment was with Sony Mobile where he held various roles and responsibilities within IT, strategy, quality and customer service for ten years. Before Sony Mobile, Staffan worked for various consulting organizations, including PTC and T-Systems. In his consulting roles, Staffan worked with both major international clients such as Tetra Pak and local players such as \u00d6resundskraft.<\/p>\n<p>\u2013 Advenica delivers advanced cybersecurity solutions and possesses unique knowledge in the market that makes a big difference for digital solutions and communication. I am therefore very much looking forward to becoming part of the company and building Professional Services with a focus on developing the service offering. I am driven by creating teams with great commitment and working with cutting-edge technology, says Staffan Lundgren, VP Professional Services, Advenica AB.<\/p>\n<p>Staffan will take up the position immediately and will be part of Advenica&#039;s management team.<\/p>\n<p>The news can also be read <a href=\"https:\/\/www.aktuellsakerhet.se\/advenica-rekryterar-staffan-lundgren\/\" target=\"_blank\" rel=\"noopener\">here<\/a>.<\/p>","protected":false},"excerpt":{"rendered":"<p>Staffan Lundgren is an experienced leader who has worked for several years with service sales and change management in the IT and Telecom sector. Staffan was also involved in process and system development within PLM (Product Lifecycle Management) at an early stage and has a deep understanding of how to refine the value chain towards customers. \u2013 Advenica continues to invest in Professional Services [\u2026]<\/p>","protected":false},"author":2,"featured_media":0,"comment_status":"open","ping_status":"open","sticky":false,"template":"","format":"standard","meta":{"footnotes":""},"categories":[1],"tags":[],"class_list":["post-460255","post","type-post","status-publish","format-standard","hentry","category-okategoriserade"],"acf":[],"yoast_head":"<!-- This site is optimized with the Yoast SEO plugin v27.5 - https:\/\/yoast.com\/product\/yoast-seo-wordpress\/ -->\n<title>Advenica rekryterar Staffan Lundgren - SME-D<\/title>\n<meta name=\"robots\" content=\"index, follow, max-snippet:-1, max-image-preview:large, max-video-preview:-1\" \/>\n<link rel=\"canonical\" href=\"https:\/\/sme-d.se\/en\/2017\/03\/advenica-rekryterar-staffan-lundgren\/\" \/>\n<meta property=\"og:locale\" content=\"en_US\" \/>\n<meta property=\"og:type\" content=\"article\" \/>\n<meta property=\"og:title\" content=\"Advenica rekryterar Staffan Lundgren - SME-D\" \/>\n<meta property=\"og:description\" content=\"Staffan Lundgren \u00e4r en erfaren ledare som har arbetat i flera \u00e5r med tj\u00e4nstef\u00f6rs\u00e4ljning och f\u00f6r\u00e4ndringsledning inom IT och Telekomsektorn. Staffan var dessutom tidigt involverad i process- och systemutveckling inom PLM (Product Lifecycle Management) och har en djup f\u00f6rst\u00e5else f\u00f6r hur man kan f\u00f6r\u00e4dla v\u00e4rdekedjan gentemot kunder. \u2013 Advenica forts\u00e4tter att investera inom Professional Services [&hellip;]\" \/>\n<meta property=\"og:url\" content=\"https:\/\/sme-d.se\/en\/2017\/03\/advenica-rekryterar-staffan-lundgren\/\" \/>\n<meta property=\"og:site_name\" content=\"SME-D\" \/>\n<meta property=\"article:published_time\" content=\"2017-03-27T09:09:23+00:00\" \/>\n<meta name=\"author\" content=\"hamid.ershad@tebab.com\" \/>\n<meta name=\"twitter:card\" content=\"summary_large_image\" \/>\n<meta name=\"twitter:label1\" content=\"Written by\" \/>\n\t<meta name=\"twitter:data1\" content=\"hamid.ershad@tebab.com\" \/>\n\t<meta name=\"twitter:label2\" content=\"Est. reading time\" \/>\n\t<meta name=\"twitter:data2\" content=\"1 minute\" \/>\n<script type=\"application\/ld+json\" class=\"yoast-schema-graph\">{\"@context\":\"https:\\\/\\\/schema.org\",\"@graph\":[{\"@type\":\"Article\",\"@id\":\"https:\\\/\\\/sme-d.se\\\/2017\\\/03\\\/advenica-rekryterar-staffan-lundgren\\\/#article\",\"isPartOf\":{\"@id\":\"https:\\\/\\\/sme-d.se\\\/2017\\\/03\\\/advenica-rekryterar-staffan-lundgren\\\/\"},\"author\":{\"name\":\"hamid.ershad@tebab.com\",\"@id\":\"https:\\\/\\\/sme-d.se\\\/#\\\/schema\\\/person\\\/643a10f983b385787d2918adf4e60ff8\"},\"headline\":\"Advenica rekryterar Staffan Lundgren\",\"datePublished\":\"2017-03-27T09:09:23+00:00\",\"mainEntityOfPage\":{\"@id\":\"https:\\\/\\\/sme-d.se\\\/2017\\\/03\\\/advenica-rekryterar-staffan-lundgren\\\/\"},\"wordCount\":278,\"commentCount\":0,\"publisher\":{\"@id\":\"https:\\\/\\\/sme-d.se\\\/#organization\"},\"articleSection\":[\"Okategoriserade\"],\"inLanguage\":\"en-US\",\"potentialAction\":[{\"@type\":\"CommentAction\",\"name\":\"Comment\",\"target\":[\"https:\\\/\\\/sme-d.se\\\/2017\\\/03\\\/advenica-rekryterar-staffan-lundgren\\\/#respond\"]}]},{\"@type\":\"WebPage\",\"@id\":\"https:\\\/\\\/sme-d.se\\\/2017\\\/03\\\/advenica-rekryterar-staffan-lundgren\\\/\",\"url\":\"https:\\\/\\\/sme-d.se\\\/2017\\\/03\\\/advenica-rekryterar-staffan-lundgren\\\/\",\"name\":\"Advenica rekryterar Staffan Lundgren - SME-D\",\"isPartOf\":{\"@id\":\"https:\\\/\\\/sme-d.se\\\/#website\"},\"datePublished\":\"2017-03-27T09:09:23+00:00\",\"breadcrumb\":{\"@id\":\"https:\\\/\\\/sme-d.se\\\/2017\\\/03\\\/advenica-rekryterar-staffan-lundgren\\\/#breadcrumb\"},\"inLanguage\":\"en-US\",\"potentialAction\":[{\"@type\":\"ReadAction\",\"target\":[\"https:\\\/\\\/sme-d.se\\\/2017\\\/03\\\/advenica-rekryterar-staffan-lundgren\\\/\"]}]},{\"@type\":\"BreadcrumbList\",\"@id\":\"https:\\\/\\\/sme-d.se\\\/2017\\\/03\\\/advenica-rekryterar-staffan-lundgren\\\/#breadcrumb\",\"itemListElement\":[{\"@type\":\"ListItem\",\"position\":1,\"name\":\"Home\",\"item\":\"https:\\\/\\\/sme-d.se\\\/\"},{\"@type\":\"ListItem\",\"position\":2,\"name\":\"Advenica rekryterar Staffan Lundgren\"}]},{\"@type\":\"WebSite\",\"@id\":\"https:\\\/\\\/sme-d.se\\\/#website\",\"url\":\"https:\\\/\\\/sme-d.se\\\/\",\"name\":\"SME-D\",\"description\":\"Branschorganisationen f\u00f6r sm\u00e5 och medelstora f\u00f6retag (SME) inom svensk f\u00f6rsvarssektor\",\"publisher\":{\"@id\":\"https:\\\/\\\/sme-d.se\\\/#organization\"},\"potentialAction\":[{\"@type\":\"SearchAction\",\"target\":{\"@type\":\"EntryPoint\",\"urlTemplate\":\"https:\\\/\\\/sme-d.se\\\/?s={search_term_string}\"},\"query-input\":{\"@type\":\"PropertyValueSpecification\",\"valueRequired\":true,\"valueName\":\"search_term_string\"}}],\"inLanguage\":\"en-US\"},{\"@type\":\"Organization\",\"@id\":\"https:\\\/\\\/sme-d.se\\\/#organization\",\"name\":\"SME-D\",\"url\":\"https:\\\/\\\/sme-d.se\\\/\",\"logo\":{\"@type\":\"ImageObject\",\"inLanguage\":\"en-US\",\"@id\":\"https:\\\/\\\/sme-d.se\\\/#\\\/schema\\\/logo\\\/image\\\/\",\"url\":\"https:\\\/\\\/sme-d.se\\\/wp-content\\\/uploads\\\/2023\\\/12\\\/SME-logga-ny2-1.png\",\"contentUrl\":\"https:\\\/\\\/sme-d.se\\\/wp-content\\\/uploads\\\/2023\\\/12\\\/SME-logga-ny2-1.png\",\"width\":200,\"height\":58,\"caption\":\"SME-D\"},\"image\":{\"@id\":\"https:\\\/\\\/sme-d.se\\\/#\\\/schema\\\/logo\\\/image\\\/\"}},{\"@type\":\"Person\",\"@id\":\"https:\\\/\\\/sme-d.se\\\/#\\\/schema\\\/person\\\/643a10f983b385787d2918adf4e60ff8\",\"name\":\"hamid.ershad@tebab.com\",\"image\":{\"@type\":\"ImageObject\",\"inLanguage\":\"en-US\",\"@id\":\"https:\\\/\\\/secure.gravatar.com\\\/avatar\\\/a6b278cd0d3c3106f8f9591855817f81ee2cdcabe13d18be42aa40d1e8c57082?s=96&d=mm&r=g\",\"url\":\"https:\\\/\\\/secure.gravatar.com\\\/avatar\\\/a6b278cd0d3c3106f8f9591855817f81ee2cdcabe13d18be42aa40d1e8c57082?s=96&d=mm&r=g\",\"contentUrl\":\"https:\\\/\\\/secure.gravatar.com\\\/avatar\\\/a6b278cd0d3c3106f8f9591855817f81ee2cdcabe13d18be42aa40d1e8c57082?s=96&d=mm&r=g\",\"caption\":\"hamid.ershad@tebab.com\"},\"url\":\"https:\\\/\\\/sme-d.se\\\/en\\\/author\\\/hamid-ershadtebab-com\\\/\"}]}<\/script>\n<!-- \/ Yoast SEO plugin. -->","yoast_head_json":{"title":"Advenica recruits Staffan Lundgren - SME-D","robots":{"index":"index","follow":"follow","max-snippet":"max-snippet:-1","max-image-preview":"max-image-preview:large","max-video-preview":"max-video-preview:-1"},"canonical":"https:\/\/sme-d.se\/en\/2017\/03\/advenica-rekryterar-staffan-lundgren\/","og_locale":"en_US","og_type":"article","og_title":"Advenica rekryterar Staffan Lundgren - SME-D","og_description":"Staffan Lundgren \u00e4r en erfaren ledare som har arbetat i flera \u00e5r med tj\u00e4nstef\u00f6rs\u00e4ljning och f\u00f6r\u00e4ndringsledning inom IT och Telekomsektorn. Staffan var dessutom tidigt involverad i process- och systemutveckling inom PLM (Product Lifecycle Management) och har en djup f\u00f6rst\u00e5else f\u00f6r hur man kan f\u00f6r\u00e4dla v\u00e4rdekedjan gentemot kunder. \u2013 Advenica forts\u00e4tter att investera inom Professional Services [&hellip;]","og_url":"https:\/\/sme-d.se\/en\/2017\/03\/advenica-rekryterar-staffan-lundgren\/","og_site_name":"SME-D","article_published_time":"2017-03-27T09:09:23+00:00","author":"hamid.ershad@tebab.com","twitter_card":"summary_large_image","twitter_misc":{"Written by":"hamid.ershad@tebab.com","Est. reading time":"1 minute"},"schema":{"@context":"https:\/\/schema.org","@graph":[{"@type":"Article","@id":"https:\/\/sme-d.se\/2017\/03\/advenica-rekryterar-staffan-lundgren\/#article","isPartOf":{"@id":"https:\/\/sme-d.se\/2017\/03\/advenica-rekryterar-staffan-lundgren\/"},"author":{"name":"hamid.ershad@tebab.com","@id":"https:\/\/sme-d.se\/#\/schema\/person\/643a10f983b385787d2918adf4e60ff8"},"headline":"Advenica rekryterar Staffan Lundgren","datePublished":"2017-03-27T09:09:23+00:00","mainEntityOfPage":{"@id":"https:\/\/sme-d.se\/2017\/03\/advenica-rekryterar-staffan-lundgren\/"},"wordCount":278,"commentCount":0,"publisher":{"@id":"https:\/\/sme-d.se\/#organization"},"articleSection":["Okategoriserade"],"inLanguage":"en-US","potentialAction":[{"@type":"CommentAction","name":"Comment","target":["https:\/\/sme-d.se\/2017\/03\/advenica-rekryterar-staffan-lundgren\/#respond"]}]},{"@type":"WebPage","@id":"https:\/\/sme-d.se\/2017\/03\/advenica-rekryterar-staffan-lundgren\/","url":"https:\/\/sme-d.se\/2017\/03\/advenica-rekryterar-staffan-lundgren\/","name":"Advenica recruits Staffan Lundgren - SME-D","isPartOf":{"@id":"https:\/\/sme-d.se\/#website"},"datePublished":"2017-03-27T09:09:23+00:00","breadcrumb":{"@id":"https:\/\/sme-d.se\/2017\/03\/advenica-rekryterar-staffan-lundgren\/#breadcrumb"},"inLanguage":"en-US","potentialAction":[{"@type":"ReadAction","target":["https:\/\/sme-d.se\/2017\/03\/advenica-rekryterar-staffan-lundgren\/"]}]},{"@type":"BreadcrumbList","@id":"https:\/\/sme-d.se\/2017\/03\/advenica-rekryterar-staffan-lundgren\/#breadcrumb","itemListElement":[{"@type":"ListItem","position":1,"name":"Home","item":"https:\/\/sme-d.se\/"},{"@type":"ListItem","position":2,"name":"Advenica rekryterar Staffan Lundgren"}]},{"@type":"WebSite","@id":"https:\/\/sme-d.se\/#website","url":"https:\/\/sme-d.se\/","name":"SMITH","description":"The industry association for small and medium-sized enterprises (SMEs) in the Swedish defense sector","publisher":{"@id":"https:\/\/sme-d.se\/#organization"},"potentialAction":[{"@type":"SearchAction","target":{"@type":"EntryPoint","urlTemplate":"https:\/\/sme-d.se\/?s={search_term_string}"},"query-input":{"@type":"PropertyValueSpecification","valueRequired":true,"valueName":"search_term_string"}}],"inLanguage":"en-US"},{"@type":"Organization","@id":"https:\/\/sme-d.se\/#organization","name":"SMITH","url":"https:\/\/sme-d.se\/","logo":{"@type":"ImageObject","inLanguage":"en-US","@id":"https:\/\/sme-d.se\/#\/schema\/logo\/image\/","url":"https:\/\/sme-d.se\/wp-content\/uploads\/2023\/12\/SME-logga-ny2-1.png","contentUrl":"https:\/\/sme-d.se\/wp-content\/uploads\/2023\/12\/SME-logga-ny2-1.png","width":200,"height":58,"caption":"SME-D"},"image":{"@id":"https:\/\/sme-d.se\/#\/schema\/logo\/image\/"}},{"@type":"Person","@id":"https:\/\/sme-d.se\/#\/schema\/person\/643a10f983b385787d2918adf4e60ff8","name":"hamid.ershad@tebab.com","image":{"@type":"ImageObject","inLanguage":"en-US","@id":"https:\/\/secure.gravatar.com\/avatar\/a6b278cd0d3c3106f8f9591855817f81ee2cdcabe13d18be42aa40d1e8c57082?s=96&d=mm&r=g","url":"https:\/\/secure.gravatar.com\/avatar\/a6b278cd0d3c3106f8f9591855817f81ee2cdcabe13d18be42aa40d1e8c57082?s=96&d=mm&r=g","contentUrl":"https:\/\/secure.gravatar.com\/avatar\/a6b278cd0d3c3106f8f9591855817f81ee2cdcabe13d18be42aa40d1e8c57082?s=96&d=mm&r=g","caption":"hamid.ershad@tebab.com"},"url":"https:\/\/sme-d.se\/en\/author\/hamid-ershadtebab-com\/"}]}},"_links":{"self":[{"href":"https:\/\/sme-d.se\/en\/wp-json\/wp\/v2\/posts\/460255","targetHints":{"allow":["GET"]}}],"collection":[{"href":"https:\/\/sme-d.se\/en\/wp-json\/wp\/v2\/posts"}],"about":[{"href":"https:\/\/sme-d.se\/en\/wp-json\/wp\/v2\/types\/post"}],"author":[{"embeddable":true,"href":"https:\/\/sme-d.se\/en\/wp-json\/wp\/v2\/users\/2"}],"replies":[{"embeddable":true,"href":"https:\/\/sme-d.se\/en\/wp-json\/wp\/v2\/comments?post=460255"}],"version-history":[{"count":0,"href":"https:\/\/sme-d.se\/en\/wp-json\/wp\/v2\/posts\/460255\/revisions"}],"wp:attachment":[{"href":"https:\/\/sme-d.se\/en\/wp-json\/wp\/v2\/media?parent=460255"}],"wp:term":[{"taxonomy":"category","embeddable":true,"href":"https:\/\/sme-d.se\/en\/wp-json\/wp\/v2\/categories?post=460255"},{"taxonomy":"post_tag","embeddable":true,"href":"https:\/\/sme-d.se\/en\/wp-json\/wp\/v2\/tags?post=460255"}],"curies":[{"name":"wp","href":"https:\/\/api.w.org\/{rel}","templated":true}]}}