{"id":385243,"date":"2017-01-04T14:40:54","date_gmt":"2017-01-04T13:40:54","guid":{"rendered":"http:\/\/www.sme-d.se\/?p=385243"},"modified":"2017-01-04T14:40:54","modified_gmt":"2017-01-04T13:40:54","slug":"sme-d-deltar-pa-folk-och-forsvars-rikskonferens-i-salen","status":"publish","type":"post","link":"https:\/\/sme-d.se\/en\/2017\/01\/sme-d-deltar-pa-folk-och-forsvars-rikskonferens-i-salen\/","title":{"rendered":"SME-D participates in the People and Defense National Conference in S\u00e4len"},"content":{"rendered":"<p>The conference is Sweden&#039;s most important forum for discussions about security policy, defense and society&#039;s crisis preparedness and brings together approximately 350 participants for conversations focusing on world security, Sweden&#039;s defense, people&#039;s safety and society&#039;s crisis preparedness.<\/p>\n<p>Speakers include the Prime Minister, the Commander-in-Chief, the Minister of Defence, the Minister of the Interior, the Minister for EU Affairs and Trade, the Director General of the Swedish National Security Service, the Director General of the Swedish Security Service and C MUST.<\/p>\n<p>For more information, please visit the website. <a href=\"http:\/\/www.folkochforsvar.se\/rikskonferensen.html\" target=\"_blank\" rel=\"noopener\">People and Defense<\/a>.<\/p>","protected":false},"excerpt":{"rendered":"<p>The conference is Sweden&#039;s most important forum for discussions on security policy, defense and society&#039;s crisis preparedness and brings together approximately 350 participants for talks focusing on world security, Sweden&#039;s defense, people&#039;s safety and society&#039;s crisis preparedness. Speakers include the Prime Minister, the Commander-in-Chief, the Minister of Defense, the Minister of the Interior, the Minister for EU Affairs and Trade, the Directorate General of the Swedish Security Service, the Directorate General of the Swedish Security Service and C MUST. For more information, please visit [\u2026]<\/p>","protected":false},"author":2,"featured_media":370857,"comment_status":"open","ping_status":"open","sticky":false,"template":"","format":"standard","meta":{"footnotes":""},"categories":[1],"tags":[],"class_list":["post-385243","post","type-post","status-publish","format-standard","has-post-thumbnail","hentry","category-okategoriserade"],"acf":[],"yoast_head":"<!-- This site is optimized with the Yoast SEO plugin v27.5 - https:\/\/yoast.com\/product\/yoast-seo-wordpress\/ -->\n<title>SME-D deltar p\u00e5 Folk och F\u00f6rsvars rikskonferens i S\u00e4len - SME-D<\/title>\n<meta name=\"robots\" content=\"index, follow, max-snippet:-1, max-image-preview:large, max-video-preview:-1\" \/>\n<link rel=\"canonical\" href=\"https:\/\/sme-d.se\/en\/2017\/01\/sme-d-deltar-pa-folk-och-forsvars-rikskonferens-i-salen\/\" \/>\n<meta property=\"og:locale\" content=\"en_US\" \/>\n<meta property=\"og:type\" content=\"article\" \/>\n<meta property=\"og:title\" content=\"SME-D deltar p\u00e5 Folk och F\u00f6rsvars rikskonferens i S\u00e4len - SME-D\" \/>\n<meta property=\"og:description\" content=\"Konferensen \u00e4r Sveriges viktigaste forum f\u00f6r diskussioner om s\u00e4kerhetspolitik, f\u00f6rsvar och samh\u00e4llets krisberedskap och samlar ca 350 deltagare f\u00f6r samtal med fokus p\u00e5 v\u00e4rldens s\u00e4kerhet, Sveriges f\u00f6rsvar, m\u00e4nniskors trygghet och samh\u00e4llets krisberedskap. Bland talarna \u00e5terfinns bl.a. Statsministern, \u00d6verbef\u00e4lhavaren, F\u00f6rsvarsministern, Inrikesministern, EU- och handelsministern, MSB GD, S\u00e4kerhetspolisen GD och C MUST. F\u00f6r mer information, bes\u00f6k g\u00e4rna [&hellip;]\" \/>\n<meta property=\"og:url\" content=\"https:\/\/sme-d.se\/en\/2017\/01\/sme-d-deltar-pa-folk-och-forsvars-rikskonferens-i-salen\/\" \/>\n<meta property=\"og:site_name\" content=\"SME-D\" \/>\n<meta property=\"article:published_time\" content=\"2017-01-04T13:40:54+00:00\" \/>\n<meta name=\"author\" content=\"hamid.ershad@tebab.com\" \/>\n<meta name=\"twitter:card\" content=\"summary_large_image\" \/>\n<meta name=\"twitter:label1\" content=\"Written by\" \/>\n\t<meta name=\"twitter:data1\" content=\"hamid.ershad@tebab.com\" \/>\n<script type=\"application\/ld+json\" class=\"yoast-schema-graph\">{\"@context\":\"https:\\\/\\\/schema.org\",\"@graph\":[{\"@type\":\"Article\",\"@id\":\"https:\\\/\\\/sme-d.se\\\/2017\\\/01\\\/sme-d-deltar-pa-folk-och-forsvars-rikskonferens-i-salen\\\/#article\",\"isPartOf\":{\"@id\":\"https:\\\/\\\/sme-d.se\\\/2017\\\/01\\\/sme-d-deltar-pa-folk-och-forsvars-rikskonferens-i-salen\\\/\"},\"author\":{\"name\":\"hamid.ershad@tebab.com\",\"@id\":\"https:\\\/\\\/sme-d.se\\\/#\\\/schema\\\/person\\\/643a10f983b385787d2918adf4e60ff8\"},\"headline\":\"SME-D deltar p\u00e5 Folk och F\u00f6rsvars rikskonferens i S\u00e4len\",\"datePublished\":\"2017-01-04T13:40:54+00:00\",\"mainEntityOfPage\":{\"@id\":\"https:\\\/\\\/sme-d.se\\\/2017\\\/01\\\/sme-d-deltar-pa-folk-och-forsvars-rikskonferens-i-salen\\\/\"},\"wordCount\":87,\"commentCount\":0,\"publisher\":{\"@id\":\"https:\\\/\\\/sme-d.se\\\/#organization\"},\"image\":{\"@id\":\"https:\\\/\\\/sme-d.se\\\/2017\\\/01\\\/sme-d-deltar-pa-folk-och-forsvars-rikskonferens-i-salen\\\/#primaryimage\"},\"thumbnailUrl\":\"\",\"articleSection\":[\"Okategoriserade\"],\"inLanguage\":\"en-US\",\"potentialAction\":[{\"@type\":\"CommentAction\",\"name\":\"Comment\",\"target\":[\"https:\\\/\\\/sme-d.se\\\/2017\\\/01\\\/sme-d-deltar-pa-folk-och-forsvars-rikskonferens-i-salen\\\/#respond\"]}]},{\"@type\":\"WebPage\",\"@id\":\"https:\\\/\\\/sme-d.se\\\/2017\\\/01\\\/sme-d-deltar-pa-folk-och-forsvars-rikskonferens-i-salen\\\/\",\"url\":\"https:\\\/\\\/sme-d.se\\\/2017\\\/01\\\/sme-d-deltar-pa-folk-och-forsvars-rikskonferens-i-salen\\\/\",\"name\":\"SME-D deltar p\u00e5 Folk och F\u00f6rsvars rikskonferens i S\u00e4len - SME-D\",\"isPartOf\":{\"@id\":\"https:\\\/\\\/sme-d.se\\\/#website\"},\"primaryImageOfPage\":{\"@id\":\"https:\\\/\\\/sme-d.se\\\/2017\\\/01\\\/sme-d-deltar-pa-folk-och-forsvars-rikskonferens-i-salen\\\/#primaryimage\"},\"image\":{\"@id\":\"https:\\\/\\\/sme-d.se\\\/2017\\\/01\\\/sme-d-deltar-pa-folk-och-forsvars-rikskonferens-i-salen\\\/#primaryimage\"},\"thumbnailUrl\":\"\",\"datePublished\":\"2017-01-04T13:40:54+00:00\",\"breadcrumb\":{\"@id\":\"https:\\\/\\\/sme-d.se\\\/2017\\\/01\\\/sme-d-deltar-pa-folk-och-forsvars-rikskonferens-i-salen\\\/#breadcrumb\"},\"inLanguage\":\"en-US\",\"potentialAction\":[{\"@type\":\"ReadAction\",\"target\":[\"https:\\\/\\\/sme-d.se\\\/2017\\\/01\\\/sme-d-deltar-pa-folk-och-forsvars-rikskonferens-i-salen\\\/\"]}]},{\"@type\":\"ImageObject\",\"inLanguage\":\"en-US\",\"@id\":\"https:\\\/\\\/sme-d.se\\\/2017\\\/01\\\/sme-d-deltar-pa-folk-och-forsvars-rikskonferens-i-salen\\\/#primaryimage\",\"url\":\"\",\"contentUrl\":\"\"},{\"@type\":\"BreadcrumbList\",\"@id\":\"https:\\\/\\\/sme-d.se\\\/2017\\\/01\\\/sme-d-deltar-pa-folk-och-forsvars-rikskonferens-i-salen\\\/#breadcrumb\",\"itemListElement\":[{\"@type\":\"ListItem\",\"position\":1,\"name\":\"Home\",\"item\":\"https:\\\/\\\/sme-d.se\\\/\"},{\"@type\":\"ListItem\",\"position\":2,\"name\":\"SME-D deltar p\u00e5 Folk och F\u00f6rsvars rikskonferens i S\u00e4len\"}]},{\"@type\":\"WebSite\",\"@id\":\"https:\\\/\\\/sme-d.se\\\/#website\",\"url\":\"https:\\\/\\\/sme-d.se\\\/\",\"name\":\"SME-D\",\"description\":\"Branschorganisationen f\u00f6r sm\u00e5 och medelstora f\u00f6retag (SME) inom svensk f\u00f6rsvarssektor\",\"publisher\":{\"@id\":\"https:\\\/\\\/sme-d.se\\\/#organization\"},\"potentialAction\":[{\"@type\":\"SearchAction\",\"target\":{\"@type\":\"EntryPoint\",\"urlTemplate\":\"https:\\\/\\\/sme-d.se\\\/?s={search_term_string}\"},\"query-input\":{\"@type\":\"PropertyValueSpecification\",\"valueRequired\":true,\"valueName\":\"search_term_string\"}}],\"inLanguage\":\"en-US\"},{\"@type\":\"Organization\",\"@id\":\"https:\\\/\\\/sme-d.se\\\/#organization\",\"name\":\"SME-D\",\"url\":\"https:\\\/\\\/sme-d.se\\\/\",\"logo\":{\"@type\":\"ImageObject\",\"inLanguage\":\"en-US\",\"@id\":\"https:\\\/\\\/sme-d.se\\\/#\\\/schema\\\/logo\\\/image\\\/\",\"url\":\"https:\\\/\\\/sme-d.se\\\/wp-content\\\/uploads\\\/2023\\\/12\\\/SME-logga-ny2-1.png\",\"contentUrl\":\"https:\\\/\\\/sme-d.se\\\/wp-content\\\/uploads\\\/2023\\\/12\\\/SME-logga-ny2-1.png\",\"width\":200,\"height\":58,\"caption\":\"SME-D\"},\"image\":{\"@id\":\"https:\\\/\\\/sme-d.se\\\/#\\\/schema\\\/logo\\\/image\\\/\"}},{\"@type\":\"Person\",\"@id\":\"https:\\\/\\\/sme-d.se\\\/#\\\/schema\\\/person\\\/643a10f983b385787d2918adf4e60ff8\",\"name\":\"hamid.ershad@tebab.com\",\"image\":{\"@type\":\"ImageObject\",\"inLanguage\":\"en-US\",\"@id\":\"https:\\\/\\\/secure.gravatar.com\\\/avatar\\\/a6b278cd0d3c3106f8f9591855817f81ee2cdcabe13d18be42aa40d1e8c57082?s=96&d=mm&r=g\",\"url\":\"https:\\\/\\\/secure.gravatar.com\\\/avatar\\\/a6b278cd0d3c3106f8f9591855817f81ee2cdcabe13d18be42aa40d1e8c57082?s=96&d=mm&r=g\",\"contentUrl\":\"https:\\\/\\\/secure.gravatar.com\\\/avatar\\\/a6b278cd0d3c3106f8f9591855817f81ee2cdcabe13d18be42aa40d1e8c57082?s=96&d=mm&r=g\",\"caption\":\"hamid.ershad@tebab.com\"},\"url\":\"https:\\\/\\\/sme-d.se\\\/en\\\/author\\\/hamid-ershadtebab-com\\\/\"}]}<\/script>\n<!-- \/ Yoast SEO plugin. -->","yoast_head_json":{"title":"SME-D participates in the People and Defense National Conference in S\u00e4len - SME-D","robots":{"index":"index","follow":"follow","max-snippet":"max-snippet:-1","max-image-preview":"max-image-preview:large","max-video-preview":"max-video-preview:-1"},"canonical":"https:\/\/sme-d.se\/en\/2017\/01\/sme-d-deltar-pa-folk-och-forsvars-rikskonferens-i-salen\/","og_locale":"en_US","og_type":"article","og_title":"SME-D deltar p\u00e5 Folk och F\u00f6rsvars rikskonferens i S\u00e4len - SME-D","og_description":"Konferensen \u00e4r Sveriges viktigaste forum f\u00f6r diskussioner om s\u00e4kerhetspolitik, f\u00f6rsvar och samh\u00e4llets krisberedskap och samlar ca 350 deltagare f\u00f6r samtal med fokus p\u00e5 v\u00e4rldens s\u00e4kerhet, Sveriges f\u00f6rsvar, m\u00e4nniskors trygghet och samh\u00e4llets krisberedskap. Bland talarna \u00e5terfinns bl.a. Statsministern, \u00d6verbef\u00e4lhavaren, F\u00f6rsvarsministern, Inrikesministern, EU- och handelsministern, MSB GD, S\u00e4kerhetspolisen GD och C MUST. F\u00f6r mer information, bes\u00f6k g\u00e4rna [&hellip;]","og_url":"https:\/\/sme-d.se\/en\/2017\/01\/sme-d-deltar-pa-folk-och-forsvars-rikskonferens-i-salen\/","og_site_name":"SME-D","article_published_time":"2017-01-04T13:40:54+00:00","author":"hamid.ershad@tebab.com","twitter_card":"summary_large_image","twitter_misc":{"Written by":"hamid.ershad@tebab.com"},"schema":{"@context":"https:\/\/schema.org","@graph":[{"@type":"Article","@id":"https:\/\/sme-d.se\/2017\/01\/sme-d-deltar-pa-folk-och-forsvars-rikskonferens-i-salen\/#article","isPartOf":{"@id":"https:\/\/sme-d.se\/2017\/01\/sme-d-deltar-pa-folk-och-forsvars-rikskonferens-i-salen\/"},"author":{"name":"hamid.ershad@tebab.com","@id":"https:\/\/sme-d.se\/#\/schema\/person\/643a10f983b385787d2918adf4e60ff8"},"headline":"SME-D deltar p\u00e5 Folk och F\u00f6rsvars rikskonferens i S\u00e4len","datePublished":"2017-01-04T13:40:54+00:00","mainEntityOfPage":{"@id":"https:\/\/sme-d.se\/2017\/01\/sme-d-deltar-pa-folk-och-forsvars-rikskonferens-i-salen\/"},"wordCount":87,"commentCount":0,"publisher":{"@id":"https:\/\/sme-d.se\/#organization"},"image":{"@id":"https:\/\/sme-d.se\/2017\/01\/sme-d-deltar-pa-folk-och-forsvars-rikskonferens-i-salen\/#primaryimage"},"thumbnailUrl":"","articleSection":["Okategoriserade"],"inLanguage":"en-US","potentialAction":[{"@type":"CommentAction","name":"Comment","target":["https:\/\/sme-d.se\/2017\/01\/sme-d-deltar-pa-folk-och-forsvars-rikskonferens-i-salen\/#respond"]}]},{"@type":"WebPage","@id":"https:\/\/sme-d.se\/2017\/01\/sme-d-deltar-pa-folk-och-forsvars-rikskonferens-i-salen\/","url":"https:\/\/sme-d.se\/2017\/01\/sme-d-deltar-pa-folk-och-forsvars-rikskonferens-i-salen\/","name":"SME-D participates in the People and Defense National Conference in S\u00e4len - SME-D","isPartOf":{"@id":"https:\/\/sme-d.se\/#website"},"primaryImageOfPage":{"@id":"https:\/\/sme-d.se\/2017\/01\/sme-d-deltar-pa-folk-och-forsvars-rikskonferens-i-salen\/#primaryimage"},"image":{"@id":"https:\/\/sme-d.se\/2017\/01\/sme-d-deltar-pa-folk-och-forsvars-rikskonferens-i-salen\/#primaryimage"},"thumbnailUrl":"","datePublished":"2017-01-04T13:40:54+00:00","breadcrumb":{"@id":"https:\/\/sme-d.se\/2017\/01\/sme-d-deltar-pa-folk-och-forsvars-rikskonferens-i-salen\/#breadcrumb"},"inLanguage":"en-US","potentialAction":[{"@type":"ReadAction","target":["https:\/\/sme-d.se\/2017\/01\/sme-d-deltar-pa-folk-och-forsvars-rikskonferens-i-salen\/"]}]},{"@type":"ImageObject","inLanguage":"en-US","@id":"https:\/\/sme-d.se\/2017\/01\/sme-d-deltar-pa-folk-och-forsvars-rikskonferens-i-salen\/#primaryimage","url":"","contentUrl":""},{"@type":"BreadcrumbList","@id":"https:\/\/sme-d.se\/2017\/01\/sme-d-deltar-pa-folk-och-forsvars-rikskonferens-i-salen\/#breadcrumb","itemListElement":[{"@type":"ListItem","position":1,"name":"Home","item":"https:\/\/sme-d.se\/"},{"@type":"ListItem","position":2,"name":"SME-D deltar p\u00e5 Folk och F\u00f6rsvars rikskonferens i S\u00e4len"}]},{"@type":"WebSite","@id":"https:\/\/sme-d.se\/#website","url":"https:\/\/sme-d.se\/","name":"SMITH","description":"The industry association for small and medium-sized enterprises (SMEs) in the Swedish defense sector","publisher":{"@id":"https:\/\/sme-d.se\/#organization"},"potentialAction":[{"@type":"SearchAction","target":{"@type":"EntryPoint","urlTemplate":"https:\/\/sme-d.se\/?s={search_term_string}"},"query-input":{"@type":"PropertyValueSpecification","valueRequired":true,"valueName":"search_term_string"}}],"inLanguage":"en-US"},{"@type":"Organization","@id":"https:\/\/sme-d.se\/#organization","name":"SMITH","url":"https:\/\/sme-d.se\/","logo":{"@type":"ImageObject","inLanguage":"en-US","@id":"https:\/\/sme-d.se\/#\/schema\/logo\/image\/","url":"https:\/\/sme-d.se\/wp-content\/uploads\/2023\/12\/SME-logga-ny2-1.png","contentUrl":"https:\/\/sme-d.se\/wp-content\/uploads\/2023\/12\/SME-logga-ny2-1.png","width":200,"height":58,"caption":"SME-D"},"image":{"@id":"https:\/\/sme-d.se\/#\/schema\/logo\/image\/"}},{"@type":"Person","@id":"https:\/\/sme-d.se\/#\/schema\/person\/643a10f983b385787d2918adf4e60ff8","name":"hamid.ershad@tebab.com","image":{"@type":"ImageObject","inLanguage":"en-US","@id":"https:\/\/secure.gravatar.com\/avatar\/a6b278cd0d3c3106f8f9591855817f81ee2cdcabe13d18be42aa40d1e8c57082?s=96&d=mm&r=g","url":"https:\/\/secure.gravatar.com\/avatar\/a6b278cd0d3c3106f8f9591855817f81ee2cdcabe13d18be42aa40d1e8c57082?s=96&d=mm&r=g","contentUrl":"https:\/\/secure.gravatar.com\/avatar\/a6b278cd0d3c3106f8f9591855817f81ee2cdcabe13d18be42aa40d1e8c57082?s=96&d=mm&r=g","caption":"hamid.ershad@tebab.com"},"url":"https:\/\/sme-d.se\/en\/author\/hamid-ershadtebab-com\/"}]}},"_links":{"self":[{"href":"https:\/\/sme-d.se\/en\/wp-json\/wp\/v2\/posts\/385243","targetHints":{"allow":["GET"]}}],"collection":[{"href":"https:\/\/sme-d.se\/en\/wp-json\/wp\/v2\/posts"}],"about":[{"href":"https:\/\/sme-d.se\/en\/wp-json\/wp\/v2\/types\/post"}],"author":[{"embeddable":true,"href":"https:\/\/sme-d.se\/en\/wp-json\/wp\/v2\/users\/2"}],"replies":[{"embeddable":true,"href":"https:\/\/sme-d.se\/en\/wp-json\/wp\/v2\/comments?post=385243"}],"version-history":[{"count":0,"href":"https:\/\/sme-d.se\/en\/wp-json\/wp\/v2\/posts\/385243\/revisions"}],"wp:featuredmedia":[{"embeddable":true,"href":"https:\/\/sme-d.se\/en\/wp-json\/"}],"wp:attachment":[{"href":"https:\/\/sme-d.se\/en\/wp-json\/wp\/v2\/media?parent=385243"}],"wp:term":[{"taxonomy":"category","embeddable":true,"href":"https:\/\/sme-d.se\/en\/wp-json\/wp\/v2\/categories?post=385243"},{"taxonomy":"post_tag","embeddable":true,"href":"https:\/\/sme-d.se\/en\/wp-json\/wp\/v2\/tags?post=385243"}],"curies":[{"name":"wp","href":"https:\/\/api.w.org\/{rel}","templated":true}]}}