{"id":370812,"date":"2016-12-19T10:07:40","date_gmt":"2016-12-19T09:07:40","guid":{"rendered":"http:\/\/www.sme-d.se\/?p=370812"},"modified":"2016-12-19T10:07:40","modified_gmt":"2016-12-19T09:07:40","slug":"nytt-forslag-forsvaret-tar-logistiken","status":"publish","type":"post","link":"https:\/\/sme-d.se\/en\/2016\/12\/nytt-forslag-forsvaret-tar-logistiken\/","title":{"rendered":"New proposal: Defense takes over logistics"},"content":{"rendered":"<p>DEFENSE. Responsibility for the operation and maintenance of equipment should be moved back to the Armed Forces, the government&#039;s investigators propose. The goal is to achieve clearer leadership and to provide better conditions for the combat units.<\/p>\n<p>The report is now being sent out for consultation and the government will then return to the Riksdag with a bill. Read more <a href=\"http:\/\/www.altinget.se\/sakerhet\/artikel\/nytt-forslag-forsvaret-tar-over-logistiken\" target=\"_blank\" rel=\"noopener\">here<\/a>.<\/p>","protected":false},"excerpt":{"rendered":"<p>DEFENSE. Responsibility for the operation and maintenance of equipment should be moved back to the Armed Forces, the government&#039;s investigator proposes. The goal is to achieve clearer leadership and to provide better conditions for the military units. The investigation is now being sent out for consultation and the government will then return to the Riksdag with a bill. Read more here.<\/p>","protected":false},"author":2,"featured_media":370835,"comment_status":"open","ping_status":"open","sticky":false,"template":"","format":"standard","meta":{"footnotes":""},"categories":[1],"tags":[],"class_list":["post-370812","post","type-post","status-publish","format-standard","has-post-thumbnail","hentry","category-okategoriserade"],"acf":[],"yoast_head":"<!-- This site is optimized with the Yoast SEO plugin v27.5 - https:\/\/yoast.com\/product\/yoast-seo-wordpress\/ -->\n<title>Nytt f\u00f6rslag: F\u00f6rsvaret tar \u00f6ver logistiken - SME-D<\/title>\n<meta name=\"robots\" content=\"index, follow, max-snippet:-1, max-image-preview:large, max-video-preview:-1\" \/>\n<link rel=\"canonical\" href=\"https:\/\/sme-d.se\/en\/2016\/12\/nytt-forslag-forsvaret-tar-logistiken\/\" \/>\n<meta property=\"og:locale\" content=\"en_US\" \/>\n<meta property=\"og:type\" content=\"article\" \/>\n<meta property=\"og:title\" content=\"Nytt f\u00f6rslag: F\u00f6rsvaret tar \u00f6ver logistiken - SME-D\" \/>\n<meta property=\"og:description\" content=\"F\u00d6RSVAR. Ansvaret f\u00f6r drift och underh\u00e5ll av materiel ska flyttas tillbaka till F\u00f6rsvarsmakten, f\u00f6resl\u00e5r regeringens utredare. M\u00e5let \u00e4r att f\u00e5 en tydligare ledning och att ge b\u00e4ttre f\u00f6ruts\u00e4ttningar f\u00f6r krigsf\u00f6rbanden. Utredningen skickas nu ut p\u00e5 remiss och d\u00e4refter ska regeringen \u00e5terkomma till riksdagen med ett lagf\u00f6rslag. L\u00e4s mer h\u00e4r.\" \/>\n<meta property=\"og:url\" content=\"https:\/\/sme-d.se\/en\/2016\/12\/nytt-forslag-forsvaret-tar-logistiken\/\" \/>\n<meta property=\"og:site_name\" content=\"SME-D\" \/>\n<meta property=\"article:published_time\" content=\"2016-12-19T09:07:40+00:00\" \/>\n<meta name=\"author\" content=\"hamid.ershad@tebab.com\" \/>\n<meta name=\"twitter:card\" content=\"summary_large_image\" \/>\n<meta name=\"twitter:label1\" content=\"Written by\" \/>\n\t<meta name=\"twitter:data1\" content=\"hamid.ershad@tebab.com\" \/>\n<script type=\"application\/ld+json\" class=\"yoast-schema-graph\">{\"@context\":\"https:\\\/\\\/schema.org\",\"@graph\":[{\"@type\":\"Article\",\"@id\":\"https:\\\/\\\/sme-d.se\\\/2016\\\/12\\\/nytt-forslag-forsvaret-tar-logistiken\\\/#article\",\"isPartOf\":{\"@id\":\"https:\\\/\\\/sme-d.se\\\/2016\\\/12\\\/nytt-forslag-forsvaret-tar-logistiken\\\/\"},\"author\":{\"name\":\"hamid.ershad@tebab.com\",\"@id\":\"https:\\\/\\\/sme-d.se\\\/#\\\/schema\\\/person\\\/643a10f983b385787d2918adf4e60ff8\"},\"headline\":\"Nytt f\u00f6rslag: F\u00f6rsvaret tar \u00f6ver logistiken\",\"datePublished\":\"2016-12-19T09:07:40+00:00\",\"mainEntityOfPage\":{\"@id\":\"https:\\\/\\\/sme-d.se\\\/2016\\\/12\\\/nytt-forslag-forsvaret-tar-logistiken\\\/\"},\"wordCount\":73,\"commentCount\":0,\"publisher\":{\"@id\":\"https:\\\/\\\/sme-d.se\\\/#organization\"},\"image\":{\"@id\":\"https:\\\/\\\/sme-d.se\\\/2016\\\/12\\\/nytt-forslag-forsvaret-tar-logistiken\\\/#primaryimage\"},\"thumbnailUrl\":\"\",\"articleSection\":[\"Okategoriserade\"],\"inLanguage\":\"en-US\",\"potentialAction\":[{\"@type\":\"CommentAction\",\"name\":\"Comment\",\"target\":[\"https:\\\/\\\/sme-d.se\\\/2016\\\/12\\\/nytt-forslag-forsvaret-tar-logistiken\\\/#respond\"]}]},{\"@type\":\"WebPage\",\"@id\":\"https:\\\/\\\/sme-d.se\\\/2016\\\/12\\\/nytt-forslag-forsvaret-tar-logistiken\\\/\",\"url\":\"https:\\\/\\\/sme-d.se\\\/2016\\\/12\\\/nytt-forslag-forsvaret-tar-logistiken\\\/\",\"name\":\"Nytt f\u00f6rslag: F\u00f6rsvaret tar \u00f6ver logistiken - SME-D\",\"isPartOf\":{\"@id\":\"https:\\\/\\\/sme-d.se\\\/#website\"},\"primaryImageOfPage\":{\"@id\":\"https:\\\/\\\/sme-d.se\\\/2016\\\/12\\\/nytt-forslag-forsvaret-tar-logistiken\\\/#primaryimage\"},\"image\":{\"@id\":\"https:\\\/\\\/sme-d.se\\\/2016\\\/12\\\/nytt-forslag-forsvaret-tar-logistiken\\\/#primaryimage\"},\"thumbnailUrl\":\"\",\"datePublished\":\"2016-12-19T09:07:40+00:00\",\"breadcrumb\":{\"@id\":\"https:\\\/\\\/sme-d.se\\\/2016\\\/12\\\/nytt-forslag-forsvaret-tar-logistiken\\\/#breadcrumb\"},\"inLanguage\":\"en-US\",\"potentialAction\":[{\"@type\":\"ReadAction\",\"target\":[\"https:\\\/\\\/sme-d.se\\\/2016\\\/12\\\/nytt-forslag-forsvaret-tar-logistiken\\\/\"]}]},{\"@type\":\"ImageObject\",\"inLanguage\":\"en-US\",\"@id\":\"https:\\\/\\\/sme-d.se\\\/2016\\\/12\\\/nytt-forslag-forsvaret-tar-logistiken\\\/#primaryimage\",\"url\":\"\",\"contentUrl\":\"\"},{\"@type\":\"BreadcrumbList\",\"@id\":\"https:\\\/\\\/sme-d.se\\\/2016\\\/12\\\/nytt-forslag-forsvaret-tar-logistiken\\\/#breadcrumb\",\"itemListElement\":[{\"@type\":\"ListItem\",\"position\":1,\"name\":\"Home\",\"item\":\"https:\\\/\\\/sme-d.se\\\/\"},{\"@type\":\"ListItem\",\"position\":2,\"name\":\"Nytt f\u00f6rslag: F\u00f6rsvaret tar \u00f6ver logistiken\"}]},{\"@type\":\"WebSite\",\"@id\":\"https:\\\/\\\/sme-d.se\\\/#website\",\"url\":\"https:\\\/\\\/sme-d.se\\\/\",\"name\":\"SME-D\",\"description\":\"Branschorganisationen f\u00f6r sm\u00e5 och medelstora f\u00f6retag (SME) inom svensk f\u00f6rsvarssektor\",\"publisher\":{\"@id\":\"https:\\\/\\\/sme-d.se\\\/#organization\"},\"potentialAction\":[{\"@type\":\"SearchAction\",\"target\":{\"@type\":\"EntryPoint\",\"urlTemplate\":\"https:\\\/\\\/sme-d.se\\\/?s={search_term_string}\"},\"query-input\":{\"@type\":\"PropertyValueSpecification\",\"valueRequired\":true,\"valueName\":\"search_term_string\"}}],\"inLanguage\":\"en-US\"},{\"@type\":\"Organization\",\"@id\":\"https:\\\/\\\/sme-d.se\\\/#organization\",\"name\":\"SME-D\",\"url\":\"https:\\\/\\\/sme-d.se\\\/\",\"logo\":{\"@type\":\"ImageObject\",\"inLanguage\":\"en-US\",\"@id\":\"https:\\\/\\\/sme-d.se\\\/#\\\/schema\\\/logo\\\/image\\\/\",\"url\":\"https:\\\/\\\/sme-d.se\\\/wp-content\\\/uploads\\\/2023\\\/12\\\/SME-logga-ny2-1.png\",\"contentUrl\":\"https:\\\/\\\/sme-d.se\\\/wp-content\\\/uploads\\\/2023\\\/12\\\/SME-logga-ny2-1.png\",\"width\":200,\"height\":58,\"caption\":\"SME-D\"},\"image\":{\"@id\":\"https:\\\/\\\/sme-d.se\\\/#\\\/schema\\\/logo\\\/image\\\/\"}},{\"@type\":\"Person\",\"@id\":\"https:\\\/\\\/sme-d.se\\\/#\\\/schema\\\/person\\\/643a10f983b385787d2918adf4e60ff8\",\"name\":\"hamid.ershad@tebab.com\",\"image\":{\"@type\":\"ImageObject\",\"inLanguage\":\"en-US\",\"@id\":\"https:\\\/\\\/secure.gravatar.com\\\/avatar\\\/a6b278cd0d3c3106f8f9591855817f81ee2cdcabe13d18be42aa40d1e8c57082?s=96&d=mm&r=g\",\"url\":\"https:\\\/\\\/secure.gravatar.com\\\/avatar\\\/a6b278cd0d3c3106f8f9591855817f81ee2cdcabe13d18be42aa40d1e8c57082?s=96&d=mm&r=g\",\"contentUrl\":\"https:\\\/\\\/secure.gravatar.com\\\/avatar\\\/a6b278cd0d3c3106f8f9591855817f81ee2cdcabe13d18be42aa40d1e8c57082?s=96&d=mm&r=g\",\"caption\":\"hamid.ershad@tebab.com\"},\"url\":\"https:\\\/\\\/sme-d.se\\\/en\\\/author\\\/hamid-ershadtebab-com\\\/\"}]}<\/script>\n<!-- \/ Yoast SEO plugin. -->","yoast_head_json":{"title":"New proposal: Defense takes over logistics - SME-D","robots":{"index":"index","follow":"follow","max-snippet":"max-snippet:-1","max-image-preview":"max-image-preview:large","max-video-preview":"max-video-preview:-1"},"canonical":"https:\/\/sme-d.se\/en\/2016\/12\/nytt-forslag-forsvaret-tar-logistiken\/","og_locale":"en_US","og_type":"article","og_title":"Nytt f\u00f6rslag: F\u00f6rsvaret tar \u00f6ver logistiken - SME-D","og_description":"F\u00d6RSVAR. Ansvaret f\u00f6r drift och underh\u00e5ll av materiel ska flyttas tillbaka till F\u00f6rsvarsmakten, f\u00f6resl\u00e5r regeringens utredare. M\u00e5let \u00e4r att f\u00e5 en tydligare ledning och att ge b\u00e4ttre f\u00f6ruts\u00e4ttningar f\u00f6r krigsf\u00f6rbanden. Utredningen skickas nu ut p\u00e5 remiss och d\u00e4refter ska regeringen \u00e5terkomma till riksdagen med ett lagf\u00f6rslag. L\u00e4s mer h\u00e4r.","og_url":"https:\/\/sme-d.se\/en\/2016\/12\/nytt-forslag-forsvaret-tar-logistiken\/","og_site_name":"SME-D","article_published_time":"2016-12-19T09:07:40+00:00","author":"hamid.ershad@tebab.com","twitter_card":"summary_large_image","twitter_misc":{"Written by":"hamid.ershad@tebab.com"},"schema":{"@context":"https:\/\/schema.org","@graph":[{"@type":"Article","@id":"https:\/\/sme-d.se\/2016\/12\/nytt-forslag-forsvaret-tar-logistiken\/#article","isPartOf":{"@id":"https:\/\/sme-d.se\/2016\/12\/nytt-forslag-forsvaret-tar-logistiken\/"},"author":{"name":"hamid.ershad@tebab.com","@id":"https:\/\/sme-d.se\/#\/schema\/person\/643a10f983b385787d2918adf4e60ff8"},"headline":"Nytt f\u00f6rslag: F\u00f6rsvaret tar \u00f6ver logistiken","datePublished":"2016-12-19T09:07:40+00:00","mainEntityOfPage":{"@id":"https:\/\/sme-d.se\/2016\/12\/nytt-forslag-forsvaret-tar-logistiken\/"},"wordCount":73,"commentCount":0,"publisher":{"@id":"https:\/\/sme-d.se\/#organization"},"image":{"@id":"https:\/\/sme-d.se\/2016\/12\/nytt-forslag-forsvaret-tar-logistiken\/#primaryimage"},"thumbnailUrl":"","articleSection":["Okategoriserade"],"inLanguage":"en-US","potentialAction":[{"@type":"CommentAction","name":"Comment","target":["https:\/\/sme-d.se\/2016\/12\/nytt-forslag-forsvaret-tar-logistiken\/#respond"]}]},{"@type":"WebPage","@id":"https:\/\/sme-d.se\/2016\/12\/nytt-forslag-forsvaret-tar-logistiken\/","url":"https:\/\/sme-d.se\/2016\/12\/nytt-forslag-forsvaret-tar-logistiken\/","name":"New proposal: Defense takes over logistics - SME-D","isPartOf":{"@id":"https:\/\/sme-d.se\/#website"},"primaryImageOfPage":{"@id":"https:\/\/sme-d.se\/2016\/12\/nytt-forslag-forsvaret-tar-logistiken\/#primaryimage"},"image":{"@id":"https:\/\/sme-d.se\/2016\/12\/nytt-forslag-forsvaret-tar-logistiken\/#primaryimage"},"thumbnailUrl":"","datePublished":"2016-12-19T09:07:40+00:00","breadcrumb":{"@id":"https:\/\/sme-d.se\/2016\/12\/nytt-forslag-forsvaret-tar-logistiken\/#breadcrumb"},"inLanguage":"en-US","potentialAction":[{"@type":"ReadAction","target":["https:\/\/sme-d.se\/2016\/12\/nytt-forslag-forsvaret-tar-logistiken\/"]}]},{"@type":"ImageObject","inLanguage":"en-US","@id":"https:\/\/sme-d.se\/2016\/12\/nytt-forslag-forsvaret-tar-logistiken\/#primaryimage","url":"","contentUrl":""},{"@type":"BreadcrumbList","@id":"https:\/\/sme-d.se\/2016\/12\/nytt-forslag-forsvaret-tar-logistiken\/#breadcrumb","itemListElement":[{"@type":"ListItem","position":1,"name":"Home","item":"https:\/\/sme-d.se\/"},{"@type":"ListItem","position":2,"name":"Nytt f\u00f6rslag: F\u00f6rsvaret tar \u00f6ver logistiken"}]},{"@type":"WebSite","@id":"https:\/\/sme-d.se\/#website","url":"https:\/\/sme-d.se\/","name":"SMITH","description":"The industry association for small and medium-sized enterprises (SMEs) in the Swedish defense sector","publisher":{"@id":"https:\/\/sme-d.se\/#organization"},"potentialAction":[{"@type":"SearchAction","target":{"@type":"EntryPoint","urlTemplate":"https:\/\/sme-d.se\/?s={search_term_string}"},"query-input":{"@type":"PropertyValueSpecification","valueRequired":true,"valueName":"search_term_string"}}],"inLanguage":"en-US"},{"@type":"Organization","@id":"https:\/\/sme-d.se\/#organization","name":"SMITH","url":"https:\/\/sme-d.se\/","logo":{"@type":"ImageObject","inLanguage":"en-US","@id":"https:\/\/sme-d.se\/#\/schema\/logo\/image\/","url":"https:\/\/sme-d.se\/wp-content\/uploads\/2023\/12\/SME-logga-ny2-1.png","contentUrl":"https:\/\/sme-d.se\/wp-content\/uploads\/2023\/12\/SME-logga-ny2-1.png","width":200,"height":58,"caption":"SME-D"},"image":{"@id":"https:\/\/sme-d.se\/#\/schema\/logo\/image\/"}},{"@type":"Person","@id":"https:\/\/sme-d.se\/#\/schema\/person\/643a10f983b385787d2918adf4e60ff8","name":"hamid.ershad@tebab.com","image":{"@type":"ImageObject","inLanguage":"en-US","@id":"https:\/\/secure.gravatar.com\/avatar\/a6b278cd0d3c3106f8f9591855817f81ee2cdcabe13d18be42aa40d1e8c57082?s=96&d=mm&r=g","url":"https:\/\/secure.gravatar.com\/avatar\/a6b278cd0d3c3106f8f9591855817f81ee2cdcabe13d18be42aa40d1e8c57082?s=96&d=mm&r=g","contentUrl":"https:\/\/secure.gravatar.com\/avatar\/a6b278cd0d3c3106f8f9591855817f81ee2cdcabe13d18be42aa40d1e8c57082?s=96&d=mm&r=g","caption":"hamid.ershad@tebab.com"},"url":"https:\/\/sme-d.se\/en\/author\/hamid-ershadtebab-com\/"}]}},"_links":{"self":[{"href":"https:\/\/sme-d.se\/en\/wp-json\/wp\/v2\/posts\/370812","targetHints":{"allow":["GET"]}}],"collection":[{"href":"https:\/\/sme-d.se\/en\/wp-json\/wp\/v2\/posts"}],"about":[{"href":"https:\/\/sme-d.se\/en\/wp-json\/wp\/v2\/types\/post"}],"author":[{"embeddable":true,"href":"https:\/\/sme-d.se\/en\/wp-json\/wp\/v2\/users\/2"}],"replies":[{"embeddable":true,"href":"https:\/\/sme-d.se\/en\/wp-json\/wp\/v2\/comments?post=370812"}],"version-history":[{"count":0,"href":"https:\/\/sme-d.se\/en\/wp-json\/wp\/v2\/posts\/370812\/revisions"}],"wp:featuredmedia":[{"embeddable":true,"href":"https:\/\/sme-d.se\/en\/wp-json\/"}],"wp:attachment":[{"href":"https:\/\/sme-d.se\/en\/wp-json\/wp\/v2\/media?parent=370812"}],"wp:term":[{"taxonomy":"category","embeddable":true,"href":"https:\/\/sme-d.se\/en\/wp-json\/wp\/v2\/categories?post=370812"},{"taxonomy":"post_tag","embeddable":true,"href":"https:\/\/sme-d.se\/en\/wp-json\/wp\/v2\/tags?post=370812"}],"curies":[{"name":"wp","href":"https:\/\/api.w.org\/{rel}","templated":true}]}}