{"id":152653,"date":"2016-04-28T16:35:36","date_gmt":"2016-04-28T14:35:36","guid":{"rendered":"http:\/\/www.sme-d.se\/?p=152653"},"modified":"2016-04-28T16:35:36","modified_gmt":"2016-04-28T14:35:36","slug":"forsvarsministerns-pressekreterare-medverkade-pa-sme-ds-varmote","status":"publish","type":"post","link":"https:\/\/sme-d.se\/en\/2016\/04\/forsvarsministerns-pressekreterare-medverkade-pa-sme-ds-varmote\/","title":{"rendered":"The Minister of Defense&#039;s press secretary participated in the SME-D annual meeting"},"content":{"rendered":"<p>It was an interesting and inspiring annual meeting. 12 member companies were represented and had the opportunity to meet the Minister of Defense&#039;s press secretary, Marinette Nyh Radebo.<\/p>\n<p>There was also an opportunity to mingle with beer and sandwiches.<\/p>","protected":false},"excerpt":{"rendered":"<p>It was an interesting and inspiring annual meeting. 12 member companies were represented and had the opportunity to meet the Minister of Defense&#039;s press secretary, Marinette Nyh Radebo. There was also an opportunity to mingle with beer and sandwiches.<\/p>","protected":false},"author":2,"featured_media":152674,"comment_status":"open","ping_status":"open","sticky":false,"template":"","format":"standard","meta":{"footnotes":""},"categories":[1],"tags":[],"class_list":["post-152653","post","type-post","status-publish","format-standard","has-post-thumbnail","hentry","category-okategoriserade"],"acf":[],"yoast_head":"<!-- This site is optimized with the Yoast SEO plugin v27.5 - https:\/\/yoast.com\/product\/yoast-seo-wordpress\/ -->\n<title>F\u00f6rsvarsministerns pressekreterare medverkade p\u00e5 SME-Ds \u00e5rsm\u00f6te - SME-D<\/title>\n<meta name=\"robots\" content=\"index, follow, max-snippet:-1, max-image-preview:large, max-video-preview:-1\" \/>\n<link rel=\"canonical\" href=\"https:\/\/sme-d.se\/en\/2016\/04\/forsvarsministerns-pressekreterare-medverkade-pa-sme-ds-varmote\/\" \/>\n<meta property=\"og:locale\" content=\"en_US\" \/>\n<meta property=\"og:type\" content=\"article\" \/>\n<meta property=\"og:title\" content=\"F\u00f6rsvarsministerns pressekreterare medverkade p\u00e5 SME-Ds \u00e5rsm\u00f6te - SME-D\" \/>\n<meta property=\"og:description\" content=\"Det var ett intressant och inspirerande \u00e5rsm\u00f6te. 12 medlemsf\u00f6retag var representerade och fick m\u00f6jlighet att tr\u00e4ffa f\u00f6rsvarsministerns pressekreterare, Marinette Nyh Radebo. Det fanns \u00e4ven tillf\u00e4lle f\u00f6r mingel med \u00f6l och sm\u00f6rg\u00e5s.\" \/>\n<meta property=\"og:url\" content=\"https:\/\/sme-d.se\/en\/2016\/04\/forsvarsministerns-pressekreterare-medverkade-pa-sme-ds-varmote\/\" \/>\n<meta property=\"og:site_name\" content=\"SME-D\" \/>\n<meta property=\"article:published_time\" content=\"2016-04-28T14:35:36+00:00\" \/>\n<meta name=\"author\" content=\"hamid.ershad@tebab.com\" \/>\n<meta name=\"twitter:card\" content=\"summary_large_image\" \/>\n<meta name=\"twitter:label1\" content=\"Written by\" \/>\n\t<meta name=\"twitter:data1\" content=\"hamid.ershad@tebab.com\" \/>\n<script type=\"application\/ld+json\" class=\"yoast-schema-graph\">{\"@context\":\"https:\\\/\\\/schema.org\",\"@graph\":[{\"@type\":\"Article\",\"@id\":\"https:\\\/\\\/sme-d.se\\\/2016\\\/04\\\/forsvarsministerns-pressekreterare-medverkade-pa-sme-ds-varmote\\\/#article\",\"isPartOf\":{\"@id\":\"https:\\\/\\\/sme-d.se\\\/2016\\\/04\\\/forsvarsministerns-pressekreterare-medverkade-pa-sme-ds-varmote\\\/\"},\"author\":{\"name\":\"hamid.ershad@tebab.com\",\"@id\":\"https:\\\/\\\/sme-d.se\\\/#\\\/schema\\\/person\\\/643a10f983b385787d2918adf4e60ff8\"},\"headline\":\"F\u00f6rsvarsministerns pressekreterare medverkade p\u00e5 SME-Ds \u00e5rsm\u00f6te\",\"datePublished\":\"2016-04-28T14:35:36+00:00\",\"mainEntityOfPage\":{\"@id\":\"https:\\\/\\\/sme-d.se\\\/2016\\\/04\\\/forsvarsministerns-pressekreterare-medverkade-pa-sme-ds-varmote\\\/\"},\"wordCount\":47,\"commentCount\":0,\"publisher\":{\"@id\":\"https:\\\/\\\/sme-d.se\\\/#organization\"},\"image\":{\"@id\":\"https:\\\/\\\/sme-d.se\\\/2016\\\/04\\\/forsvarsministerns-pressekreterare-medverkade-pa-sme-ds-varmote\\\/#primaryimage\"},\"thumbnailUrl\":\"\",\"articleSection\":[\"Okategoriserade\"],\"inLanguage\":\"en-US\",\"potentialAction\":[{\"@type\":\"CommentAction\",\"name\":\"Comment\",\"target\":[\"https:\\\/\\\/sme-d.se\\\/2016\\\/04\\\/forsvarsministerns-pressekreterare-medverkade-pa-sme-ds-varmote\\\/#respond\"]}]},{\"@type\":\"WebPage\",\"@id\":\"https:\\\/\\\/sme-d.se\\\/2016\\\/04\\\/forsvarsministerns-pressekreterare-medverkade-pa-sme-ds-varmote\\\/\",\"url\":\"https:\\\/\\\/sme-d.se\\\/2016\\\/04\\\/forsvarsministerns-pressekreterare-medverkade-pa-sme-ds-varmote\\\/\",\"name\":\"F\u00f6rsvarsministerns pressekreterare medverkade p\u00e5 SME-Ds \u00e5rsm\u00f6te - SME-D\",\"isPartOf\":{\"@id\":\"https:\\\/\\\/sme-d.se\\\/#website\"},\"primaryImageOfPage\":{\"@id\":\"https:\\\/\\\/sme-d.se\\\/2016\\\/04\\\/forsvarsministerns-pressekreterare-medverkade-pa-sme-ds-varmote\\\/#primaryimage\"},\"image\":{\"@id\":\"https:\\\/\\\/sme-d.se\\\/2016\\\/04\\\/forsvarsministerns-pressekreterare-medverkade-pa-sme-ds-varmote\\\/#primaryimage\"},\"thumbnailUrl\":\"\",\"datePublished\":\"2016-04-28T14:35:36+00:00\",\"breadcrumb\":{\"@id\":\"https:\\\/\\\/sme-d.se\\\/2016\\\/04\\\/forsvarsministerns-pressekreterare-medverkade-pa-sme-ds-varmote\\\/#breadcrumb\"},\"inLanguage\":\"en-US\",\"potentialAction\":[{\"@type\":\"ReadAction\",\"target\":[\"https:\\\/\\\/sme-d.se\\\/2016\\\/04\\\/forsvarsministerns-pressekreterare-medverkade-pa-sme-ds-varmote\\\/\"]}]},{\"@type\":\"ImageObject\",\"inLanguage\":\"en-US\",\"@id\":\"https:\\\/\\\/sme-d.se\\\/2016\\\/04\\\/forsvarsministerns-pressekreterare-medverkade-pa-sme-ds-varmote\\\/#primaryimage\",\"url\":\"\",\"contentUrl\":\"\"},{\"@type\":\"BreadcrumbList\",\"@id\":\"https:\\\/\\\/sme-d.se\\\/2016\\\/04\\\/forsvarsministerns-pressekreterare-medverkade-pa-sme-ds-varmote\\\/#breadcrumb\",\"itemListElement\":[{\"@type\":\"ListItem\",\"position\":1,\"name\":\"Home\",\"item\":\"https:\\\/\\\/sme-d.se\\\/\"},{\"@type\":\"ListItem\",\"position\":2,\"name\":\"F\u00f6rsvarsministerns pressekreterare medverkade p\u00e5 SME-Ds \u00e5rsm\u00f6te\"}]},{\"@type\":\"WebSite\",\"@id\":\"https:\\\/\\\/sme-d.se\\\/#website\",\"url\":\"https:\\\/\\\/sme-d.se\\\/\",\"name\":\"SME-D\",\"description\":\"Branschorganisationen f\u00f6r sm\u00e5 och medelstora f\u00f6retag (SME) inom svensk f\u00f6rsvarssektor\",\"publisher\":{\"@id\":\"https:\\\/\\\/sme-d.se\\\/#organization\"},\"potentialAction\":[{\"@type\":\"SearchAction\",\"target\":{\"@type\":\"EntryPoint\",\"urlTemplate\":\"https:\\\/\\\/sme-d.se\\\/?s={search_term_string}\"},\"query-input\":{\"@type\":\"PropertyValueSpecification\",\"valueRequired\":true,\"valueName\":\"search_term_string\"}}],\"inLanguage\":\"en-US\"},{\"@type\":\"Organization\",\"@id\":\"https:\\\/\\\/sme-d.se\\\/#organization\",\"name\":\"SME-D\",\"url\":\"https:\\\/\\\/sme-d.se\\\/\",\"logo\":{\"@type\":\"ImageObject\",\"inLanguage\":\"en-US\",\"@id\":\"https:\\\/\\\/sme-d.se\\\/#\\\/schema\\\/logo\\\/image\\\/\",\"url\":\"https:\\\/\\\/sme-d.se\\\/wp-content\\\/uploads\\\/2023\\\/12\\\/SME-logga-ny2-1.png\",\"contentUrl\":\"https:\\\/\\\/sme-d.se\\\/wp-content\\\/uploads\\\/2023\\\/12\\\/SME-logga-ny2-1.png\",\"width\":200,\"height\":58,\"caption\":\"SME-D\"},\"image\":{\"@id\":\"https:\\\/\\\/sme-d.se\\\/#\\\/schema\\\/logo\\\/image\\\/\"}},{\"@type\":\"Person\",\"@id\":\"https:\\\/\\\/sme-d.se\\\/#\\\/schema\\\/person\\\/643a10f983b385787d2918adf4e60ff8\",\"name\":\"hamid.ershad@tebab.com\",\"image\":{\"@type\":\"ImageObject\",\"inLanguage\":\"en-US\",\"@id\":\"https:\\\/\\\/secure.gravatar.com\\\/avatar\\\/a6b278cd0d3c3106f8f9591855817f81ee2cdcabe13d18be42aa40d1e8c57082?s=96&d=mm&r=g\",\"url\":\"https:\\\/\\\/secure.gravatar.com\\\/avatar\\\/a6b278cd0d3c3106f8f9591855817f81ee2cdcabe13d18be42aa40d1e8c57082?s=96&d=mm&r=g\",\"contentUrl\":\"https:\\\/\\\/secure.gravatar.com\\\/avatar\\\/a6b278cd0d3c3106f8f9591855817f81ee2cdcabe13d18be42aa40d1e8c57082?s=96&d=mm&r=g\",\"caption\":\"hamid.ershad@tebab.com\"},\"url\":\"https:\\\/\\\/sme-d.se\\\/en\\\/author\\\/hamid-ershadtebab-com\\\/\"}]}<\/script>\n<!-- \/ Yoast SEO plugin. -->","yoast_head_json":{"title":"The Minister of Defense&#039;s press secretary participated in SME-D&#039;s annual meeting - SME-D","robots":{"index":"index","follow":"follow","max-snippet":"max-snippet:-1","max-image-preview":"max-image-preview:large","max-video-preview":"max-video-preview:-1"},"canonical":"https:\/\/sme-d.se\/en\/2016\/04\/forsvarsministerns-pressekreterare-medverkade-pa-sme-ds-varmote\/","og_locale":"en_US","og_type":"article","og_title":"F\u00f6rsvarsministerns pressekreterare medverkade p\u00e5 SME-Ds \u00e5rsm\u00f6te - SME-D","og_description":"Det var ett intressant och inspirerande \u00e5rsm\u00f6te. 12 medlemsf\u00f6retag var representerade och fick m\u00f6jlighet att tr\u00e4ffa f\u00f6rsvarsministerns pressekreterare, Marinette Nyh Radebo. Det fanns \u00e4ven tillf\u00e4lle f\u00f6r mingel med \u00f6l och sm\u00f6rg\u00e5s.","og_url":"https:\/\/sme-d.se\/en\/2016\/04\/forsvarsministerns-pressekreterare-medverkade-pa-sme-ds-varmote\/","og_site_name":"SME-D","article_published_time":"2016-04-28T14:35:36+00:00","author":"hamid.ershad@tebab.com","twitter_card":"summary_large_image","twitter_misc":{"Written by":"hamid.ershad@tebab.com"},"schema":{"@context":"https:\/\/schema.org","@graph":[{"@type":"Article","@id":"https:\/\/sme-d.se\/2016\/04\/forsvarsministerns-pressekreterare-medverkade-pa-sme-ds-varmote\/#article","isPartOf":{"@id":"https:\/\/sme-d.se\/2016\/04\/forsvarsministerns-pressekreterare-medverkade-pa-sme-ds-varmote\/"},"author":{"name":"hamid.ershad@tebab.com","@id":"https:\/\/sme-d.se\/#\/schema\/person\/643a10f983b385787d2918adf4e60ff8"},"headline":"F\u00f6rsvarsministerns pressekreterare medverkade p\u00e5 SME-Ds \u00e5rsm\u00f6te","datePublished":"2016-04-28T14:35:36+00:00","mainEntityOfPage":{"@id":"https:\/\/sme-d.se\/2016\/04\/forsvarsministerns-pressekreterare-medverkade-pa-sme-ds-varmote\/"},"wordCount":47,"commentCount":0,"publisher":{"@id":"https:\/\/sme-d.se\/#organization"},"image":{"@id":"https:\/\/sme-d.se\/2016\/04\/forsvarsministerns-pressekreterare-medverkade-pa-sme-ds-varmote\/#primaryimage"},"thumbnailUrl":"","articleSection":["Okategoriserade"],"inLanguage":"en-US","potentialAction":[{"@type":"CommentAction","name":"Comment","target":["https:\/\/sme-d.se\/2016\/04\/forsvarsministerns-pressekreterare-medverkade-pa-sme-ds-varmote\/#respond"]}]},{"@type":"WebPage","@id":"https:\/\/sme-d.se\/2016\/04\/forsvarsministerns-pressekreterare-medverkade-pa-sme-ds-varmote\/","url":"https:\/\/sme-d.se\/2016\/04\/forsvarsministerns-pressekreterare-medverkade-pa-sme-ds-varmote\/","name":"The Minister of Defense&#039;s press secretary participated in SME-D&#039;s annual meeting - SME-D","isPartOf":{"@id":"https:\/\/sme-d.se\/#website"},"primaryImageOfPage":{"@id":"https:\/\/sme-d.se\/2016\/04\/forsvarsministerns-pressekreterare-medverkade-pa-sme-ds-varmote\/#primaryimage"},"image":{"@id":"https:\/\/sme-d.se\/2016\/04\/forsvarsministerns-pressekreterare-medverkade-pa-sme-ds-varmote\/#primaryimage"},"thumbnailUrl":"","datePublished":"2016-04-28T14:35:36+00:00","breadcrumb":{"@id":"https:\/\/sme-d.se\/2016\/04\/forsvarsministerns-pressekreterare-medverkade-pa-sme-ds-varmote\/#breadcrumb"},"inLanguage":"en-US","potentialAction":[{"@type":"ReadAction","target":["https:\/\/sme-d.se\/2016\/04\/forsvarsministerns-pressekreterare-medverkade-pa-sme-ds-varmote\/"]}]},{"@type":"ImageObject","inLanguage":"en-US","@id":"https:\/\/sme-d.se\/2016\/04\/forsvarsministerns-pressekreterare-medverkade-pa-sme-ds-varmote\/#primaryimage","url":"","contentUrl":""},{"@type":"BreadcrumbList","@id":"https:\/\/sme-d.se\/2016\/04\/forsvarsministerns-pressekreterare-medverkade-pa-sme-ds-varmote\/#breadcrumb","itemListElement":[{"@type":"ListItem","position":1,"name":"Home","item":"https:\/\/sme-d.se\/"},{"@type":"ListItem","position":2,"name":"F\u00f6rsvarsministerns pressekreterare medverkade p\u00e5 SME-Ds \u00e5rsm\u00f6te"}]},{"@type":"WebSite","@id":"https:\/\/sme-d.se\/#website","url":"https:\/\/sme-d.se\/","name":"SMITH","description":"The industry association for small and medium-sized enterprises (SMEs) in the Swedish defense sector","publisher":{"@id":"https:\/\/sme-d.se\/#organization"},"potentialAction":[{"@type":"SearchAction","target":{"@type":"EntryPoint","urlTemplate":"https:\/\/sme-d.se\/?s={search_term_string}"},"query-input":{"@type":"PropertyValueSpecification","valueRequired":true,"valueName":"search_term_string"}}],"inLanguage":"en-US"},{"@type":"Organization","@id":"https:\/\/sme-d.se\/#organization","name":"SMITH","url":"https:\/\/sme-d.se\/","logo":{"@type":"ImageObject","inLanguage":"en-US","@id":"https:\/\/sme-d.se\/#\/schema\/logo\/image\/","url":"https:\/\/sme-d.se\/wp-content\/uploads\/2023\/12\/SME-logga-ny2-1.png","contentUrl":"https:\/\/sme-d.se\/wp-content\/uploads\/2023\/12\/SME-logga-ny2-1.png","width":200,"height":58,"caption":"SME-D"},"image":{"@id":"https:\/\/sme-d.se\/#\/schema\/logo\/image\/"}},{"@type":"Person","@id":"https:\/\/sme-d.se\/#\/schema\/person\/643a10f983b385787d2918adf4e60ff8","name":"hamid.ershad@tebab.com","image":{"@type":"ImageObject","inLanguage":"en-US","@id":"https:\/\/secure.gravatar.com\/avatar\/a6b278cd0d3c3106f8f9591855817f81ee2cdcabe13d18be42aa40d1e8c57082?s=96&d=mm&r=g","url":"https:\/\/secure.gravatar.com\/avatar\/a6b278cd0d3c3106f8f9591855817f81ee2cdcabe13d18be42aa40d1e8c57082?s=96&d=mm&r=g","contentUrl":"https:\/\/secure.gravatar.com\/avatar\/a6b278cd0d3c3106f8f9591855817f81ee2cdcabe13d18be42aa40d1e8c57082?s=96&d=mm&r=g","caption":"hamid.ershad@tebab.com"},"url":"https:\/\/sme-d.se\/en\/author\/hamid-ershadtebab-com\/"}]}},"_links":{"self":[{"href":"https:\/\/sme-d.se\/en\/wp-json\/wp\/v2\/posts\/152653","targetHints":{"allow":["GET"]}}],"collection":[{"href":"https:\/\/sme-d.se\/en\/wp-json\/wp\/v2\/posts"}],"about":[{"href":"https:\/\/sme-d.se\/en\/wp-json\/wp\/v2\/types\/post"}],"author":[{"embeddable":true,"href":"https:\/\/sme-d.se\/en\/wp-json\/wp\/v2\/users\/2"}],"replies":[{"embeddable":true,"href":"https:\/\/sme-d.se\/en\/wp-json\/wp\/v2\/comments?post=152653"}],"version-history":[{"count":0,"href":"https:\/\/sme-d.se\/en\/wp-json\/wp\/v2\/posts\/152653\/revisions"}],"wp:featuredmedia":[{"embeddable":true,"href":"https:\/\/sme-d.se\/en\/wp-json\/"}],"wp:attachment":[{"href":"https:\/\/sme-d.se\/en\/wp-json\/wp\/v2\/media?parent=152653"}],"wp:term":[{"taxonomy":"category","embeddable":true,"href":"https:\/\/sme-d.se\/en\/wp-json\/wp\/v2\/categories?post=152653"},{"taxonomy":"post_tag","embeddable":true,"href":"https:\/\/sme-d.se\/en\/wp-json\/wp\/v2\/tags?post=152653"}],"curies":[{"name":"wp","href":"https:\/\/api.w.org\/{rel}","templated":true}]}}